{"id":102086,"date":"2025-12-02T09:44:12","date_gmt":"2025-12-02T09:44:12","guid":{"rendered":"https:\/\/www.europesays.com\/no\/102086\/"},"modified":"2025-12-02T09:44:12","modified_gmt":"2025-12-02T09:44:12","slug":"for-fa-okonomer-onsker-a-jobbe-ved-ntnu","status":"publish","type":"post","link":"https:\/\/www.europesays.com\/no\/102086\/","title":{"rendered":"For f\u00e5 \u00f8konomer \u00f8nsker \u00e5 jobbe ved NTNU"},"content":{"rendered":"<p>    &#8211; Vi opplever at det er stor konkurranse om \u00f8konomer, sier Erik Lunde, seniorr\u00e5dgiver HR og HMS ved AD-fakultetet. Organisasjonsdirekt\u00f8r Bj\u00f8rn Haugstad\u00a0vil vurdere om bedre l\u00f8nn kan hjelpe p\u00e5 rekrutteringen.<\/p>\n<p>\n        Konkurransedyktig l\u00f8nn spiller en rolle, for \u00e5 f\u00e5 gode \u00f8konomer p\u00e5 plass, sier Erik Lunde, seniorr\u00e5dgiver HR og HMS ved AD-fakultetet<br \/>\n        Foto: Privat\n    <\/p>\n<p>Mange fakulteter ved NTNU melder at de har problemer med \u00e5 f\u00e5 ansatt \u00f8konomer. Dette er i en tid der NTNU sliter med \u00f8konomien, og fakultetene har sterke behov for \u00e5 f\u00e5 sin \u00f8konomi i balanse.\u00a0<\/p>\n<p>Fakultet for arkitektur og design (AD-fakultetet) er blant fakultetene som opplever at det er stor konkurranse om \u00f8konomer.\u00a0<\/p>\n<p>&#8211; Vi jobber med tiltak for \u00e5 b\u00e5de rekruttere og beholde dem. Konkurransedyktig l\u00f8nn spiller en rolle, men vi jobber ogs\u00e5 med utviklingsmuligheter for den enkelte, og \u00e5 bygge attraktive fagmilj\u00f8, sier Erik Lunde, seniorr\u00e5dgiver HR og HMS ved AD-fakultetet.<\/p>\n<p>&#8211; Vi opplever at det er t\u00f8ff konkurranse om \u00f8konomer, sier Merete Thorsvik, seksjonssjef HR p\u00e5 Fakultet for samfunns- og utdanningsvitenskap (SU-fakultetet).\u00a0<\/p>\n<p>                <img decoding=\"async\" src=\"https:\/\/www.europesays.com\/no\/wp-content\/uploads\/2025\/12\/444938.webp\" width=\"480\" height=\"456\" title=\"Merete Thorsvik ved SU-fakultetet forteller om t\u00f8ff konkurranse.\" alt=\"\" loading=\"lazy\" style=\"\"\/><\/p>\n<p>\n            Merete Thorsvik ved SU-fakultetet forteller om t\u00f8ff konkurranse.<br \/>\n            Foto: NTNU\n        <\/p>\n<p>Hun tilf\u00f8yer at SU-fakultetet forel\u00f8pig har f\u00e5tt besatt alle stillinger.<\/p>\n<p>Mangel p\u00e5 erfarne s\u00f8kere<\/p>\n<p>Fellesadministrasjonen sliter ogs\u00e5 med \u00e5 f\u00e5 ansatt nok erfarne \u00f8konomer.<\/p>\n<p>&#8211; Enkelte fagstillinger kan v\u00e6re utfordrende \u00e5 f\u00e5 besatt, for eksempel \u00f8konomistillinger, som controller p\u00e5 seniorr\u00e5dgiverniv\u00e5 og erfarne jurister, sier seniorr\u00e5dgiver Frode Thuv Knudsen i i Fellesadministrasjonens HR-avdeling.<\/p>\n<p>Det humanistiske fakultet (HF-fakultetet) har ogs\u00e5 utfordringer p\u00e5 dette omr\u00e5det.\u00a0<\/p>\n<p>&#8211; Vi merker at det er vanskelig \u00e5 rekruttere prosjekt\u00f8konomer. Det kommer ofte mange svakt kvalifiserte s\u00f8kere, og det er stor intern konkurranse om de ansatte vi har per dags dato, sier Christen Torvik, HR- og HMS-sjef ved HF.\u00a0<\/p>\n<p>                <img decoding=\"async\" src=\"https:\/\/www.europesays.com\/no\/wp-content\/uploads\/2025\/12\/444405.webp\" width=\"480\" height=\"437\" title=\"Christen Torvik ved HF forteller om svakt kvalifiserte s\u00f8kere.\" alt=\"\" loading=\"lazy\" style=\"\"\/><\/p>\n<p>\n            Christen Torvik ved HF forteller om svakt kvalifiserte s\u00f8kere.<br \/>\n            Foto: \u00c5ge Hojem\n        <\/p>\n<p>Han presiserer at selv om fakultetet i enkelte tilfeller m\u00e5 foreta andregangsutlysninger, er kandidatene de ansetter gode kandidater.\u00a0<\/p>\n<p>&#8211; Bekymringsverdig<\/p>\n<p>UA har spurt organisasjonsdirekt\u00f8r Bj\u00f8rn Haugstad hvor bekymringsverdig det er at NTNU sliter med \u00e5 f\u00e5 tak i \u00f8konomer i en tid der \u00f8konomien er spesielt viktig for NTNU.<\/p>\n<p>&#8211; Ja, det er bekymringsverdig at vi f\u00e5r for f\u00e5 s\u00f8kere til administrative \u00f8konomistillinger. Vi m\u00e5 derfor vurdere hvordan vi skal tiltrekke oss flere s\u00f8kere, sier Haugstad.\u00a0<\/p>\n<p>                <img decoding=\"async\" src=\"https:\/\/www.europesays.com\/no\/wp-content\/uploads\/2025\/12\/436401.webp\" width=\"480\" height=\"274\" title=\"For f\u00e5 \u00f8konomer \u00f8nsker \u00e5 jobbe ved NTNU\" alt=\"\" loading=\"lazy\" style=\"\"\/><\/p>\n<p>            Foto: Felix Seifert\/NTNU\n        <\/p>\n<p class=\"italic m-italic\" data-lab-italic=\"italic\">&#8211; B\u00f8r NTNU strekke seg lenger for \u00e5 tilby h\u00f8yere l\u00f8nn?<\/p>\n<p>&#8211; L\u00f8nn vil alltid v\u00e6re et virkemiddel som m\u00e5 vurderes n\u00e5r man \u00f8nsker \u00e5 tiltrekke flere s\u00f8kere, sier Haugstad.<\/p>\n<p>F\u00f8lg UA p\u00e5 <a href=\"https:\/\/www.facebook.com\/Universitetsavisa\" target=\"_blank\" rel=\"nofollow noopener\">Facebook<\/a> og <a href=\"https:\/\/www.instagram.com\/universitetsavisa\/\" target=\"_blank\" rel=\"nofollow noopener\">Instagram<\/a>.<\/p>\n<p><script async src=\"\/\/www.instagram.com\/embed.js\"><\/script><\/p>\n","protected":false},"excerpt":{"rendered":"&#8211; Vi opplever at det er stor konkurranse om \u00f8konomer, sier Erik Lunde, seniorr\u00e5dgiver HR og HMS ved&hellip;\n","protected":false},"author":2,"featured_media":102087,"comment_status":"","ping_status":"","sticky":false,"template":"","format":"standard","meta":{"footnotes":""},"categories":[5],"tags":[20,21,24,25,15,19,22,23,17,18,13,30,28,29,14,16,26,27],"class_list":{"0":"post-102086","1":"post","2":"type-post","3":"status-publish","4":"format-standard","5":"has-post-thumbnail","7":"category-overskrifter","8":"tag-breaking-news","9":"tag-breakingnews","10":"tag-featured-news","11":"tag-featurednews","12":"tag-headlines","13":"tag-hovedoppslag","14":"tag-latest-news","15":"tag-latestnews","16":"tag-main-news","17":"tag-mainnews","18":"tag-news","19":"tag-no","20":"tag-norge","21":"tag-norway","22":"tag-nyheter","23":"tag-overskrifter","24":"tag-top-stories","25":"tag-topstories"},"share_on_mastodon":{"url":"https:\/\/pubeurope.com\/@no\/115649332350729083","error":""},"_links":{"self":[{"href":"https:\/\/www.europesays.com\/no\/wp-json\/wp\/v2\/posts\/102086","targetHints":{"allow":["GET"]}}],"collection":[{"href":"https:\/\/www.europesays.com\/no\/wp-json\/wp\/v2\/posts"}],"about":[{"href":"https:\/\/www.europesays.com\/no\/wp-json\/wp\/v2\/types\/post"}],"author":[{"embeddable":true,"href":"https:\/\/www.europesays.com\/no\/wp-json\/wp\/v2\/users\/2"}],"replies":[{"embeddable":true,"href":"https:\/\/www.europesays.com\/no\/wp-json\/wp\/v2\/comments?post=102086"}],"version-history":[{"count":0,"href":"https:\/\/www.europesays.com\/no\/wp-json\/wp\/v2\/posts\/102086\/revisions"}],"wp:featuredmedia":[{"embeddable":true,"href":"https:\/\/www.europesays.com\/no\/wp-json\/wp\/v2\/media\/102087"}],"wp:attachment":[{"href":"https:\/\/www.europesays.com\/no\/wp-json\/wp\/v2\/media?parent=102086"}],"wp:term":[{"taxonomy":"category","embeddable":true,"href":"https:\/\/www.europesays.com\/no\/wp-json\/wp\/v2\/categories?post=102086"},{"taxonomy":"post_tag","embeddable":true,"href":"https:\/\/www.europesays.com\/no\/wp-json\/wp\/v2\/tags?post=102086"}],"curies":[{"name":"wp","href":"https:\/\/api.w.org\/{rel}","templated":true}]}}