{"id":102094,"date":"2025-12-02T09:51:22","date_gmt":"2025-12-02T09:51:22","guid":{"rendered":"https:\/\/www.europesays.com\/no\/102094\/"},"modified":"2025-12-02T09:51:22","modified_gmt":"2025-12-02T09:51:22","slug":"hvis-noen-skal-klare-seg-ute-er-det-henne","status":"publish","type":"post","link":"https:\/\/www.europesays.com\/no\/102094\/","title":{"rendered":"\u2013 Hvis noen skal klare seg ute, er det henne"},"content":{"rendered":"\n<p class=\"_lead_o9xde_2 _lead_xtcu6_50 layout-component text-serif-m layout-normal text-serif-l layout-component layout-wide layout-padded _wide_17hqh_1 layout-padded\">I t\u00e5ke og bratte fjellsider kjemper letemannskapene mot klokken i jakten p\u00e5 den savnede kvinnen. <\/p>\n<p><img alt=\"GIR IKKE OPP: Det var her politiet fant bilen hennes. N\u00e5 leter de etter henne p\u00e5 tredje d\u00f8gnet.  Foto: Naina Hel\u00e9n J\u00e5ma \/ VG\" class=\"_image_qp4xg_65 layout-component layout-wide\" data-fullscreen- data-track-element-type=\"Article image fullscreen\" data-track-name=\"ImageFullscreen\" fetchpriority=\"high\" decoding=\"sync\" loading=\"eager\" height=\"5460\" itemprop=\"image\"  src=\"https:\/\/www.europesays.com\/no\/wp-content\/uploads\/2025\/12\/8687f5bd-d3cb-486c-91a4-4884ac54cdb0\"  style=\"object-position:0% 0%\" width=\"6986\"\/>GIR IKKE OPP: Det var her politiet fant bilen hennes. N\u00e5 leter de etter henne p\u00e5 tredje d\u00f8gnet.  Foto: Naina Hel\u00e9n J\u00e5ma \/ VGRapporterer fra Dalen i Telemark Oppdatert tirsdag 2. desember kl. 10:27    <\/p>\n<ul class=\"_list_o9xde_3 _list_64s2r_85 _unordered_o9xde_106 text-sans-m\">\n<li class=\"_item_o9xde_30\">En kvinne i 40-\u00e5rene er savnet etter en treningstur i Dalen, Telemark.<\/li>\n<li class=\"_item_o9xde_30\">Letemannskapene leter i krevende terreng rundt L\u00e5rdalstigen, der bilen hennes ble funnet.<\/li>\n<li class=\"_item_o9xde_30\">Politiet mener det fortsatt er mulig at kvinnen er i live.<\/li>\n<li class=\"_item_o9xde_30\">Kvinnen er kjent i lokalmilj\u00f8et og har tidligere trent i omr\u00e5det.<\/li>\n<\/ul>\n<p>Vis mer <\/p>\n<p class=\"_paragraph_o9xde_4 _paragraph_xtcu6_10 layout-component text-serif-m layout-normal text-serif-m layout-padded\">Det er krevende forhold for letemannskapet her i Dalen i Telemark. <\/p>\n<p class=\"_paragraph_o9xde_4 _paragraph_xtcu6_10 layout-component text-serif-m layout-normal text-serif-m layout-padded\"><strong class=\"_strong_o9xde_25\">En kvinne i 40-\u00e5rene er savnet etter en treningstur i helgen. <\/strong><\/p>\n<p class=\"_paragraph_o9xde_4 _paragraph_xtcu6_10 layout-component text-serif-m layout-normal text-serif-m layout-padded\">Terrenget er bratt. N\u00e5r t\u00e5ken ikke ligger s\u00e5 lavt som den gj\u00f8r denne tirsdagen, er det utsikt over innsj\u00f8en Bandak langs L\u00e5rdalstigen. <\/p>\n<p class=\"_paragraph_o9xde_4 _paragraph_xtcu6_10 layout-component text-serif-m layout-normal text-serif-m layout-padded\">P\u00e5 parkeringsplassen der bilen til den savnede kvinnen ble funnet, er det et skilt i retning denne stien: <\/p>\n<p><img alt=\"\" class=\"_image_qp4xg_65 layout-component layout-left\" data-fullscreen- data-track-element-type=\"Article image fullscreen\" data-track-name=\"ImageFullscreen\" decoding=\"async\" loading=\"lazy\" height=\"3905\" itemprop=\"image\"  src=\"https:\/\/www.europesays.com\/no\/wp-content\/uploads\/2025\/12\/14c31521-5d09-46e5-b9f1-0654bbcd9803\"  style=\"object-position:0% 0%\" width=\"5857\"\/><img alt=\"Foto: Naina Hel\u00e9n J\u00e5ma \/ VG\" class=\"_image_qp4xg_65 layout-component layout-right\" data-fullscreen- data-track-element-type=\"Article image fullscreen\" data-track-name=\"ImageFullscreen\" decoding=\"async\" loading=\"lazy\" height=\"5504\" itemprop=\"image\"  src=\"https:\/\/www.europesays.com\/no\/wp-content\/uploads\/2025\/12\/a35248e2-2560-4c5c-85e3-1b756926cadb\"  style=\"object-position:0% 0%\" width=\"8256\"\/>Foto: Naina Hel\u00e9n J\u00e5ma \/ VG<\/p>\n<p class=\"_paragraph_o9xde_4 _paragraph_xtcu6_10 layout-component text-serif-m layout-normal text-serif-m layout-padded\"><strong class=\"_strong_o9xde_25\">\u00abSv\u00e6rt krevende\u00bb, blir turen beskrevet som. <\/strong><\/p>\n<p class=\"_paragraph_o9xde_4 _paragraph_xtcu6_10 layout-component text-serif-m layout-normal text-serif-m layout-padded\">L\u00e5rdalstigen g\u00e5r langs en bratt fjellkant p\u00e5 800 meter over Telemarkskanalen. Det er blant annet her letemannskapet s\u00f8ker.<\/p>\n<p class=\"_paragraph_o9xde_4 _paragraph_xtcu6_10 layout-component text-serif-m layout-normal text-serif-m layout-padded\">Politiet tror det fortsatt er mulig at kvinnen er i live. <\/p>\n<p class=\"_paragraph_o9xde_4 _paragraph_xtcu6_10 layout-component text-serif-m layout-normal text-serif-m layout-padded\">\u2013 Dette er fortsatt en redningsaksjon, og da er det en forutsetning at vi fortsatt mener vedkommende kan v\u00e6re i live. Det skal ikke v\u00e6re tvil f\u00f8r vi slutter \u00e5 lete, sier operasjonsleder Roger Aasen tirsdag morgen.<\/p>\n<ul class=\"_gallery_1qa3s_23\" tabindex=\"0\">\n<li class=\"_item_1qa3s_37\" data-index=\"0\"><img decoding=\"async\" class=\"_image_foru8_23 _articleGallery_foru8_39\" data-fullscreen- width=\"8256\" height=\"5504\" itemprop=\"image\" loading=\"lazy\"  src=\"https:\/\/www.europesays.com\/no\/wp-content\/uploads\/2025\/12\/3f52322d-b49f-475f-961c-1f802b2dfcfe\"  style=\"object-position:50% 50%;aspect-ratio:var(--gallery-aspect-ratio, 16 \/ 9)\"\/>Foto: Naina Hel\u00e9n J\u00e5ma \/ VG<\/li>\n<li class=\"_item_1qa3s_37\" data-index=\"1\"><img decoding=\"async\" class=\"_image_foru8_23 _articleGallery_foru8_39\" data-fullscreen- width=\"4480\" height=\"2984\" itemprop=\"image\" loading=\"lazy\"  src=\"https:\/\/www.europesays.com\/no\/wp-content\/uploads\/2025\/12\/4ff661ed-10b6-45bc-abc3-5cae7799b491\"  style=\"object-position:50% 50%;aspect-ratio:var(--gallery-aspect-ratio, 16 \/ 9)\"\/>Foto: Naina Hel\u00e9n J\u00e5ma \/ VG<\/li>\n<li class=\"_item_1qa3s_37\" data-index=\"2\"><img decoding=\"async\" class=\"_image_foru8_23 _articleGallery_foru8_39\" data-fullscreen- width=\"8256\" height=\"5504\" itemprop=\"image\" loading=\"lazy\"  src=\"https:\/\/www.europesays.com\/no\/wp-content\/uploads\/2025\/12\/a0dc1546-df67-4892-bbfc-1987475a9136\"  style=\"object-position:50% 50%;aspect-ratio:var(--gallery-aspect-ratio, 16 \/ 9)\"\/>Foto: Naina Hel\u00e9n J\u00e5ma \/ VG<\/li>\n<li class=\"_item_1qa3s_37\" data-index=\"3\"><img decoding=\"async\" class=\"_image_foru8_23 _articleGallery_foru8_39\" data-fullscreen- width=\"8256\" height=\"5504\" itemprop=\"image\" loading=\"lazy\"  src=\"https:\/\/www.europesays.com\/no\/wp-content\/uploads\/2025\/12\/32fea132-db42-41ec-a19a-cbc2cc3adfca\"  style=\"object-position:50% 50%;aspect-ratio:var(--gallery-aspect-ratio, 16 \/ 9)\"\/>Foto: Naina Hel\u00e9n J\u00e5ma \/ VG<\/li>\n<\/ul>\n<p>Foto: Naina Hel\u00e9n J\u00e5ma \/ VG<\/p>\n<p class=\"_paragraph_o9xde_4 _paragraph_xtcu6_10 layout-component text-serif-m layout-normal text-serif-m layout-padded\">Tirsdag har kuldegrader og sn\u00f8 blitt til plussgrader og regn. Det er tung sn\u00f8 og mye slafs i leteomr\u00e5det. <\/p>\n<p class=\"_paragraph_o9xde_4 _paragraph_xtcu6_10 layout-component text-serif-m layout-normal text-serif-m layout-padded\">\u2013 Det er ikke gjort noen funn og det er heller ikke nye opplysninger som forteller oss hvor savnede kan befinner seg, sier Tor Einar Bakken som er innsatsleder p\u00e5 stedet.<\/p>\n<p>Dette vet vi:<\/p>\n<ul class=\"_list_o9xde_3 _list_xtcu6_9 _unordered_o9xde_106 layout-component text-serif-m layout-normal text-serif-m layout-padded\">\n<li class=\"_item_o9xde_30\">Kvinnen i 40-\u00e5rene ble sist observert utenfor sin bolig i Skien klokken 10.20 l\u00f8rdag. Da skulle hun dra p\u00e5 en treningstur.<\/li>\n<li class=\"_item_o9xde_30\">Hun ble meldt savnet da hun ikke dukket opp til en avtale s\u00f8ndag.<\/li>\n<li class=\"_item_o9xde_30\">Bilen hennes ble senere funnet p\u00e5 en parkeringsplass i omr\u00e5det.<\/li>\n<\/ul>\n<p class=\"_paragraph_o9xde_4 _paragraph_xtcu6_10 layout-component text-serif-m layout-normal text-serif-m layout-padded\"><strong class=\"_strong_o9xde_25\">Funnet av bilen er det siste sporet politiet har g\u00e5tt ut med.<\/strong><\/p>\n<p><img alt=\"Fra parkeringsplassen er det storsl\u00e5tt utsikt n\u00e5r t\u00e5ka ikke ligger tett.\u00a0  Foto: Naina Hel\u00e9n J\u00e5ma \/ VG\" class=\"_image_qp4xg_65 layout-component layout-normal\" data-fullscreen- data-track-element-type=\"Article image fullscreen\" data-track-name=\"ImageFullscreen\" decoding=\"async\" loading=\"lazy\" height=\"5504\" itemprop=\"image\"  src=\"https:\/\/www.europesays.com\/no\/wp-content\/uploads\/2025\/12\/b7654e0e-fe68-492b-a126-08d1763eb149\"  style=\"object-position:0% 0%\" width=\"8256\"\/>Fra parkeringsplassen er det storsl\u00e5tt utsikt n\u00e5r t\u00e5ka ikke ligger tett.\u00a0  Foto: Naina Hel\u00e9n J\u00e5ma \/ VG<\/p>\n<p class=\"_paragraph_o9xde_4 _paragraph_xtcu6_10 layout-component text-serif-m layout-normal text-serif-m layout-padded\">VG har spurt politiet om de har funnet aktivitet p\u00e5 treningsappen Strava eller andre treningsapper som de bruker i s\u00f8ket.<\/p>\n<p class=\"_paragraph_o9xde_4 _paragraph_xtcu6_10 layout-component text-serif-m layout-normal text-serif-m layout-padded\">\u2013 Generelt vil jeg si at i enhver savnetsak vil vi kartlegge best mulig rundt savnede i forhold til ting som kan hjelpe oss og peke i retninger, sier innsatsleder Bakken.<\/p>\n<ul class=\"_gallery_1qa3s_23\" tabindex=\"0\">\n<li class=\"_item_1qa3s_37\" data-index=\"0\"><img decoding=\"async\" class=\"_image_foru8_23 _articleGallery_foru8_39\" data-fullscreen- width=\"8256\" height=\"5504\" itemprop=\"image\" loading=\"lazy\"  src=\"https:\/\/www.europesays.com\/no\/wp-content\/uploads\/2025\/12\/70657b2d-ccf2-4dc8-8ead-fe5b5624d23a\"  style=\"object-position:50% 50%;aspect-ratio:var(--gallery-aspect-ratio, 16 \/ 9)\"\/>Foto: Naina Hel\u00e9n J\u00e5ma \/ VG<\/li>\n<li class=\"_item_1qa3s_37\" data-index=\"1\"><img decoding=\"async\" class=\"_image_foru8_23 _articleGallery_foru8_39\" data-fullscreen- width=\"8256\" height=\"5504\" itemprop=\"image\" loading=\"lazy\"  src=\"https:\/\/www.europesays.com\/no\/wp-content\/uploads\/2025\/12\/e4000414-c0d8-4dc6-a635-ea97e312e6ae\"  style=\"object-position:50% 50%;aspect-ratio:var(--gallery-aspect-ratio, 16 \/ 9)\"\/>Foto: Naina Hel\u00e9n J\u00e5ma \/ VG<\/li>\n<li class=\"_item_1qa3s_37\" data-index=\"2\"><img decoding=\"async\" class=\"_image_foru8_23 _articleGallery_foru8_39\" data-fullscreen- width=\"8256\" height=\"5504\" itemprop=\"image\" loading=\"lazy\"  src=\"https:\/\/www.europesays.com\/no\/wp-content\/uploads\/2025\/12\/b5983ab8-3139-4b7b-bb0f-14b13dcc321a\"  style=\"object-position:50% 50%;aspect-ratio:var(--gallery-aspect-ratio, 16 \/ 9)\"\/>Foto: Naina Hel\u00e9n J\u00e5ma \/ VG<\/li>\n<\/ul>\n<p>Foto: Naina Hel\u00e9n J\u00e5ma \/ VG<\/p>\n<p class=\"_paragraph_o9xde_4 _paragraph_xtcu6_10 layout-component text-serif-m layout-normal text-serif-m layout-padded\">If\u00f8lge politiet har kvinnen tidligere trent i omr\u00e5det. <\/p>\n<p class=\"_paragraph_o9xde_4 _paragraph_xtcu6_10 layout-component text-serif-m layout-normal text-serif-m layout-padded\">\u2013 Det er kjent at hun liker \u00e5 l\u00f8pe lange turer og har gjort det mange ganger f\u00f8r, sa operasjonsleder Roger Aasen til VG mandag.<\/p>\n<p class=\"_paragraph_o9xde_4 _paragraph_xtcu6_10 layout-component text-serif-m layout-normal text-serif-m layout-padded\">\u2013 Det kan v\u00e6re at hun har med seg utstyr som gj\u00f8r at hun kan overleve ute, eller at hun har tatt seg inn i en bod eller en hytte, sier Aasen.<\/p>\n<p>   <img decoding=\"async\" alt=\"Tips oss illustrasjon\" src=\"https:\/\/www.europesays.com\/no\/wp-content\/uploads\/2025\/10\/pssst-small.webp.webp\"\/>    <\/p>\n<p class=\"title-serif-s\">Har du tips?<\/p>\n<p class=\"text-sans-m\">Send oss informasjon, bilder eller video.<\/p>\n<p>  <a href=\"https:\/\/www.vg.no\/tips-oss\" rel=\"nofollow noopener\" target=\"_blank\"> Tips oss <\/a>   Kjent i milj\u00f8et<\/p>\n<p class=\"_paragraph_o9xde_4 _paragraph_xtcu6_10 layout-component text-serif-m layout-normal text-serif-m layout-padded\">Kvinnen var kjent for flere i det lokale milj\u00f8et for ultral\u00f8pere.<\/p>\n<p class=\"_paragraph_o9xde_4 _paragraph_xtcu6_10 layout-component text-serif-m layout-normal text-serif-m layout-padded\">\u2013 Vi er klar over hvem det er. Jeg kjenner henne som i veldig god form og vant til \u00e5 g\u00e5 i fjellet, sier Irvin Kilde i l\u00f8pegruppen Grenland Ultra Runners til VG.<\/p>\n<p><img decoding=\"async\" alt=\"Bilde av Irvin Kilde\" class=\"_image_ygndg_42\" height=\"30\" itemprop=\"image\" loading=\"lazy\"  src=\"https:\/\/www.europesays.com\/no\/wp-content\/uploads\/2025\/12\/5741684d-c9f2-4857-acb4-fb33468adbc9\"  width=\"40\"\/><strong class=\"_name_ygndg_51 title-serif-xs\">Irvin Kilde<\/strong><\/p>\n<p class=\"_paragraph_o9xde_4 _paragraph_xtcu6_10 layout-component text-serif-m layout-normal text-serif-m layout-padded\"><strong class=\"_strong_o9xde_25\">Han forteller at de har unders\u00f8kt kvinnens digitale spor p\u00e5 l\u00f8peappen Strava.<\/strong><\/p>\n<p class=\"_paragraph_o9xde_4 _paragraph_xtcu6_10 layout-component text-serif-m layout-normal text-serif-m layout-padded\">\u2013 Noe av det f\u00f8rste vi gjorde da vi h\u00f8rte hun var forsvunnet, var \u00e5 sjekke om hun hadde lagt ut noe p\u00e5 Strava nylig, men det er ikke noe der, som vi kan se. Men jeg vil h\u00e5pe at politiet vet mer enn hva vi gj\u00f8r, sier han.<\/p>\n<p class=\"_paragraph_o9xde_4 _paragraph_xtcu6_10 layout-component text-serif-m layout-normal text-serif-m layout-padded\">Han er tydelig preget av situasjonen n\u00e5r VG snakker med ham tirsdag morgen. <\/p>\n<p class=\"_paragraph_o9xde_4 _paragraph_xtcu6_10 layout-component text-serif-m layout-normal text-serif-m layout-padded\"><strong class=\"_strong_o9xde_25\">\u2013 Grenland er et lite sted, s\u00e5 dette er ikke mye moro. Men vi er en gjeng som er i stand til \u00e5 ta oss frem i ulendt terreng. Hvis noen skal klare seg ute, er det henne, sier Kilde.<\/strong><\/p>\n<p class=\"_paragraph_o9xde_4 _paragraph_xtcu6_10 layout-component text-serif-m layout-normal text-serif-m layout-padded\">Yngve Nagel i Norsk Folkehjelp forteller til VG at kvinnen reiste ut f\u00f8r det begynte \u00e5 sn\u00f8, og at man derfor ikke kan f\u00f8lge fotspor i sn\u00f8en. Dessuten skal telefonen hennes v\u00e6re avsl\u00e5tt.<\/p>\n<p class=\"_paragraph_o9xde_4 _paragraph_xtcu6_10 layout-component text-serif-m layout-normal text-serif-m layout-padded\">\u2013 Siste spor kom rundt klokken 13 p\u00e5 l\u00f8rdag, forteller han.<\/p>\n","protected":false},"excerpt":{"rendered":"I t\u00e5ke og bratte fjellsider kjemper letemannskapene mot klokken i jakten p\u00e5 den savnede kvinnen. GIR IKKE OPP:&hellip;\n","protected":false},"author":2,"featured_media":102095,"comment_status":"","ping_status":"","sticky":false,"template":"","format":"standard","meta":{"footnotes":""},"categories":[5],"tags":[20,21,24,25,15,19,22,23,17,18,13,30,28,29,14,16,111,393,992,26,27],"class_list":{"0":"post-102094","1":"post","2":"type-post","3":"status-publish","4":"format-standard","5":"has-post-thumbnail","7":"category-overskrifter","8":"tag-breaking-news","9":"tag-breakingnews","10":"tag-featured-news","11":"tag-featurednews","12":"tag-headlines","13":"tag-hovedoppslag","14":"tag-latest-news","15":"tag-latestnews","16":"tag-main-news","17":"tag-mainnews","18":"tag-news","19":"tag-no","20":"tag-norge","21":"tag-norway","22":"tag-nyheter","23":"tag-overskrifter","24":"tag-redningsaksjon","25":"tag-skien","26":"tag-telemark","27":"tag-top-stories","28":"tag-topstories"},"share_on_mastodon":{"url":"https:\/\/pubeurope.com\/@no\/115649360254461541","error":""},"_links":{"self":[{"href":"https:\/\/www.europesays.com\/no\/wp-json\/wp\/v2\/posts\/102094","targetHints":{"allow":["GET"]}}],"collection":[{"href":"https:\/\/www.europesays.com\/no\/wp-json\/wp\/v2\/posts"}],"about":[{"href":"https:\/\/www.europesays.com\/no\/wp-json\/wp\/v2\/types\/post"}],"author":[{"embeddable":true,"href":"https:\/\/www.europesays.com\/no\/wp-json\/wp\/v2\/users\/2"}],"replies":[{"embeddable":true,"href":"https:\/\/www.europesays.com\/no\/wp-json\/wp\/v2\/comments?post=102094"}],"version-history":[{"count":0,"href":"https:\/\/www.europesays.com\/no\/wp-json\/wp\/v2\/posts\/102094\/revisions"}],"wp:featuredmedia":[{"embeddable":true,"href":"https:\/\/www.europesays.com\/no\/wp-json\/wp\/v2\/media\/102095"}],"wp:attachment":[{"href":"https:\/\/www.europesays.com\/no\/wp-json\/wp\/v2\/media?parent=102094"}],"wp:term":[{"taxonomy":"category","embeddable":true,"href":"https:\/\/www.europesays.com\/no\/wp-json\/wp\/v2\/categories?post=102094"},{"taxonomy":"post_tag","embeddable":true,"href":"https:\/\/www.europesays.com\/no\/wp-json\/wp\/v2\/tags?post=102094"}],"curies":[{"name":"wp","href":"https:\/\/api.w.org\/{rel}","templated":true}]}}