{"id":102098,"date":"2025-12-02T09:57:22","date_gmt":"2025-12-02T09:57:22","guid":{"rendered":"https:\/\/www.europesays.com\/no\/102098\/"},"modified":"2025-12-02T09:57:22","modified_gmt":"2025-12-02T09:57:22","slug":"var-lammede-stat-e24","status":"publish","type":"post","link":"https:\/\/www.europesays.com\/no\/102098\/","title":{"rendered":"V\u00e5r lammede stat \u2013 E24"},"content":{"rendered":"<p><img decoding=\"async\" class=\"image-asset hyperion-css-1d2yc6m\" data-test-tag=\"image-asset\" src=\"https:\/\/www.europesays.com\/no\/wp-content\/uploads\/2025\/12\/6a1e4709-9301-4246-92b4-48e31c84fd4e\"  alt=\"DE STYRENDE. F.v.: Statsminister Jonas Gahr St\u00f8re (Ap), SV-leder Kirsti Bergst\u00f8, SP-leder Trygve Slagsvold Vedum, MDG-leder Arild Hermstad og R\u00f8dt-leder Marie Sneve Martinussen under den direktesendte partilederdebatten p\u00e5 TV2 i 2025. \"  loading=\"eager\" fetchpriority=\"high\" style=\"aspect-ratio:1900 \/ 1267\"\/>DE STYRENDE. F.v.: Statsminister Jonas Gahr St\u00f8re (Ap), SV-leder Kirsti Bergst\u00f8, SP-leder Trygve Slagsvold Vedum, MDG-leder Arild Hermstad og R\u00f8dt-leder Marie Sneve Martinussen under den direktesendte partilederdebatten p\u00e5 TV2 i 2025. Foto: Paul S. Amundsen \/ NTB<\/p>\n<p class=\"fullWidthDesktop hyperion-css-71ztg2\" data-test-tag=\"lead-text\">Norge i 2025 ligner\u00a0Mancur\u00a0Olsons lammede stat. En l\u00f8sning er \u00e5 omfavne teknologiske fremskritt.<\/p>\n<ul data-test-tag=\"byline:authors\" data-testid=\"byline:authors\" class=\"hyperion-css-lq6271\">\n<li class=\"hyperion-css-b8p8ys\"><img decoding=\"async\" class=\"image-asset hyperion-css-u06ts1\" data-test-tag=\"image-asset\" src=\"https:\/\/www.europesays.com\/no\/wp-content\/uploads\/2025\/12\/7d821dcb-426d-4cf2-8d99-05ddc94d5dea\"  alt=\"Asle Toje\"  fetchpriority=\"auto\" style=\"aspect-ratio:1900 \/ 1900\"\/>Asle Toje\n<p>Utenrikspolitisk forsker og kommentator<\/p>\n<\/li>\n<\/ul>\n<p>Publisert: Publisert: <\/p>\n<p>For mindre enn 2 timer siden<\/p>\n<p>E24s faste spaltister skriver jevnlig og gir uttrykk for sine egne holdninger.<\/p>\n<p class=\"hyperion-css-1lemvax\">Norge er et paradoks: Et rikt og stabilt land som i dag preges av politisk lammelse og manglende evne til reform. Mange samfunnsomr\u00e5der beveger seg saktere enn b\u00e5de behov og teknologiske muligheter tilsier. Dette ligner\u00a0Mancur\u00a0Olsons \u2018lammede stat\u2019.<\/p>\n<p class=\"hyperion-css-1lemvax\">Den norskamerikanske \u00f8konomens teori beskriver hvordan sterke interessegrupper forhindrer endring. Stabile samfunn akkumulerer interessegrupper (fagforeninger, bransjelobbyer, sivilsamfunn). <\/p>\n<p class=\"hyperion-css-1lemvax\">Disse gruppene s\u00f8ker snevre fordeler, de p\u00e5f\u00f8rer samfunnet kostnader og \u00f8ker rigiditet og ineffektivitet. Slik oppst\u00e5r markedssvikt der rasjonelle forbrukere og profitts\u00f8kende produsenter ikke sikrer effektiv produksjon av fellesgoder, selv n\u00e5r sm\u00e5 grep vil gi gevinst til lavere kostnad. <\/p>\n<p class=\"hyperion-css-1lemvax\"><strong>Summen av s\u00e6rinteresser skaper et kollektivt handlingsproblem. <\/strong><\/p>\n<p class=\"hyperion-css-1lemvax\">Problemet er at enkeltindivider som handler \u00f8konomisk rasjonelt, ikke n\u00f8dvendigvis har interesse av \u00e5 bidra til et fellesgode \u2013 selv om de kan dra nytte av det n\u00e5r det vel er produsert.<\/p>\n<p class=\"hyperion-css-1lemvax\">De kan ha interesse av \u00e5 lokalisere gevinst og kollektivisere tap. Ett eksempel, er prosjekt \u00abflytende havvind\u00bb. Dette er en varslet katastrofe, som aldri vil bli \u00f8konomisk b\u00e6rekraftig. Og allikevel er systemet for lammet til \u00e5 stanse feilsatsingen f\u00f8r den finner sted. <\/p>\n<p class=\"hyperion-css-1lemvax\"><strong>Norge er, historisk sett, sjelden midt i flokken. <\/strong><\/p>\n<p class=\"hyperion-css-1lemvax\">Enten er vi akterutseilt, slik handelsfl\u00e5ten var (bokstavelig talt) da de p\u00e5 1800-tallet valgt seil over dampkraft \u2013 eller s\u00e5 er vi i forkant, som da vi globaliserte raskere og med f\u00e6rre forbehold enn andre land p\u00e5 1990-tallet.<\/p>\n<p class=\"hyperion-css-1lemvax\">I 2025 er Norge p\u00e5 ny utrangert. Vi er i ferd med \u00e5 bli krypt-voktere for en verden som ikke lengre finnes. V\u00e5re utenrikspolitiske m\u00e5lsetninger er n\u00e5 en opphopning av usannsynligheter: \u00abFN-ledet verdensorden\u00bb, \u00abseier\u00bb i Ukraina, \u00abPalestinsk stat\u00bb, \u00abnullutslippfremtiden\u00bb.<\/p>\n<p class=\"hyperion-css-1lemvax\">I boka <a aria-label=\"Since Then\" class=\"default_opinion_e24spaltist hyperion-css-1rezu2g\" href=\"https:\/\/www.amazon.com\/Since-Then-Disturbing-Story-World\/dp\/1406769932\" rel=\"noopener nofollow noreferrer\" data-test-tag=\"external-link\" target=\"_blank\">Since Then<\/a> [1930] skrev The Times-journalisten Philip Gibbs om Frankrikes lignende virkelighetsfjernhet i mellomkrigstiden. Han la skylden p\u00e5 \u00aben u\u00e6rlighetens konspirasjon i den franske pressen\u00bb som ble \u00abet farlig instrument for propaganda og fordomsfullhet\u00bb (s.200). <\/p>\n<p class=\"hyperion-css-1lemvax\">Norske medier spiller, dessverre, en lignende rolle i v\u00e5r egen tid. <\/p>\n<p class=\"hyperion-css-1lemvax\"><strong>Journalistene er s\u00e5 opptatt med \u00e5 fremme narrativ som bekrefter Norges elitekonsensus, at de ikke formidler at verden er i rask endring bort fra insentivene som gjorde norsk statsidealisme mulig og tilr\u00e5delig.<\/strong><\/p>\n<p><a data-test-tag=\"teaser-small:link-internal\" href=\"https:\/\/e24.no\/boers-og-finans\/i\/3MLLy0\/sprekker-ai-boblen\" class=\"imagePosition-top inline hyperion-css-6238vu\" rel=\"nofollow noopener\" target=\"\" aria-label=\"Se E24s livesending: Sprekker AI-boblen?\"><\/p>\n<p>Les p\u00e5 E24+<\/p>\n<p>Se E24s livesending: Sprekker AI-boblen?<\/p>\n<p><\/a><\/p>\n<p class=\"hyperion-css-1lemvax\">\u00d8konomien v\u00e5r er ineffektiv. H\u00f8y inflasjon og svak krone tyder p\u00e5 det. Staten tar opp <a aria-label=\"for mye plass\" class=\"default_opinion_e24spaltist hyperion-css-1rezu2g\" href=\"https:\/\/tradingeconomics.com\/norway\/government-spending-to-gdp\" rel=\"noopener nofollow noreferrer\" data-test-tag=\"external-link\" target=\"_blank\">for mye plass<\/a> og skattetrykket fjerner insentiver til \u00e5 risikere. Alt for sjener\u00f8se trygdeordninger gir en arbeidstokk med skremmende lav yrkesdeltagelse, ikke minst <a aria-label=\"blant innvandrere\" class=\"default_opinion_e24spaltist hyperion-css-1rezu2g\" href=\"https:\/\/www.ssb.no\/arbeid-og-lonn\/sysselsetting\/statistikk\/sysselsetting-blant-innvandrere-registerbasert\" rel=\"noopener nofollow noreferrer\" data-test-tag=\"external-link\" target=\"_blank\">blant innvandrere<\/a>.<\/p>\n<p class=\"hyperion-css-1lemvax\">Den norske\u00a0\u2018administrasjonsmodellen\u2019 for demokrati forsterker denne trenden. V\u00e5rt system foretrekker inkrementell endring, dialog og trege beslutninger drevet av elitekonsensus. Statsr\u00e5dene synes ofte \u00e5 representere systemet ovenfor folket, ikke folket overfor systemet.<\/p>\n<p class=\"hyperion-css-1lemvax\">I dette systemet er suksesskriteriet \u00e5 unng\u00e5 \u00e5 gj\u00f8re formalfeil. Det bel\u00f8nner prosess fremfor resultater. Mens andre land slipper entrenepen\u00f8rene inn i forvaltningen, som endringsagenter, er Norge ute av stand til annet enn \u00e5 \u00abf\u00f4re beistet\u00bb, alts\u00e5 la den lammede staten vokse. <\/p>\n<p class=\"hyperion-css-1lemvax\"><strong>Rettsliggj\u00f8ring og overforvaltning m\u00f8ter n\u00e5 kunstig intelligens og global konkurranse. I denne situasjonen kan teknologi v\u00e6re en <\/strong><strong>-av f\u00e5-<\/strong><strong> gjenv\u00e6rende driver av endring. <\/strong><\/p>\n<p class=\"hyperion-css-1lemvax\">Teknologi er en av f\u00e5 ting som kan hjelpe stater med lav endringsevne. Utfordringen er iverksetting.<\/p>\n<p class=\"hyperion-css-1lemvax\">Mancur Olson skriver i The Rise and Decline of Nations: Economic Growth, Stagflation and Social Rigidities (1982): \u00abDistribusjonskoalisjoner bremser et samfunns evne til \u00e5 ta i bruk ny teknologi og omfordele ressurser som svar p\u00e5 endrede forhold, og reduserer \u00f8konomisk vekst.\u00bb<\/p>\n<p class=\"hyperion-css-1lemvax\">Rettsvesenet viser tydelig hvordan profesjonskamper hemmer fornying. Tolketjenester og advokattjenester er overmodne for automatisering. Behovet for effektivisering og teknologi \u00f8ker, men f\u00e5 \u00f8nsker \u00e5 b\u00e6re kostnadene ved endring, selv om samfunnsgevinstene er store.<\/p>\n<p class=\"hyperion-css-1lemvax\">I energi- og\u00a0bergverksektoren\u00a0bremser lokale protester og s\u00e6rinteresser utbygging av industri og infrastruktur. Selv om alle \u00f8nsker energi og \u00f8konomisk vekst, vil f\u00e5 akseptere lokale kostnader. Resultatet er en opphopet treghet som samsvarer med Olsons modell.<\/p>\n<p class=\"hyperion-css-1lemvax\"><strong>Kjernen i dette er politisk. <\/strong><\/p>\n<p class=\"hyperion-css-1lemvax\">Nordmenn har vendt seg til svake mindretallsregjeringer, uten evne til dyptgripende reform. Den nye regjeringen er en av de svakeste i landets historie. Med fire partier n\u00e6r sperregrensen vil Arbeiderpartiet m\u00e5tte kj\u00f8pe husfred med oljepenger. <\/p>\n<ul class=\"hyperion-css-pkq1ci\" data-test-tag=\"list\">\n<li class=\"hyperion-css-12h2ush\">Norsk \u00f8konomi forsterker problemet. En stadig st\u00f8rre andel av befolkningen mottar trygd eller andre trygdeytelser, noe som gj\u00f8r at flere nyter og f\u00e6rre yter. Mange velgere har derfor \u00f8konomisk interesse av \u00e5 utvide en forvokst stat ytterligere.<\/li>\n<li class=\"hyperion-css-12h2ush\">Ogs\u00e5 privat sektor p\u00e5virkes. Mange bedrifter er avhengige av staten som kunde og tjener mer p\u00e5 fakturerende ineffektivitet enn p\u00e5 innovasjon. N\u00e5r staten insisterer p\u00e5 <a aria-label=\"kostbar og upraktisk\" class=\"default_opinion_e24spaltist hyperion-css-1rezu2g\" href=\"https:\/\/anlegg.bygg.no\/driftskontrakt-presis-vegdrift-as-statens-vegvesen\/veidriftskontrakter-klimakrav-fordyrer-kraftig\/2859100\" rel=\"noopener nofollow noreferrer\" data-test-tag=\"external-link\" target=\"_blank\">kostbar og upraktisk<\/a> \u00abgr\u00f8nn\u00bb teknologi med tvilsom effekt, sementeres strukturer som hemmer effektivitet ytterligere.<\/li>\n<li class=\"hyperion-css-12h2ush\">Norsk innvandringspolitikk er ikke \u00f8konomisk b\u00e6rekraftig. Mens tilhengerne p\u00e5sto at \u00e5pne d\u00f8rer ville gi \u00f8konomisk vekst, har eksperimentet sammenfalt med lavere \u00f8konomisk vekst, investeringer og innovasjon. Storstilt import av lavproduktive borgere var ingen mirakelkur.<\/li>\n<li class=\"hyperion-css-12h2ush\">Integreringen g\u00e5r ofte saktere enn forutsatt, og mange st\u00e5r utenfor arbeidslivet. Vi betaler for dette med tap av indre samhold. Resultatet er h\u00f8ye offentlige kostnader, avtagende samfunns\u00f8konomiske gevinster og en politisk kultur preget av taletrengt maktesl\u00f8shet.<\/li>\n<\/ul>\n<p class=\"hyperion-css-1lemvax\">Norge klarer ikke engang \u00e5 stramme inn innvandringspolitikken til samme niv\u00e5 som Sverige, Danmark og <a aria-label=\"Storbritannia\" class=\"default_opinion_e24spaltist hyperion-css-1rezu2g\" href=\"https:\/\/www.gov.uk\/government\/news\/biggest-overhaul-of-legal-migration-model-in-50-years-announced\" rel=\"noopener nofollow noreferrer\" data-test-tag=\"external-link\" target=\"_blank\">Storbritannia<\/a> hva gjelder familiegjenforening, deportasjon og beslaglegging av verdier.Det er n\u00e5\u00a0over 100 000\u00a0ukrainere i Norge. Dersom freden ikke blir som h\u00e5pet, kan de bli mange flere. Regjeringen har ikke lagt planer for \u00e5 forhindre dette. <\/p>\n<p class=\"hyperion-css-1lemvax\">Summen av sterke interesser, \u00f8kende trygdeavhengighet, overregulering, rettsliggj\u00f8ring og n\u00e6ringslivets bindinger skaper en demosklerotisk stat. Alle akt\u00f8rer handler rasjonelt for seg selv, men resultatet er irrasjonelt for fellesskapet og hemmer n\u00f8dvendig modernisering.<\/p>\n<p class=\"hyperion-css-1lemvax\">Norge st\u00e5r derfor overfor mer enn en teknologidebatt\u00a0\u2013 det st\u00e5r overfor en strukturell n\u00f8dvendighet. Selv om teknologi ikke alene kan l\u00f8se strukturelle utfordringer, kan den styrke statens handlekraft og bidra til \u00e5 gj\u00f8re velferdsstaten b\u00e6rekraftig.<\/p>\n<p class=\"hyperion-css-1lemvax\">Teknologi kan bryte stillstanden ved \u00e5 redusere kostnader, effektivisere tjenester og forbedre beslutningsprosesser. Kunstig intelligens, roboter og digitale kundebehandling kan gi offentlig sektor nye verkt\u00f8y og bryte stagnasjonens makt.<\/p>\n<p class=\"hyperion-css-1lemvax\"><strong>Det er gode grunner til modernisering. <\/strong><\/p>\n<p class=\"hyperion-css-1lemvax\">Skatteordningene b\u00f8r fremme det vi vil ha mer av \u2013 som gr\u00fcndere og barnefamilier. Arbeidskraft b\u00f8r flyttes fra administrativ til produktiv sektor. Langt f\u00e6rre b\u00f8r ta h\u00f8yere utdanning. Langt flere b\u00f8r oppmuntres til \u00e5 velge arbeid fremfor trygd.<\/p>\n<p class=\"hyperion-css-1lemvax\">Endring er mulig &#8211; og det finnes h\u00e5p. Olson skriver i The Logic of Collective Action (1965): \u00ab\u00c5 si at en situasjon er \u00abfortapt\u00bb eller h\u00e5pl\u00f8s er det samme som \u00e5 si at den er perfekt, for i begge tilfeller kan ikke fors\u00f8k p\u00e5 forbedring gi noen positive resultater.\u00bb<\/p>\n<p>Dette er E24s faste spaltister<\/p>\n<p class=\"hyperion-css-1lemvax\">Alle spaltene <a aria-label=\"kan leses her\" class=\"default_opinion_e24spaltist hyperion-css-1rezu2g\" href=\"https:\/\/e24.no\/emne\/64b268f4-0a36-43f2-89a4-a1987c501d33\/spaltist\" rel=\"noopener nofollow\" data-test-tag=\"external-link\" target=\"_blank\">kan leses her<\/a>. <\/p>\n<ul class=\"hyperion-css-101xvgp\">\n<li class=\"hyperion-css-ffhm6p\"><img decoding=\"async\" class=\"image-asset hyperion-css-n6kkq1\" data-test-tag=\"image-asset\" src=\"https:\/\/www.europesays.com\/no\/wp-content\/uploads\/2025\/12\/0306f316-3c4b-4a6f-aeae-e3c9f1c21086\"  alt=\"\"  fetchpriority=\"auto\" style=\"aspect-ratio:1900 \/ 1267\"\/>TEKNOLOGI. Sophia Adampour\n<p class=\"hyperion-css-1lemvax\">Grunnlegger av teknologihuben Verse. Skriver om blokkjede, krypto og teknologi. <\/p>\n<\/li>\n<li class=\"hyperion-css-ffhm6p\"><img decoding=\"async\" class=\"image-asset hyperion-css-n6kkq1\" data-test-tag=\"image-asset\" src=\"https:\/\/www.europesays.com\/no\/wp-content\/uploads\/2025\/12\/4f99deef-2cd5-425a-97ab-96530809ab89\"  alt=\"\"  fetchpriority=\"auto\" style=\"aspect-ratio:1900 \/ 1268\"\/>TEKNOLOGI. Eirin Larsen\n<p class=\"hyperion-css-1lemvax\">Teknologistrateg i Telenor og styremedlem i Fritt Ord. Tidligere journalist i bla. Adresseavisen og Dagens N\u00e6ringsliv.  <\/p>\n<\/li>\n<li class=\"hyperion-css-ffhm6p\"><img decoding=\"async\" class=\"image-asset hyperion-css-n6kkq1\" data-test-tag=\"image-asset\" src=\"https:\/\/www.europesays.com\/no\/wp-content\/uploads\/2025\/12\/d3dc72a8-25b4-4aaa-a4e9-55807694b653\"  alt=\"\"  fetchpriority=\"auto\" style=\"aspect-ratio:1900 \/ 1290\"\/>TEKNOLOGI. Ishita Barua\n<p class=\"hyperion-css-1lemvax\">KI-forsker ved UiA, PhD, lege og techgr\u00fcnder.<\/p>\n<\/li>\n<li class=\"hyperion-css-ffhm6p\"><img decoding=\"async\" class=\"image-asset hyperion-css-n6kkq1\" data-test-tag=\"image-asset\" src=\"https:\/\/www.europesays.com\/no\/wp-content\/uploads\/2025\/12\/8844fdd0-61ac-4af4-9c82-5cb8d73f5a7b\"  alt=\"\"  fetchpriority=\"auto\" style=\"aspect-ratio:1900 \/ 1267\"\/>UTENRIKS. Ine Marie Eriksen S\u00f8reide\n<p class=\"hyperion-css-1lemvax\">Leder i Stortingets utenriks- og forsvarskomit\u00e9 (H\u00f8yre). Tidligere forsvarsminister og utenriksminister. <\/p>\n<\/li>\n<li class=\"hyperion-css-ffhm6p\"><img decoding=\"async\" class=\"image-asset hyperion-css-n6kkq1\" data-test-tag=\"image-asset\" src=\"https:\/\/www.europesays.com\/no\/wp-content\/uploads\/2025\/12\/58317d43-ef94-4501-828f-5dd8a5772737\"  alt=\"\"  fetchpriority=\"auto\" style=\"aspect-ratio:1900 \/ 1267\"\/>UTENRIKS. Espen Barth Eide\n<p class=\"hyperion-css-1lemvax\">Utenriksminister (Ap). Tidligere klima- og milj\u00f8minister. <\/p>\n<\/li>\n<li class=\"hyperion-css-ffhm6p\"><img decoding=\"async\" class=\"image-asset hyperion-css-n6kkq1\" data-test-tag=\"image-asset\" src=\"https:\/\/www.europesays.com\/no\/wp-content\/uploads\/2025\/12\/c617320c-be23-4dc8-b704-4c3e16a070a9\"  alt=\"\"  fetchpriority=\"auto\" style=\"aspect-ratio:650 \/ 455\"\/>UTENRIKS OG POLITIKK. Asle Toje\n<p class=\"hyperion-css-1lemvax\">Utenrikspolitisk kommentator og forsker. <\/p>\n<\/li>\n<li class=\"hyperion-css-ffhm6p\"><img decoding=\"async\" class=\"image-asset hyperion-css-n6kkq1\" data-test-tag=\"image-asset\" src=\"https:\/\/www.europesays.com\/no\/wp-content\/uploads\/2025\/12\/c0629f46-8d1e-456c-9383-8fbdd767a2e6\"  alt=\"\"  fetchpriority=\"auto\" style=\"aspect-ratio:548 \/ 428\"\/>POLITIKK, KLIMA OG ENERGI. \u00d8ystein Sj\u00f8lie.\n<p class=\"hyperion-css-1lemvax\">Utdannet samfunns\u00f8konom fra Universitetet i Oslo. Har v\u00e6rt byr\u00e5krat og journalist. De siste \u00e5rene har han skrevet mye om klima- og energiutfordringen, og publiserte &laquo;Oljeboka&raquo; i 2024.<\/p>\n<\/li>\n<li class=\"hyperion-css-ffhm6p\"><img decoding=\"async\" class=\"image-asset hyperion-css-n6kkq1\" data-test-tag=\"image-asset\" src=\"https:\/\/www.europesays.com\/no\/wp-content\/uploads\/2025\/12\/ce08866f-fee0-4f9a-87c3-728a125cdeb9\"  alt=\"\"  fetchpriority=\"auto\" style=\"aspect-ratio:956 \/ 1446\"\/>POLITIKK. Mathias Fischer\n<p class=\"hyperion-css-1lemvax\">Daglig leder i Initiativ Vest. Tidligere journalist og politiker. <\/p>\n<\/li>\n<li class=\"hyperion-css-ffhm6p\"><img decoding=\"async\" class=\"image-asset hyperion-css-n6kkq1\" data-test-tag=\"image-asset\" src=\"https:\/\/www.europesays.com\/no\/wp-content\/uploads\/2025\/12\/2203a73b-d42c-4d31-9b2d-af12139e5a49\"  alt=\"\"  fetchpriority=\"auto\" style=\"aspect-ratio:1900 \/ 2074\"\/>EU OG EUROPA. Lina Strandv\u00e5g Nagell\n<p class=\"hyperion-css-1lemvax\">Leder for Prosjekter og EU-Politikk ved Bellonas Brussel-kontor. Skriver spalten Fra Brussel om hva som skjer i unionen. <\/p>\n<\/li>\n<li class=\"hyperion-css-ffhm6p\"><img decoding=\"async\" class=\"image-asset hyperion-css-n6kkq1\" data-test-tag=\"image-asset\" src=\"https:\/\/www.europesays.com\/no\/wp-content\/uploads\/2025\/12\/89142cf4-bd3e-4259-9f1b-72ec30a2d74e\"  alt=\"\"  fetchpriority=\"auto\" style=\"aspect-ratio:1900 \/ 1267\"\/>EU OG EUROPA. George Riekeles\n<p class=\"hyperion-css-1lemvax\">Assisterende direkt\u00f8r ved den Brussel-baserte tenketanken European Policy Center (EPC). F\u00f8r dette var han blant annet diplomatisk r\u00e5dgiver for EUs sjefforhandler under Brexit. Skriver spalten Fra Brussel om hva som skjer i unionen. <\/p>\n<\/li>\n<li class=\"hyperion-css-ffhm6p\"><img decoding=\"async\" class=\"image-asset hyperion-css-n6kkq1\" data-test-tag=\"image-asset\" src=\"https:\/\/www.europesays.com\/no\/wp-content\/uploads\/2025\/12\/91a675ac-7df1-4c8e-b6b9-00989784e04c\"  alt=\"\"  fetchpriority=\"auto\" style=\"aspect-ratio:1900 \/ 1247\"\/>OLJEFONDET. Carine Smith Ihenacho\n<p class=\"hyperion-css-1lemvax\">Direkt\u00f8r for eierskap og etterlevelse, Norges Bank Investment Management, popul\u00e6rt kalt Oljefondet. <\/p>\n<\/li>\n<li class=\"hyperion-css-ffhm6p\"><img decoding=\"async\" class=\"image-asset hyperion-css-n6kkq1\" data-test-tag=\"image-asset\" src=\"https:\/\/www.europesays.com\/no\/wp-content\/uploads\/2025\/12\/0d65f368-9c54-465d-ba4e-69457934fb96\"  alt=\"\"  fetchpriority=\"auto\" style=\"aspect-ratio:1900 \/ 1268\"\/>N\u00c6RINGSLIV. Johan Andresen\n<p class=\"hyperion-css-1lemvax\">Styreleder og investor i Ferd-konsernet, med et ekstra engasjement for sosialt entrepren\u00f8rskap. <\/p>\n<\/li>\n<li class=\"hyperion-css-ffhm6p\"><img decoding=\"async\" class=\"image-asset hyperion-css-n6kkq1\" data-test-tag=\"image-asset\" src=\"https:\/\/www.europesays.com\/no\/wp-content\/uploads\/2025\/12\/bd4038f3-e720-44a8-9a6d-4ea161531218\"  alt=\"\"  fetchpriority=\"auto\" style=\"aspect-ratio:1900 \/ 747\"\/>SKATT. Bettina Banoun\n<p class=\"hyperion-css-1lemvax\">Advokat, dr.juris. og partner i Wiersholm. Ogs\u00e5 medlem av Skatteutvalget. <\/p>\n<\/li>\n<\/ul>\n","protected":false},"excerpt":{"rendered":"DE STYRENDE. F.v.: Statsminister Jonas Gahr St\u00f8re (Ap), SV-leder Kirsti Bergst\u00f8, SP-leder Trygve Slagsvold Vedum, MDG-leder Arild Hermstad&hellip;\n","protected":false},"author":2,"featured_media":102099,"comment_status":"","ping_status":"","sticky":false,"template":"","format":"standard","meta":{"footnotes":""},"categories":[10],"tags":[20,21,24,25,15,22,23,13,30,28,29,14,16,26,27],"class_list":{"0":"post-102098","1":"post","2":"type-post","3":"status-publish","4":"format-standard","5":"has-post-thumbnail","7":"category-norge","8":"tag-breaking-news","9":"tag-breakingnews","10":"tag-featured-news","11":"tag-featurednews","12":"tag-headlines","13":"tag-latest-news","14":"tag-latestnews","15":"tag-news","16":"tag-no","17":"tag-norge","18":"tag-norway","19":"tag-nyheter","20":"tag-overskrifter","21":"tag-top-stories","22":"tag-topstories"},"share_on_mastodon":{"url":"https:\/\/pubeurope.com\/@no\/115649383689741354","error":""},"_links":{"self":[{"href":"https:\/\/www.europesays.com\/no\/wp-json\/wp\/v2\/posts\/102098","targetHints":{"allow":["GET"]}}],"collection":[{"href":"https:\/\/www.europesays.com\/no\/wp-json\/wp\/v2\/posts"}],"about":[{"href":"https:\/\/www.europesays.com\/no\/wp-json\/wp\/v2\/types\/post"}],"author":[{"embeddable":true,"href":"https:\/\/www.europesays.com\/no\/wp-json\/wp\/v2\/users\/2"}],"replies":[{"embeddable":true,"href":"https:\/\/www.europesays.com\/no\/wp-json\/wp\/v2\/comments?post=102098"}],"version-history":[{"count":0,"href":"https:\/\/www.europesays.com\/no\/wp-json\/wp\/v2\/posts\/102098\/revisions"}],"wp:featuredmedia":[{"embeddable":true,"href":"https:\/\/www.europesays.com\/no\/wp-json\/wp\/v2\/media\/102099"}],"wp:attachment":[{"href":"https:\/\/www.europesays.com\/no\/wp-json\/wp\/v2\/media?parent=102098"}],"wp:term":[{"taxonomy":"category","embeddable":true,"href":"https:\/\/www.europesays.com\/no\/wp-json\/wp\/v2\/categories?post=102098"},{"taxonomy":"post_tag","embeddable":true,"href":"https:\/\/www.europesays.com\/no\/wp-json\/wp\/v2\/tags?post=102098"}],"curies":[{"name":"wp","href":"https:\/\/api.w.org\/{rel}","templated":true}]}}