{"id":1021,"date":"2025-08-06T21:42:14","date_gmt":"2025-08-06T21:42:14","guid":{"rendered":"https:\/\/www.europesays.com\/no\/1021\/"},"modified":"2025-08-06T21:42:14","modified_gmt":"2025-08-06T21:42:14","slug":"slik-fikk-kona-vite-at-savnede-alec-luhn-overlevde-reaksjonen-var-overveldende","status":"publish","type":"post","link":"https:\/\/www.europesays.com\/no\/1021\/","title":{"rendered":"Slik fikk kona vite at savnede Alec Luhn overlevde: \u2013 Reaksjonen var overveldende"},"content":{"rendered":"\n<ul class=\"_list_1bvmi_3 _list_1flq1_85 _unordered_1bvmi_99 text-sans-m\">\n<li class=\"_item_1bvmi_30\">Den savnede amerikanske journalisten Alec Luhn (38) ble funnet alvorlig skadet i fjellet etter seks d\u00f8gn.<\/li>\n<li class=\"_item_1bvmi_30\">Luhns kone br\u00f8t ut i gledeshyl da hun fikk nyheten.<\/li>\n<li class=\"_item_1bvmi_30\">Redningsleder Jan \u00c5ge Steng\u00e5rdsbakken ber\u00f8mmer innsatsen fra redningsmannskapene i det krevende terrenget.<\/li>\n<\/ul>\n<p>Vis mer <\/p>\n<p class=\"_paragraph_1bvmi_4 _paragraph_xtcu6_10 layout-component text-serif-m layout-normal text-serif-m layout-padded\">\u2013 Reaksjonen var helt overveldende. Det var gledeshyl og det hele. Ren takknemlighet, sier hjelpekorpslederen fra Odda til VG.<\/p>\n<p class=\"_paragraph_1bvmi_4 _paragraph_xtcu6_10 layout-component text-serif-m layout-normal text-serif-m layout-padded\"><strong class=\"_strong_1bvmi_25\">\u2013 Det var en sterk reaksjon og vanvittig kjekt \u00e5 kunne overbringe budskapet om at mannen hennes levde.<\/strong><\/p>\n<p class=\"_paragraph_1bvmi_4 _paragraph_xtcu6_10 layout-component text-serif-m layout-normal text-serif-m layout-padded\">Jan \u00c5ge Steng\u00e5rdsbakken<strong class=\"_strong_1bvmi_25\"> <\/strong>(62) bisto selv under redningsaksjonen etter den amerikanske klimajournalisten.<\/p>\n<p class=\"_paragraph_1bvmi_4 _paragraph_xtcu6_10 layout-component text-serif-m layout-normal text-serif-m layout-padded\">Onsdag 6. august klokken 11.34 ble Alec Luhn <a href=\"https:\/\/www.vg.no\/nyheter\/i\/B08llv\/savnede-alec-luhn-38-funnet-i-live\" data-track-element-type=\"Link\" data-track-id=\"link:B08llv\" class=\"_link_1bvmi_39\" rel=\"nofollow noopener\" target=\"_blank\">funnet alvorlig skadet<\/a> i en fjellside like nord for Nedre Buarbreen i Ullensvang kommune.<\/p>\n<p><img alt=\"Leder i Odda R\u00f8de Kors, Jan \u00c5ge Steng\u00e5rdsbakken (62). Her sammen med administrativ leder Gunn Dagestad ved en tidligere anledning.   Foto: Privat\" class=\"_image_qp4xg_65 layout-component layout-normal\" data-fullscreen- data-track-element-type=\"Article image fullscreen\" data-track-name=\"ImageFullscreen\" decoding=\"async\" loading=\"lazy\" height=\"1440\" itemprop=\"image\"  src=\"https:\/\/www.europesays.com\/no\/wp-content\/uploads\/2025\/08\/84137c7f-264b-4439-b75b-562fdaa4a567\"  style=\"object-position:0% 0%\" width=\"1080\"\/>Leder i Odda R\u00f8de Kors, Jan \u00c5ge Steng\u00e5rdsbakken (62). Her sammen med administrativ leder Gunn Dagestad ved en tidligere anledning.   Foto: Privat<\/p>\n<p class=\"_paragraph_1bvmi_4 _paragraph_xtcu6_10 layout-component text-serif-m layout-normal text-serif-m layout-padded\">Da hadde 38-\u00e5ringen v\u00e6rt <a href=\"https:\/\/www.vg.no\/nyheter\/i\/73r9J8\/alec-luhn-38-savnet-siden-torsdag-de-maa-finne-ham\" data-track-element-type=\"Link\" data-track-id=\"link:73r9J8\" class=\"_link_1bvmi_39\" rel=\"nofollow noopener\" target=\"_blank\">meldt savnet<\/a> siden mandag og <a href=\"https:\/\/www.vg.no\/nyheter\/i\/5E20qW\/alec-luhn-savnet-ved-folgefonna-dagboknotater-skal-avsloere-nye-spor\" data-track-element-type=\"Link\" data-track-id=\"link:5E20qW\" class=\"_link_1bvmi_39\" rel=\"nofollow noopener\" target=\"_blank\">ikke gitt livstegn fra seg siden torsdag<\/a> 31. juli.<\/p>\n<p class=\"_paragraph_1bvmi_4 _paragraph_xtcu6_10 layout-component text-serif-m layout-normal text-serif-m layout-padded\">\u2013 Vi er veldig, veldig glade! Tusen takk til alle i Norge som har bidratt til \u00e5 finne ham, utbr\u00f8t kona Veronika Silchenko p\u00e5 telefon til VG tidligere onsdag.<\/p>\n<p class=\"_paragraph_1bvmi_4 _paragraph_xtcu6_10 layout-component text-serif-m layout-normal text-serif-m layout-padded\">Hun har n\u00e5 reist fra parets hjem i England til Bergen for \u00e5 gjenforenes med ektemannen.<\/p>\n<p class=\"_paragraph_1bvmi_4 _paragraph_xtcu6_10 layout-component text-serif-m layout-normal text-serif-m layout-padded\">I sosiale medier gir ogs\u00e5 andre familiemedlemmer uttrykk for stor lettelse. Det fremg\u00e5r av et Instagram-innlegg Instagram-innlegg https:\/\/www.instagram.com\/drew.in.no.time\/flere rundt Alec Luhn har delt.<\/p>\n<p class=\"_paragraph_1bvmi_4 _paragraph_xtcu6_10 layout-component text-serif-m layout-normal text-serif-m layout-padded\">\u2013 Vi kan puste igjen, skriver s\u00f8steren Drew Avanell i innlegget.<\/p>\n<ul class=\"_gallery_1jh5h_23\" tabindex=\"0\">\n<li class=\"_item_1jh5h_36\" data-index=\"0\"><img decoding=\"async\" class=\"_image_foru8_23 _articleGallery_foru8_39\" data-fullscreen- width=\"1600\" height=\"1200\" itemprop=\"image\" loading=\"lazy\"  src=\"https:\/\/www.europesays.com\/no\/wp-content\/uploads\/2025\/08\/d880d86f-5aee-4be5-b635-9c8dc331491d\"  style=\"object-position:50% 50%;aspect-ratio:var(--gallery-aspect-ratio, 16 \/ 9)\"\/>SAVNET I FLERE DAGER: \u2013 Det er vanskelig \u00e5 forklare hvordan jeg har det n\u00e5, sier kona Veronika Silchenko til VG. Onsdag 6. august ble Alec Luhn funnet i live.  Foto: Privat <\/li>\n<li class=\"_item_1jh5h_36\" data-index=\"1\"><img decoding=\"async\" class=\"_image_foru8_23 _articleGallery_foru8_39\" data-fullscreen- width=\"1280\" height=\"960\" itemprop=\"image\" loading=\"lazy\"  src=\"https:\/\/www.europesays.com\/no\/wp-content\/uploads\/2025\/08\/43188d9f-e63b-4cc3-9a58-9f865a662596\"  style=\"object-position:50% 50%;aspect-ratio:var(--gallery-aspect-ratio, 16 \/ 9)\"\/>TURGLADE: Ekteparet Alec Luhn og Veronika Silchenko. Foto: Privat<\/li>\n<\/ul>\n<p>SAVNET I FLERE DAGER: \u2013 Det er vanskelig \u00e5 forklare hvordan jeg har det n\u00e5, sier kona Veronika Silchenko til VG. Onsdag 6. august ble Alec Luhn funnet i live.  Foto: Privat <\/p>\n<p>\u2013 Fantastisk prestasjon<\/p>\n<p class=\"_paragraph_1bvmi_4 _paragraph_xtcu6_10 layout-component text-serif-m layout-normal text-serif-m layout-padded\">R\u00f8de Kors-leder Stensg\u00e5rdbakken mener det er utrolig at amerikaneren overlevde.<\/p>\n<p class=\"_paragraph_1bvmi_4 _paragraph_xtcu6_10 layout-component text-serif-m layout-normal text-serif-m layout-padded\"><strong class=\"_strong_1bvmi_25\">\u2013 Det er en fantastisk prestasjon \u00e5 klare seg i dette v\u00e6ret. Det er helt klart. V\u00e6ret var ganske all right torsdag, fredag og l\u00f8rdag. Drittv\u00e6ret startet s\u00f8ndag. Han har hatt t\u00f8ffe netter, fastsl\u00e5r hjelpekorpslederen.<\/strong><\/p>\n<p class=\"_paragraph_1bvmi_4 _paragraph_xtcu6_10 layout-component text-serif-m layout-normal text-serif-m layout-padded\">Luhn ble fl\u00f8yet til Haukeland universitetssjukehus der han n\u00e5 ligger innlagt.<\/p>\n<ul class=\"_gallery_1jh5h_23\" tabindex=\"0\">\n<li class=\"_item_1jh5h_36\" data-index=\"0\"><img decoding=\"async\" class=\"_image_foru8_23 _articleGallery_foru8_39\" data-fullscreen- width=\"562\" height=\"1218\" itemprop=\"image\" loading=\"lazy\"  src=\"https:\/\/www.europesays.com\/no\/wp-content\/uploads\/2025\/08\/3f6271dd-43bf-4565-99b0-c6544e35af02\"  style=\"object-position:50% 50%;aspect-ratio:var(--gallery-aspect-ratio, 16 \/ 9)\"\/>FUNNSTEDET: Savnede Alec Luhn ble oppdaget og reddet av et redningshelikopter. Foto: Hovedredningssentralen<\/li>\n<li class=\"_item_1jh5h_36\" data-index=\"1\"><img decoding=\"async\" class=\"_image_foru8_23 _articleGallery_foru8_39\" data-fullscreen- width=\"1512\" height=\"2016\" itemprop=\"image\" loading=\"lazy\"  src=\"https:\/\/www.europesays.com\/no\/wp-content\/uploads\/2025\/08\/af37e721-9c29-4e55-aaee-00dc66ce25b9\"  style=\"object-position:50% 50%;aspect-ratio:var(--gallery-aspect-ratio, 16 \/ 9)\"\/>SYKEHUSINNLAGT: Her trilles Alec Luhn fra redningshelikopteret og inn p\u00e5 Haukeland Universitetssykehus i Bergen.  Foto: Hovedredningssentralen<\/li>\n<\/ul>\n<p>FUNNSTEDET: Savnede Alec Luhn ble oppdaget og reddet av et redningshelikopter. Foto: Hovedredningssentralen<\/p>\n<p class=\"_paragraph_1bvmi_4 _paragraph_xtcu6_10 layout-component text-serif-m layout-normal text-serif-m layout-padded\">Geir Arne Sunde, leder for traumesenteret og luftambulanselege, bekrefter i et tidligere <a href=\"https:\/\/www.vg.no\/nyheter\/i\/B08llv\/savnede-alec-luhn-38-funnet-i-live\" data-track-element-type=\"Link\" data-track-id=\"link:B08llv\" class=\"_link_1bvmi_39\" rel=\"nofollow noopener\" target=\"_blank\">VG-intervju<\/a> at dette fort kunne g\u00e5tt galt:<\/p>\n<p class=\"_paragraph_1bvmi_4 _paragraph_xtcu6_10 layout-component text-serif-m layout-normal text-serif-m layout-padded\">\u2013 Han har klart seg i fjellet i veldig d\u00e5rlig v\u00e6r i seks d\u00f8gn, uten s\u00e6rlig mat og drikke. Han har v\u00e6rt veldig heldig, sier legen.<\/p>\n<p><img decoding=\"async\" alt=\"Bilde av Geir Arne Sunde\" class=\"_image_ygndg_42\" height=\"53\" itemprop=\"image\" loading=\"lazy\"  src=\"https:\/\/www.europesays.com\/no\/wp-content\/uploads\/2025\/08\/2a517131-6ea1-4a12-9b20-90253d861e9d\"  width=\"40\"\/><strong class=\"_name_ygndg_51 title-serif-xs\">Geir Arne Sunde<\/strong><\/p>\n<p class=\"_paragraph_1bvmi_4 text-sans-m _description_ygndg_56\">Leder for traumesenteret i Helse Bergen og luftambulanselege<\/p>\n<p class=\"_paragraph_1bvmi_4 _paragraph_xtcu6_10 layout-component text-serif-m layout-normal text-serif-m layout-padded\">Amerikaneren har v\u00e6rt \u00abmutt alenemutt aleneHelt alene.\u00bb dagene i fjellet uten annet enn noen sjokoladebarer og regnvann han fikk i seg da v\u00e6ret slo om.<\/p>\n<p>\u2013 Kry av mine medarbeidere<\/p>\n<p class=\"_paragraph_1bvmi_4 _paragraph_xtcu6_10 layout-component text-serif-m layout-normal text-serif-m layout-padded\">Jan \u00c5ge Stensg\u00e5rdbakken beskriver redningsaksjonen som den mest omfattende og krevende han har deltatt i:<\/p>\n<p class=\"_paragraph_1bvmi_4 _paragraph_xtcu6_10 layout-component text-serif-m layout-normal text-serif-m layout-padded\">\u2013 S\u00f8keforholdene har v\u00e6rt krevende. Vi startet aksjonen mandag. Buerdalen er krevende p\u00e5 grunn av topografi og terreng. Det er steinete, bratt og ur, ikke noe kjekt, sier han til VG.<\/p>\n<p><img alt=\"KREVENDE S\u00d8K: D\u00e5rlig v\u00e6r, mye vind og glatte fjell gjorde redningsarbeidet vanskelig.  Foto: R\u00f8de Kors\" class=\"_image_qp4xg_65 layout-component layout-normal\" data-fullscreen- data-track-element-type=\"Article image fullscreen\" data-track-name=\"ImageFullscreen\" decoding=\"async\" loading=\"lazy\" height=\"765\" itemprop=\"image\"  src=\"https:\/\/www.europesays.com\/no\/wp-content\/uploads\/2025\/08\/1754516533_712_769cef4e-e6ad-4ebf-8c5d-6fc4ecb7668f\"  style=\"object-position:0% 0%\" width=\"607\"\/>KREVENDE S\u00d8K: D\u00e5rlig v\u00e6r, mye vind og glatte fjell gjorde redningsarbeidet vanskelig.  Foto: R\u00f8de Kors<\/p>\n<p class=\"_paragraph_1bvmi_4 _paragraph_xtcu6_10 layout-component text-serif-m layout-normal text-serif-m layout-padded\">Alvoret i aksjonen var klart fra start.<\/p>\n<p class=\"_paragraph_1bvmi_4 _paragraph_xtcu6_10 layout-component text-serif-m layout-normal text-serif-m layout-padded\">\u2013 Det var regn, glatt og vind. M\u00f8rkt ble det ogs\u00e5 p\u00e5 mandag. Tirsdagen hadde vi skodde, regn og vind i samme omr\u00e5de. Vi transporterte ogs\u00e5 redningsfolk opp p\u00e5 en annen side der det var vanvittig med vind.<\/p>\n<p class=\"_paragraph_1bvmi_4 _paragraph_xtcu6_10 layout-component text-serif-m layout-normal text-serif-m layout-padded\">Stensg\u00e5rdbakken ber\u00f8mmer s\u00e6rlig mannskapene som var ute og gikk i fjellet.<\/p>\n<p class=\"_paragraph_1bvmi_4 _paragraph_xtcu6_10 layout-component text-serif-m layout-normal text-serif-m layout-padded\"><strong class=\"_strong_1bvmi_25\">\u2013 Jeg er kry av mine medarbeidere i R\u00f8de Kors og redningsetaten. Jeg har ikke v\u00e6rt med p\u00e5 en s\u00e5 stor innsats tidligere. Innsatsen som ble lagt ned i denne aksjonen er formidabel!<\/strong><\/p>\n<p class=\"_paragraph_1bvmi_4 _paragraph_xtcu6_10 layout-component text-serif-m layout-normal text-serif-m layout-padded\">Stemningen blant de frivillige er ubeskrivelig, oppsummerer han. Til <a href=\"https:\/\/www.bt.no\/hendelser\/i\/qP5Abe\/folgefonna-letemannskapene-vi-er-i-lykkerus\" class=\"_link_1bvmi_39\" rel=\"nofollow noopener\" target=\"_blank\">Bergens Tidende<\/a> oppsummerte han den slik:<\/p>\n<p class=\"_paragraph_1bvmi_4 _paragraph_xtcu6_10 layout-component text-serif-m layout-normal text-serif-m layout-padded\">\u2013 Vi er i lykkerus!<\/p>\n<p><img alt=\"REDDET: Alec Luhn er klimajournalist og har skrevet for publikasjoner som The Guardian, The Atlantic og National Geographic. 38-\u00e5ringen er bosatt i England og jobber n\u00e5 for\u00a0Pulitzer Center.\" class=\"_image_qp4xg_65 layout-component layout-normal\" data-fullscreen- data-track-element-type=\"Article image fullscreen\" data-track-name=\"ImageFullscreen\" decoding=\"async\" loading=\"lazy\" height=\"1536\" itemprop=\"image\"  src=\"https:\/\/www.europesays.com\/no\/wp-content\/uploads\/2025\/08\/d8769f8f-5795-4134-a47f-449bc860ca4d\"  style=\"object-position:0% 0%\" width=\"2048\"\/>REDDET: Alec Luhn er klimajournalist og har skrevet for publikasjoner som The Guardian, The Atlantic og National Geographic. 38-\u00e5ringen er bosatt i England og jobber n\u00e5 for\u00a0Pulitzer Center.<\/p>\n<p class=\"_paragraph_1bvmi_4 _paragraph_xtcu6_10 layout-component text-serif-m layout-normal text-serif-m layout-padded\">Amerikaneren ble til slutt funnet av et redningshelikopter. Da hadde Alec Luhn sett helikopteret flere ganger og forgjeves gitt tegn \u2013 uten \u00e5 bli oppdaget \u2013 de siste dagene.<\/p>\n<p class=\"_paragraph_1bvmi_4 _paragraph_xtcu6_10 layout-component text-serif-m layout-normal text-serif-m layout-padded\">D\u00e5rlig flyv\u00e6r og skodde gjorde at helikopteret flere ganger m\u00e5tte avbryte.<\/p>\n<p class=\"_paragraph_1bvmi_4 _paragraph_xtcu6_10 layout-component text-serif-m layout-normal text-serif-m layout-padded\">\u2013 I dag har det v\u00e6rt over 50 mannskap og to redningshelikopter i sving, forteller Steng\u00e5rdsbakken til VG.<\/p>\n<p class=\"_paragraph_1bvmi_4 _paragraph_xtcu6_10 layout-component text-serif-m layout-normal text-serif-m layout-padded\">Frivillige fra R\u00f8de Kors fra Hordaland og Rogaland, mannskap fra Norsk Folkehjelp og Norges alpin og redningsgruppe har lett etter amerikaneren. I tillegg har Norske Redningshunder stilt med ekvipasjer.<\/p>\n<p>Aktiver kart<br \/>\nTilbudt ressurser<\/p>\n<p class=\"_paragraph_1bvmi_4 _paragraph_xtcu6_10 layout-component text-serif-m layout-normal text-serif-m layout-padded\">At det ble nettopp Steng\u00e5rdsbakken som fikk gleden over \u00e5 videreformidle at amerikaneren var funnet, beskriver han som en tilfeldighet.<\/p>\n<p class=\"_paragraph_1bvmi_4 _paragraph_xtcu6_10 layout-component text-serif-m layout-normal text-serif-m layout-padded\">\u2013 En kompis av ham sendte melding i dag og ville tilby ressurser med dronefolk og spesialister. Da svarte jeg at jeg satte pris p\u00e5 omtanken hans og ideen, men at vi hadde 50 personell p\u00e5 plass \u2013 8 av dem spesialister p\u00e5 klatring \u2013 i tillegg til to helikopter, hunder og droner. Og at det s\u00e5 bra ut i dag.<\/p>\n<p><img alt=\"GLAD I FJELLET: Alec Luhn beskrives som fjellvant.\" class=\"_image_qp4xg_65 layout-component layout-normal\" data-fullscreen- data-track-element-type=\"Article image fullscreen\" data-track-name=\"ImageFullscreen\" decoding=\"async\" loading=\"lazy\" height=\"3024\" itemprop=\"image\"  src=\"https:\/\/www.europesays.com\/no\/wp-content\/uploads\/2025\/08\/7bc7aa72-4e43-4539-b45b-7e22f2e63085\"  style=\"object-position:0% 0%\" width=\"4032\"\/>GLAD I FJELLET: Alec Luhn beskrives som fjellvant.<\/p>\n<p class=\"_paragraph_1bvmi_4 _paragraph_xtcu6_10 layout-component text-serif-m layout-normal text-serif-m layout-padded\">Kameraten til savnede skal ha takket overstr\u00f8mmende for innsatsen allerede f\u00f8r klimajournalisten Alec Luhn var funnet.<\/p>\n<p class=\"_paragraph_1bvmi_4 _paragraph_xtcu6_10 layout-component text-serif-m layout-normal text-serif-m layout-padded\">Steng\u00e5rdsbakken forteller at han avklarte med politiets innsatsleder p\u00e5 stedet han skulle overbringe gladmeldingen.<\/p>\n<p class=\"_paragraph_1bvmi_4 _paragraph_xtcu6_10 layout-component text-serif-m layout-normal text-serif-m layout-padded\">\u2013 Da koblet kameraten p\u00e5 savnedes frue over telefonen og jeg sa at ektemannen var i live.<\/p>\n<p>    <script async src=\"\/\/www.instagram.com\/embed.js\"><\/script><\/p>\n","protected":false},"excerpt":{"rendered":"Den savnede amerikanske journalisten Alec Luhn (38) ble funnet alvorlig skadet i fjellet etter seks d\u00f8gn. Luhns kone&hellip;\n","protected":false},"author":2,"featured_media":1022,"comment_status":"","ping_status":"","sticky":false,"template":"","format":"standard","meta":{"footnotes":""},"categories":[10],"tags":[20,21,24,25,191,15,22,23,13,30,28,29,14,16,111,214,26,27],"class_list":{"0":"post-1021","1":"post","2":"type-post","3":"status-publish","4":"format-standard","5":"has-post-thumbnail","7":"category-norge","8":"tag-breaking-news","9":"tag-breakingnews","10":"tag-featured-news","11":"tag-featurednews","12":"tag-folgefonna","13":"tag-headlines","14":"tag-latest-news","15":"tag-latestnews","16":"tag-news","17":"tag-no","18":"tag-norge","19":"tag-norway","20":"tag-nyheter","21":"tag-overskrifter","22":"tag-redningsaksjon","23":"tag-rode-kors","24":"tag-top-stories","25":"tag-topstories"},"share_on_mastodon":{"url":"","error":""},"_links":{"self":[{"href":"https:\/\/www.europesays.com\/no\/wp-json\/wp\/v2\/posts\/1021","targetHints":{"allow":["GET"]}}],"collection":[{"href":"https:\/\/www.europesays.com\/no\/wp-json\/wp\/v2\/posts"}],"about":[{"href":"https:\/\/www.europesays.com\/no\/wp-json\/wp\/v2\/types\/post"}],"author":[{"embeddable":true,"href":"https:\/\/www.europesays.com\/no\/wp-json\/wp\/v2\/users\/2"}],"replies":[{"embeddable":true,"href":"https:\/\/www.europesays.com\/no\/wp-json\/wp\/v2\/comments?post=1021"}],"version-history":[{"count":0,"href":"https:\/\/www.europesays.com\/no\/wp-json\/wp\/v2\/posts\/1021\/revisions"}],"wp:featuredmedia":[{"embeddable":true,"href":"https:\/\/www.europesays.com\/no\/wp-json\/wp\/v2\/media\/1022"}],"wp:attachment":[{"href":"https:\/\/www.europesays.com\/no\/wp-json\/wp\/v2\/media?parent=1021"}],"wp:term":[{"taxonomy":"category","embeddable":true,"href":"https:\/\/www.europesays.com\/no\/wp-json\/wp\/v2\/categories?post=1021"},{"taxonomy":"post_tag","embeddable":true,"href":"https:\/\/www.europesays.com\/no\/wp-json\/wp\/v2\/tags?post=1021"}],"curies":[{"name":"wp","href":"https:\/\/api.w.org\/{rel}","templated":true}]}}