{"id":102100,"date":"2025-12-02T09:58:10","date_gmt":"2025-12-02T09:58:10","guid":{"rendered":"https:\/\/www.europesays.com\/no\/102100\/"},"modified":"2025-12-02T09:58:10","modified_gmt":"2025-12-02T09:58:10","slug":"jonas-gahr-store-jens-stoltenberg-4","status":"publish","type":"post","link":"https:\/\/www.europesays.com\/no\/102100\/","title":{"rendered":"Jonas Gahr St\u00f8re, Jens Stoltenberg"},"content":{"rendered":"\n<p>STORTINGET (Nettavisen): Tidlig p\u00e5 l\u00f8rdag morgen tikket det if\u00f8lge Nettavisens opplysninger inn en SMS til de fire partiene som forhandlet statsbudsjett med Arbeiderpartiet:<\/p>\n<p><b>\u00abVelkommen til mitt kontor for \u00e5 signere budsjett\u00bb. <\/b><\/p>\n<p>Meldingen var sendt av Tonje Brenna, Arbeiderpartiets parlamentariske leder, og overrasket de andre partiene i forhandlingene av flere grunner.<\/p>\n<p>Nettavisen har kontaktet Brenna om SMS-en. Hun har ikke besvart henvendelsen.<\/p>\n<p><b>F\u00e5 hele innside-historien om dramatikken her. Du<\/b><b> kan abonnere p\u00e5 podkasten p\u00e5 b\u00e5de <\/b><b><a href=\"https:\/\/open.spotify.com\/show\/07dARiGPuzxxUniKtD7SJW?si=-KOtwAnQT_ubEyw3e1hWqw\" rel=\"nofollow noopener\" target=\"_blank\">Spotify<\/a> og <a href=\"https:\/\/podcasts.apple.com\/no\/podcast\/gilbrant-suvatne\/id1835874398?l=nb\" rel=\"nofollow noopener\" target=\"_blank\">Apple<\/a>.<\/b><\/p>\n<p>Var ikke ferdige<\/p>\n<p>For det f\u00f8rste var verken MDG eller SV i n\u00e6rheten av ferdig med budsjettforhandlingene. De hadde fortsatt ikke f\u00e5tt tilstrekkelig gjennomslag. Dette skulle de heller aldri f\u00e5 innen forhandlingene ble avsluttet.<\/p>\n<p>For det andre hadde partiene tatt forhandlingspause dagen i forveien, og det var avtalt oppstart av nye forhandlinger klokken 10 l\u00f8rdag formiddag. Pausen var det Tonje Brenna selv som tok initiativet til. <\/p>\n<p>At Arbeiderpartiet plutselig, f\u00f8r samtalene startet opp igjen p\u00e5 l\u00f8rdag, inviterte til \u00e5 signere et ferdig statsbudsjett, frustrerte forhandlingspartnerne, if\u00f8lge Nettavisens opplysninger.<\/p>\n<p>SMS-en ble tolket som et tegn p\u00e5 at krav og \u00f8nsker fra s\u00e6rlig SV og MDG ikke ble tatt p\u00e5 alvor av et Ap som n\u00e5 fors\u00f8kte \u00e5 presse frem en enighet blant d\u00f8dsslitne forhandlingspartnere. MDG forlot forhandlingene f\u00e5 timer etter SMS-en ble mottatt.<\/p>\n<p>   <img decoding=\"async\" width=\"9504\" height=\"5346\" fetchpriority=\"low\"  loading=\"lazy\"  src=\"https:\/\/www.europesays.com\/no\/wp-content\/uploads\/2025\/12\/1764669489_112_NTB_81P6nRkIq4M.jpg\" alt=\"Kirsti Bergst\u00f8 (SV) under en pressekonferanse i Stortinget l\u00f8rdag, i forbindelse med ferdigstillelse av statsbudsjettet for 2026.\" class=\"brick-c-cFOWSL\" style=\"--brick-image-ratio: 9504 \/ 5346;\"\/><\/p>\n<p>      F\u00c5R KRITIKK: Kirsti Bergst\u00f8 fikk ikke gjennomslag for sine krav i forhandlingene.<br \/>\n      Foto: Thomas Fure (NTB)\n    <\/p>\n<p>  Ultimatum midt p\u00e5 natta<\/p>\n<p>If\u00f8lge Nettavisens opplysninger ble flere av partiene ogs\u00e5 invitert til forhandlingsm\u00f8ter uten at de fikk vite hva som skulle diskuteres. Enkelte opplyser ogs\u00e5 at t\u00f8ffe Ap-krav ble stilt p\u00e5 p\u00e5fallende samme tidspunkt i forhandlingens sluttfase: Midt p\u00e5 natta.<\/p>\n<p>Etter det Nettavisen kjenner til, ble forhandlingens f\u00f8rste ultimatum stilt sent p\u00e5 natt til fredag. Det var det Arbeiderpartiet som sto for. Da ble MDG bedt om \u00e5 velge mellom \u00e5 verne havbunnen for mineralutvinning eller diskutere deres oljekrav.<\/p>\n<p>Partiet avviste ultimatumet, etter det Nettavisen kjenner til.<\/p>\n<p>Arbeiderpartiet oppfatter i ettertid ikke at det var noe form for ultimatum partiet stilte nattestid.<\/p>\n<p><b>Les ogs\u00e5: <a href=\"https:\/\/www.nettavisen.no\/nyheter\/ingrid-liland-tordnet-mot-store-og-ap-bak-lukkede-dorer-de-er-dypt-splittet\/s\/5-95-2746681\" rel=\"Follow nofollow noopener\" target=\"_blank\">Tordnet mot Ap bak lukkede d\u00f8rer: \u2013 De er dypt splittet<\/a><\/b><\/p>\n<p>    Vil du se neste video?<\/p>\n<p>    <a href=\"https:\/\/www.nettavisen.no\/nyheter\/ukrainapodden-putins-bloff-avslort-lurt-opp-i-et-hjorne\/v\/5-95-2747058\" class=\"recommend-poster\" data-adp-clicklabel=\"video-recommend\" data-adp-clickvalue=\"poster\" rel=\"nofollow noopener\" target=\"_blank\"><br \/>\n      <img decoding=\"async\" width=\"200\" height=\"200\" loading=\"lazy\" src=\"https:\/\/www.europesays.com\/no\/wp-content\/uploads\/2025\/11\/vladimir+putin+volodomyr+zelenskyj.jpg\" alt=\"\" class=\"brick-c-cFOWSL\" style=\"--brick-image-ratio: 200 \/ 200;\"\/><\/p>\n<p>Putins bl\u00f8ff avsl\u00f8rt: \u2013 Lurt opp i et hj\u00f8rne14:39<\/p>\n<p>    <\/a><\/p>\n<p>Forhandler videre<\/p>\n<p>Dragkampen om budsjettet fortsetter p\u00e5 Stortinget, selv om budsjettet er \u00abferdig\u00bb, if\u00f8lge Ap, Sp, og R\u00f8dt.<\/p>\n<p>B\u00e5de MDG og SV krever politisk gjennomslag for \u00e5 st\u00f8tte budsjettet, og partiene har varslet at de stemmer mot budsjettet slik det foreligger n\u00e5. B\u00e5de SV-leder Kirsti Bergst\u00f8 og MDG-leder Arild Hermstad har hatt \u00e9n-til-\u00e9n-samtaler med Tonje Brenna mandag ettermiddag for \u00e5 diskutere veien videre.<\/p>\n<p>Statsbudsjettet skal etter planen opp til votering i Stortinget f\u00f8rstkommende fredag. Dersom det ikke foreligger noe flertall for budsjettet innen den tid, er det en mulighet at statsminister Jonas Gahr St\u00f8re (Ap) stiller kabinettsp\u00f8rsm\u00e5l og truer med \u00e5 g\u00e5 av hvis ikke budsjettet f\u00e5r flertall.<\/p>\n<p>Nettavisen har gjennom <a rel=\"Follow nofollow noopener\" href=\"https:\/\/www.nettavisen.no\/nyheter\/nettavisen-erfarer-oljekrav-skytes-ned\/s\/5-95-2745350\" target=\"_blank\">hele forrige uke rapportert tett om den store avstanden mellom s\u00e6rlig MDG og SV <\/a>p\u00e5 den ene siden, og Arbeiderpartiet p\u00e5 den andre.<\/p>\n<p><a rel=\"Follow nofollow noopener\" href=\"https:\/\/www.nettavisen.no\/nyheter\/ingrid-liland-tordnet-mot-store-og-ap-bak-lukkede-dorer-de-er-dypt-splittet\/s\/5-95-2746681\" target=\"_blank\">Bak lukkede d\u00f8rer gikk MDG-nestleder Ingrid Liland ogs\u00e5<\/a> til angrep p\u00e5 Arbeiderpartiet.<\/p>\n<p><b>Les ogs\u00e5: <a rel=\"Follow nofollow noopener\" href=\"https:\/\/www.nettavisen.no\/nyheter\/forhandlingene-tar-ny-vending-vi-far-fuck-all\/s\/5-95-2752663\" target=\"_blank\">Forhandlingene tar ny vending: \u2013 Fuck all<\/a><\/b><\/p>\n","protected":false},"excerpt":{"rendered":"STORTINGET (Nettavisen): Tidlig p\u00e5 l\u00f8rdag morgen tikket det if\u00f8lge Nettavisens opplysninger inn en SMS til de fire partiene&hellip;\n","protected":false},"author":2,"featured_media":102101,"comment_status":"","ping_status":"","sticky":false,"template":"","format":"standard","meta":{"footnotes":""},"categories":[5],"tags":[20,21,24,25,15,19,22,23,17,18,13,30,28,29,14,16,26,27],"class_list":{"0":"post-102100","1":"post","2":"type-post","3":"status-publish","4":"format-standard","5":"has-post-thumbnail","7":"category-overskrifter","8":"tag-breaking-news","9":"tag-breakingnews","10":"tag-featured-news","11":"tag-featurednews","12":"tag-headlines","13":"tag-hovedoppslag","14":"tag-latest-news","15":"tag-latestnews","16":"tag-main-news","17":"tag-mainnews","18":"tag-news","19":"tag-no","20":"tag-norge","21":"tag-norway","22":"tag-nyheter","23":"tag-overskrifter","24":"tag-top-stories","25":"tag-topstories"},"share_on_mastodon":{"url":"https:\/\/pubeurope.com\/@no\/115649387297900363","error":""},"_links":{"self":[{"href":"https:\/\/www.europesays.com\/no\/wp-json\/wp\/v2\/posts\/102100","targetHints":{"allow":["GET"]}}],"collection":[{"href":"https:\/\/www.europesays.com\/no\/wp-json\/wp\/v2\/posts"}],"about":[{"href":"https:\/\/www.europesays.com\/no\/wp-json\/wp\/v2\/types\/post"}],"author":[{"embeddable":true,"href":"https:\/\/www.europesays.com\/no\/wp-json\/wp\/v2\/users\/2"}],"replies":[{"embeddable":true,"href":"https:\/\/www.europesays.com\/no\/wp-json\/wp\/v2\/comments?post=102100"}],"version-history":[{"count":0,"href":"https:\/\/www.europesays.com\/no\/wp-json\/wp\/v2\/posts\/102100\/revisions"}],"wp:featuredmedia":[{"embeddable":true,"href":"https:\/\/www.europesays.com\/no\/wp-json\/wp\/v2\/media\/102101"}],"wp:attachment":[{"href":"https:\/\/www.europesays.com\/no\/wp-json\/wp\/v2\/media?parent=102100"}],"wp:term":[{"taxonomy":"category","embeddable":true,"href":"https:\/\/www.europesays.com\/no\/wp-json\/wp\/v2\/categories?post=102100"},{"taxonomy":"post_tag","embeddable":true,"href":"https:\/\/www.europesays.com\/no\/wp-json\/wp\/v2\/tags?post=102100"}],"curies":[{"name":"wp","href":"https:\/\/api.w.org\/{rel}","templated":true}]}}