{"id":102108,"date":"2025-12-02T10:09:10","date_gmt":"2025-12-02T10:09:10","guid":{"rendered":"https:\/\/www.europesays.com\/no\/102108\/"},"modified":"2025-12-02T10:09:10","modified_gmt":"2025-12-02T10:09:10","slug":"far-refs-en-okonomisk-katastrofe","status":"publish","type":"post","link":"https:\/\/www.europesays.com\/no\/102108\/","title":{"rendered":"F\u00e5r refs: &#8211; En \u00f8konomisk katastrofe"},"content":{"rendered":"<p class=\"kicker \" style=\"\">Oljefondet:<\/p>\n<p>  Oljefondet har tapt 75 milliarder kroner p\u00e5 b\u00f8rsnoterte eiendomsaksjer. N\u00e5 krever kritikere at satsingen avvikles.<\/p>\n<p>\n    KRITISERES: Oljefondets investeringer i eiendomsaksjer f\u00e5r krass kritikk. Oljefondsjef Nicolai Tangen innr\u00f8mmer resultatene ikke har v\u00e6rt gode nok. Foto: Lars Eivind Bones \/ Dagbladet\n  <\/p>\n<p>Under Nicolai Tangens ledelse har Oljefondet (NBIM) kj\u00f8pt b\u00f8rsnoterte eiendomsaksjer i stort monn. Ved \u00e5rsskiftet hadde fondet eiendomsaksjer for 359 milliarder kroner utover det som f\u00f8lger av referanseindeksen<\/p>\n<p>Men denne investeringen har v\u00e6rt alt annet enn lukrativ for fondet, if\u00f8lge <a href=\"https:\/\/www.dn.no\/marked\/oljefondet\/eiendom\/nicolai-tangen\/oljefondet-sitter-lastet-med-eiendomsaksjer-et-spekulativt-veddemal-som-har-gatt-fryktelig-galt\/2-1-1906902\" rel=\"nofollow noopener\" target=\"_blank\">Dagens N\u00e6ringsliv.<\/a><\/p>\n<p>&#8211; Det har v\u00e6rt et spekulativt veddem\u00e5l som har g\u00e5tt fryktelig galt. Den manglende kontrollen Finansdepartementet og hovedstyret i Norges Bank har over hva NBIM gj\u00f8r med folks penger, er sjokkerende, sier finansprofessor Richard Priestly ved Handelsh\u00f8yskolen BI til <a href=\"https:\/\/www.dn.no\/marked\/oljefondet\/eiendom\/nicolai-tangen\/oljefondet-sitter-lastet-med-eiendomsaksjer-et-spekulativt-veddemal-som-har-gatt-fryktelig-galt\/2-1-1906902\" rel=\"nofollow noopener\" target=\"_blank\">DN.<\/a><\/p>\n<p>    <a itemprop=\"url\" href=\"https:\/\/borsen.dagbladet.no\/nyheter\/bryter-fortsatt-etikk-retningslinjer\/83876664\" rel=\"nofollow noopener\" target=\"_blank\"><\/p>\n<p>      <img loading=\"lazy\" decoding=\"async\" src=\"https:\/\/www.europesays.com\/no\/wp-content\/uploads\/2025\/12\/83877001.webp\" width=\"980\" height=\"441\" title=\"- Bryter fortsatt etikk-retningslinjer\" alt=\"\" class=\"lazyload\" style=\"--aspect-ratio-image: 2.22; \"\/><\/p>\n<p>        &#8211; Bryter fortsatt etikk-retningslinjer <\/p>\n<p>    <\/a><\/p>\n<p>&#8211; \u00d8konomisk katastrofe\t<\/p>\n<p>Oljefondet varslet nylig i et brev til Finansdepartementet at de gj\u00f8r endringer i organiseringen etter svak avkastning innen eiendom.<\/p>\n<p>Den relative avkastningen p\u00e5 b\u00f8rsnotert eiendom er minus 6,5 prosent i snitt per \u00e5r siden 2017. Tapet er p\u00e5 75 milliarder, opplyser NBIM til DN. Dette er avkastningen sammenliknet med en alternativ plassering i aksjer og obligasjoner.<\/p>\n<p>Samlet sett har notert og unotert eiendom p\u00e5f\u00f8rt fondet 120 milliarder kroner i tap i relativ avkastning.<\/p>\n<p> \u2013 NBIMs satsing p\u00e5 eiendom generelt, og b\u00f8rsnotert eiendom spesielt, har v\u00e6rt en \u00f8konomisk katastrofe. Tapene er enorme og helt uakseptable, sier Halvor Hoddevik, arbeidende styreleder i Rann R\u00e5dgivning til DN.<\/p>\n<p>Han mener satsingen p\u00e5 eiendom m\u00e5 avvikles, og at det er Tangen, som \u00f8verste leder, som m\u00e5 ta ansvaret for de feilsl\u00e5tte investeringene.<\/p>\n<p>    <a itemprop=\"url\" href=\"https:\/\/borsen.dagbladet.no\/nyheter\/fikk-ja-til-historisk-lonnspakke\/83819543\" rel=\"nofollow noopener\" target=\"_blank\"><\/p>\n<p>      <img loading=\"lazy\" decoding=\"async\" src=\"https:\/\/www.europesays.com\/no\/wp-content\/uploads\/2025\/12\/83819979.webp\" width=\"980\" height=\"441\" title=\"Fikk ja til historisk l\u00f8nnspakke\" alt=\"\" class=\"lazyload\" style=\"--aspect-ratio-image: 2.22; \"\/><\/p>\n<p>        Fikk ja til historisk l\u00f8nnspakke<\/p>\n<p>    <\/a><\/p>\n<p>Tangen \u00abikke forn\u00f8yd\u00bb\t<\/p>\n<p>B\u00f8rsen har bedt Nicolai Tangen, Oljefondets sjef, kommentere det som kommer fram i artikkelen i Dagens N\u00e6ringsliv.<\/p>\n<p class=\"font-weight-bold m-font-weight-bold\" data-lab-font_weight=\"font-weight-bold\">I en epost skriver Tangen at \u00abresultatene i eiendomsforvaltningen har ikke v\u00e6rt gode nok, og vi er ikke forn\u00f8yde\u00bb.<\/p>\n<p>\u00abVi har derfor tatt viktige grep og har det siste \u00e5ret jobbet med endringer i ledelsen, organiseringen og eiendomsstrategien. Vi har f\u00e5tt p\u00e5 plass en ny leder av eiendom basert i London, og eiendomsforvaltningen er flyttet fra Oslo til kontorene i London og New York for \u00e5 v\u00e6re tettere p\u00e5 markedene\u00bb, skriver Tangen.<\/p>\n<p>Han legger til at en ny strategiplan akkurat er godkjent av styret i Norges Bank, og vil bli lagt fram 10. desember.<\/p>\n<p>    <a itemprop=\"url\" href=\"https:\/\/borsen.dagbladet.no\/nyheter\/tror-han-blir-sur\/83810435\" rel=\"nofollow noopener\" target=\"_blank\"><\/p>\n<p>      <img loading=\"lazy\" decoding=\"async\" src=\"https:\/\/www.europesays.com\/no\/wp-content\/uploads\/2025\/12\/83810534.webp\" width=\"980\" height=\"441\" title=\"- Tror han blir sur\" alt=\"\" class=\"lazyload\" style=\"--aspect-ratio-image: 2.22; \"\/><\/p>\n<p>        &#8211; Tror han blir sur<\/p>\n<p>    <\/a><\/p>\n<p>&#8211; S\u00e5rbar portef\u00f8lje\t<\/p>\n<p>Tangen p\u00e5peker ogs\u00e5 at resultatene i eiendomsforvaltningen m\u00e5 ses i sammenheng med store endringer i markedet siden fondet begynte \u00e5 investere i eiendom. Dette dreier seg f\u00f8rst og fremst om fremvekst av hjemmekontor og netthandel.<\/p>\n<p class=\"font-weight-bold m-font-weight-bold\" data-lab-font_weight=\"font-weight-bold\">\u00abV\u00e5re strategiske valg, herunder stor vekt p\u00e5 tradisjonelle sektorer som kontor og detaljhandel, et begrenset antall land og byer og vekt p\u00e5 direkteinvesteringer, har resultatert i en portef\u00f8lje som har v\u00e6rt s\u00e5rbar for disse endringene\u00bb, skriver Tangen.<\/p>\n<p>Tangen viser ogs\u00e5 til at n\u00e5r det gjelder den relative avkastningen s\u00e5 gj\u00f8res det en sammenlikning med investeringer i aksjer og obligasjoner.\u00a0<\/p>\n<p>\u00abTallene m\u00e5 derfor ses i sammenheng med sterk aksjeavkastning i perioden\u00bb, skriver Tangen.<\/p>\n","protected":false},"excerpt":{"rendered":"Oljefondet: Oljefondet har tapt 75 milliarder kroner p\u00e5 b\u00f8rsnoterte eiendomsaksjer. N\u00e5 krever kritikere at satsingen avvikles. KRITISERES: Oljefondets&hellip;\n","protected":false},"author":2,"featured_media":102109,"comment_status":"","ping_status":"","sticky":false,"template":"","format":"standard","meta":{"footnotes":""},"categories":[56],"tags":[60,61,62,125,30,28,29,14,761],"class_list":{"0":"post-102108","1":"post","2":"type-post","3":"status-publish","4":"format-standard","5":"has-post-thumbnail","7":"category-naeringsliv","8":"tag-business","9":"tag-economy","10":"tag-naeringsliv","11":"tag-nicolai-tangen","12":"tag-no","13":"tag-norge","14":"tag-norway","15":"tag-nyheter","16":"tag-oljefondet"},"share_on_mastodon":{"url":"https:\/\/pubeurope.com\/@no\/115649430510375120","error":""},"_links":{"self":[{"href":"https:\/\/www.europesays.com\/no\/wp-json\/wp\/v2\/posts\/102108","targetHints":{"allow":["GET"]}}],"collection":[{"href":"https:\/\/www.europesays.com\/no\/wp-json\/wp\/v2\/posts"}],"about":[{"href":"https:\/\/www.europesays.com\/no\/wp-json\/wp\/v2\/types\/post"}],"author":[{"embeddable":true,"href":"https:\/\/www.europesays.com\/no\/wp-json\/wp\/v2\/users\/2"}],"replies":[{"embeddable":true,"href":"https:\/\/www.europesays.com\/no\/wp-json\/wp\/v2\/comments?post=102108"}],"version-history":[{"count":0,"href":"https:\/\/www.europesays.com\/no\/wp-json\/wp\/v2\/posts\/102108\/revisions"}],"wp:featuredmedia":[{"embeddable":true,"href":"https:\/\/www.europesays.com\/no\/wp-json\/wp\/v2\/media\/102109"}],"wp:attachment":[{"href":"https:\/\/www.europesays.com\/no\/wp-json\/wp\/v2\/media?parent=102108"}],"wp:term":[{"taxonomy":"category","embeddable":true,"href":"https:\/\/www.europesays.com\/no\/wp-json\/wp\/v2\/categories?post=102108"},{"taxonomy":"post_tag","embeddable":true,"href":"https:\/\/www.europesays.com\/no\/wp-json\/wp\/v2\/tags?post=102108"}],"curies":[{"name":"wp","href":"https:\/\/api.w.org\/{rel}","templated":true}]}}