{"id":10211,"date":"2025-08-17T06:20:10","date_gmt":"2025-08-17T06:20:10","guid":{"rendered":"https:\/\/www.europesays.com\/no\/10211\/"},"modified":"2025-08-17T06:20:10","modified_gmt":"2025-08-17T06:20:10","slug":"morgenrapport-politiloggen-travel-natt-for-politiet-pa-innherred-kjorte-fra-oppdrag-til-oppdrag","status":"publish","type":"post","link":"https:\/\/www.europesays.com\/no\/10211\/","title":{"rendered":"Morgenrapport, Politiloggen | Travel natt for politiet p\u00e5 Innherred: \u2013 Kj\u00f8rte fra oppdrag til oppdrag"},"content":{"rendered":"\n<p>Det har v\u00e6rt en sv\u00e6rt hektisk natt for politiet i Tr\u00f8ndelag. Ogs\u00e5 p\u00e5 Innherred har aktiviteten v\u00e6rt langt over normalen, forteller operasjonsleder Ketil Stene til Tr\u00f8nder-Avisa s\u00f8ndag morgen.<\/p>\n<p>\u2013 Politiet har kj\u00f8rt fra oppdrag til oppdrag. Det har v\u00e6rt utrolig hektisk, sier Stene.<\/p>\n<p>Det har v\u00e6rt ei stor arrangementshelg i Tr\u00f8ndelag, med Pstereo i Trondheim, Hegrafestivalen, Staupshaugen Live i Levanger og martnasfest i Namsos, for \u00e5 nevne noe.<\/p>\n<p>\u2013 I Levanger ble det sv\u00e6rt travelt etter arrangementet p\u00e5 Staupshaugen. Det var tydelige at folk skulle videre. Vi holdt igjen en del patruljer utover natta for \u00e5 ha beredskapen oppe, sier operasjonslederen.<\/p>\n<p>\u2013 Det har v\u00e6rt hektisk, men heldigvis ingen store og alvorlige hendelser, legger Stene til.<\/p>\n<p>Hektisk i loggen<\/p>\n<p><b>Slik oppsummeres natta i politiloggen:<\/b><\/p>\n<p>Politiet m\u00e5tte rykke ut for \u00e5 h\u00e5ndtere en mann i midten av 20-\u00e5rene som oppf\u00f8rte seg truende mot vaktene p\u00e5 <b>Hegrafestivalen<\/b>.<\/p>\n<p>\u2013 Vedkommende fortsatte sin utagering mot politiet og blir anmeldt for dette samt ordensforstyrrelser, sier Stene.<\/p>\n<p>En mann i 30-\u00e5rene ble kj\u00f8rt til arresten i Trondheim etter \u00e5 ha forstyrret den alminnelige ro og orden p\u00e5 et utested i <b>Levanger<\/b>.<\/p>\n<p>\u2013 Mannen utagerte da politiet skulle ta kontroll p\u00e5 ham og blir i tillegg anmeldt for vold mot offentlig tjenesteperson, sier Stene.<\/p>\n<p>Tjenestepersonen fikk kun lettere skader som f\u00f8lge av hendelsen, opplyser politiet.<\/p>\n<p>En mann i slutten av 20-\u00e5rene ble lagt i h\u00e5ndjern i <b>Namsos <\/b>sentrum etter \u00e5 utagert mot politiet under en kontroll av vedkommende. Mannen ble bortvist fra sentrum til i s\u00f8ndag morgen.<\/p>\n<p>En mann i slutten av 20-\u00e5rene ble stoppet p\u00e5 en elektrisk sparkesykkel i <b>Stj\u00f8rdal <\/b>sentrum. Grunnet mistanke om kj\u00f8ring i p\u00e5virket tilstand, ble han fremstilt for blodpr\u00f8ve og anmeldt for forholdet.<\/p>\n<p>En mann i ten\u00e5rene blir anmeldt for \u00e5 nekte \u00e5 etterkomme politiets p\u00e5legg i <b>Levanger <\/b>sentrum.<\/p>\n<p>\u2013 Mannen var i utgangspunktet et ordensproblem, noe han befestet ved \u00e5 ikke f\u00f8lge anvisninger fra politiet, sier Stene.<\/p>\n<p>En mann i 20-\u00e5rene hevder seg utsatt for vold utenfor Tasty kebab i <b>Steinkjer<\/b>. Mannen hadde smerter i ansiktet. Den antatte gjerningsmannen stakk fra stedet f\u00f8r politipatruljen kom. Den forn\u00e6rmede ble kj\u00f8rt til legevakta for behandling, opplyser operasjonslederen.<\/p>\n<p>N\u00f8detatene rykket litt over klokka 2 ut til en adresse i <b>Verdal <\/b>etter melding om r\u00f8ykutvikling fra en adresse.<\/p>\n<p>\u2013 Det viste seg at r\u00f8yken kom fra en meget godt stekt pizza, sier Stene.<\/p>\n<p>Brannvesenet ble varslet som f\u00f8lge av en automatisk alarm.<\/p>\n<p>Mannen p\u00e5 stedet ble sjekket for r\u00f8ykskader. Det opprettes sak p\u00e5 bakgrunn av uaktsomhet i forbindelse med fare for brann.<\/p>\n<p>V\u00e6ret<\/p>\n<p>Slik blir s\u00f8ndagens v\u00e6r if\u00f8lge Yrs tekstvarsel:<\/p>\n<p>\u00abVestlig frisk bris utsatte steder, i formiddag minking til bris og i kveld dreiende s\u00f8rvest. For det meste skyet. Spredt regn f\u00f8rst p\u00e5 dagen, ellers for det meste oppholdsv\u00e6r.\u00bb<\/p>\n<p>P\u00e5 Innherred blir det temperaturer opp mot 15 grader.<\/p>\n<p>P\u00e5 T-A.no<\/p>\n<p>Statsforvalteren i Tr\u00f8ndelag beskyldes for \u00e5 v\u00e6re uansvarlig og fatte tullevedtak. \u2013 Bj\u00f8rn skytes p\u00e5 sviktende grunnlag, mener daglig leder Ingrid Alette Sandvik i Foreningen V\u00e5re Rovdyr:<\/p>\n<p>  <a href=\"https:\/\/www.t-a.no\/5-116-2201322\" class=\"related-teaser has-image default-feature-teaser article--c-eRUmMG article--c-eRUmMG-jKCPdD-design-default\" rel=\"nofollow noopener\" target=\"_blank\"><\/p>\n<p>    <img decoding=\"async\" loading=\"lazy\"  src=\"https:\/\/www.europesays.com\/no\/wp-content\/uploads\/2025\/08\/Kopi+av+Montasje+to+bilder+%283%29.png\" alt=\"\" class=\"brick-c-cFOWSL\" style=\"\"\/><\/p>\n<p>\n            Les ogs\u00e5<\/p>\n<p>              Raser mot Statsforvalteren: \u2013 Opptrer som \u00abnikkedukker\u00bb\n        <\/p>\n<p>  <\/a><\/p>\n<p>Jostein Grimstad fikk plutselig tid til \u00e5 renovere det gamle fj\u00f8set p\u00e5 sm\u00e5bruket i Inder\u00f8y. Det gir god tid til \u00e5 tenke p\u00e5 framtida:<\/p>\n<p>  <a href=\"https:\/\/www.t-a.no\/5-116-2202011\" class=\"related-teaser has-image default-story-teaser article--c-eRUmMG article--c-eRUmMG-jKCPdD-design-default\" rel=\"nofollow noopener\" target=\"_blank\"><\/p>\n<p>    <img decoding=\"async\" loading=\"lazy\"  src=\"https:\/\/www.europesays.com\/no\/wp-content\/uploads\/2025\/08\/er+sykmeldt+og+over+hund_1.jpg\" alt=\"\" class=\"brick-c-cFOWSL\" style=\"\"\/><\/p>\n<p>\n            Les ogs\u00e5<\/p>\n<p>              M\u00e5tte gi seg i Namsos \u2013 n\u00e5 \u00f8nsker han jobben i Steinkjer\n        <\/p>\n<p>  <\/a><\/p>\n<p>Les ogs\u00e5 alt om Staupshaugen Live, blant annet at DDE leverte som siste band l\u00f8rdag:<\/p>\n<p>  <a href=\"https:\/\/www.t-a.no\/5-116-2202467\" class=\"related-teaser has-image default-story-teaser article--c-eRUmMG article--c-eRUmMG-jKCPdD-design-default\" rel=\"nofollow noopener\" target=\"_blank\"><\/p>\n<p>    <img decoding=\"async\" loading=\"lazy\"  src=\"https:\/\/www.europesays.com\/no\/wp-content\/uploads\/2025\/08\/DSC_0058.JPG\" alt=\"\" class=\"brick-c-cFOWSL\" style=\"\"\/><\/p>\n<p>\n            Les ogs\u00e5<\/p>\n<p>              Satte fyr p\u00e5 Staupshaugen\n        <\/p>\n<p>  <\/a><\/p>\n","protected":false},"excerpt":{"rendered":"Det har v\u00e6rt en sv\u00e6rt hektisk natt for politiet i Tr\u00f8ndelag. Ogs\u00e5 p\u00e5 Innherred har aktiviteten v\u00e6rt langt&hellip;\n","protected":false},"author":2,"featured_media":3842,"comment_status":"","ping_status":"","sticky":false,"template":"","format":"standard","meta":{"footnotes":""},"categories":[10],"tags":[36,20,21,24,25,15,22,23,492,739,783,13,30,28,29,14,16,782,984,756,1510,26,27,224,941,553,2133],"class_list":{"0":"post-10211","1":"post","2":"type-post","3":"status-publish","4":"format-standard","5":"has-post-thumbnail","7":"category-norge","8":"tag-art","9":"tag-breaking-news","10":"tag-breakingnews","11":"tag-featured-news","12":"tag-featurednews","13":"tag-headlines","14":"tag-latest-news","15":"tag-latestnews","16":"tag-levanger","17":"tag-morgenrapport","18":"tag-namsos","19":"tag-news","20":"tag-no","21":"tag-norge","22":"tag-norway","23":"tag-nyheter","24":"tag-overskrifter","25":"tag-politiloggen","26":"tag-steinkjer","27":"tag-stjordal","28":"tag-story","29":"tag-top-stories","30":"tag-topstories","31":"tag-trafikk","32":"tag-ulykker-og-hendelser","33":"tag-vaer","34":"tag-verdal"},"share_on_mastodon":{"url":"","error":""},"_links":{"self":[{"href":"https:\/\/www.europesays.com\/no\/wp-json\/wp\/v2\/posts\/10211","targetHints":{"allow":["GET"]}}],"collection":[{"href":"https:\/\/www.europesays.com\/no\/wp-json\/wp\/v2\/posts"}],"about":[{"href":"https:\/\/www.europesays.com\/no\/wp-json\/wp\/v2\/types\/post"}],"author":[{"embeddable":true,"href":"https:\/\/www.europesays.com\/no\/wp-json\/wp\/v2\/users\/2"}],"replies":[{"embeddable":true,"href":"https:\/\/www.europesays.com\/no\/wp-json\/wp\/v2\/comments?post=10211"}],"version-history":[{"count":0,"href":"https:\/\/www.europesays.com\/no\/wp-json\/wp\/v2\/posts\/10211\/revisions"}],"wp:featuredmedia":[{"embeddable":true,"href":"https:\/\/www.europesays.com\/no\/wp-json\/wp\/v2\/media\/3842"}],"wp:attachment":[{"href":"https:\/\/www.europesays.com\/no\/wp-json\/wp\/v2\/media?parent=10211"}],"wp:term":[{"taxonomy":"category","embeddable":true,"href":"https:\/\/www.europesays.com\/no\/wp-json\/wp\/v2\/categories?post=10211"},{"taxonomy":"post_tag","embeddable":true,"href":"https:\/\/www.europesays.com\/no\/wp-json\/wp\/v2\/tags?post=10211"}],"curies":[{"name":"wp","href":"https:\/\/api.w.org\/{rel}","templated":true}]}}