{"id":102110,"date":"2025-12-02T10:11:13","date_gmt":"2025-12-02T10:11:13","guid":{"rendered":"https:\/\/www.europesays.com\/no\/102110\/"},"modified":"2025-12-02T10:11:13","modified_gmt":"2025-12-02T10:11:13","slug":"nte-politikk-strid-om-apenhet-pa-ntes-eiermote-tronder-avisa","status":"publish","type":"post","link":"https:\/\/www.europesays.com\/no\/102110\/","title":{"rendered":"NTE, Politikk | Strid om \u00e5penhet p\u00e5 NTEs eierm\u00f8te &#8211; Tr\u00f8nder-Avisa"},"content":{"rendered":"<ol>\n<li><a href=\"https:\/\/news.google.com\/rss\/articles\/CBMid0FVX3lxTE1BZXYwLVZKbUZNQlJWZmpqczdxemRWMVdmSURqRWhucGhiUXA5ZDNUQUozZGNPVTl4a0xlQzU1TkZqN2x5VmR4ZTEtclZGWUowWGJSVWxvZFBkclIxczloRGtHdzI4TThtTnYzWm1kVUpUR1V1UGdJ?oc=5\" target=\"_blank\" rel=\"nofollow noopener\">NTE, Politikk | Strid om \u00e5penhet p\u00e5 NTEs eierm\u00f8te<\/a>&nbsp;&nbsp;Tr\u00f8nder-Avisa<\/li>\n<li><a href=\"https:\/\/news.google.com\/rss\/articles\/CBMinwFBVV95cUxQV2F2UDJMN2ZVeVh2bHpaQkUwRXo3UmZNQ3J1U1ZpaEdVUVBEekplb0l1ek1vdE9FYU9wS090TUxVUWhJMWQ2Z0VsNlY4N0xCVEREVmdMRW9iWldNQS1zVS1tT09nSlRneERYbmRuRm5raEpJX3hDQ2pvTkNIU1dsS3phRTdDa1dqelNEZ3pNNGJzS2ZGMWRnUlNoaDRVLW8?oc=5\" target=\"_blank\" rel=\"nofollow noopener\">Ordf\u00f8rer har NTE-styreleder som sjef<\/a>&nbsp;&nbsp;innherred.no<\/li>\n<li><a href=\"https:\/\/news.google.com\/rss\/articles\/CBMirgFBVV95cUxPWjExSktmWGxNb2QwSEQtbUJwSmhUc0YyVXAwQUd0cERSZDRKc3BFb1liZU55WE1QT1U0MXM5U1FrU2ZZT3BEQ0hRYVFneGxockJzalNEOFYwQVVuSWN1M09EQldPanYzMy1IRUJiSEhJRGhKU1Zyc1dQZlc3NzU1ZXpMS1BkNkc2dmVNM25Gc2U4TGlCV19RNGZCakstN1ZiQWFfazdIaktEYlFtNXc?oc=5\" target=\"_blank\" rel=\"nofollow noopener\">NTE, Politikk | Ordf\u00f8rerne om NTEs vindkraftkj\u00f8p: \u2013 Eierne m\u00e5 v\u00e6re tettere involvert<\/a>&nbsp;&nbsp;Namdalsavisa<\/li>\n<li><a href=\"https:\/\/news.google.com\/rss\/articles\/CBMilgFBVV95cUxNLW1qVXFzOUd4UXl5T3R6bHA1cGR3STZreC1hN083aHBBOTRZTmZTd1FUa01RZ3EzQTNVS09rbVpwWmItS3R4WjBoQ25LdXpQMGNLYzZORTdJeWliMThWellBNGMyMVVOb0RGVTFHc0NmcldQRGUtUzRzZHpEVFBYa1htSVFuWlc0NjdscV9yQmJEcVZORnc?oc=5\" target=\"_blank\" rel=\"nofollow noopener\">At kommunene ikke er s\u00f8kkrike, er et politisk valg<\/a>&nbsp;&nbsp;innherred.no<\/li>\n<li><a href=\"https:\/\/news.google.com\/rss\/articles\/CBMivgFBVV95cUxOVkNtU3hlNDYxWW9aTENhZEtHV0VpdE5Wck9sbFpGMWFVeTluYUwtM3hQUDBCVU1SXzFMTkpHVVRka1l3UThXaWlEY1cxbThMZjY2Nzl6WS1oX1gzV1dOUTBVc0F3cmZpNmVfS0YtVVBRTnFlZEFVZkk0MjRGUHBBRlZIeDdGS3NTcHFBb1IzaXM0eWMwZE9IbFBuVFlCNE5VNFNvOHZCSVlHQVBpZmJOM004UzNhVVpxZGVJbzBR?oc=5\" target=\"_blank\" rel=\"nofollow noopener\">\u00abN\u00e5r administrasjonen vokser og effektiviteten svikter &#8211; hva er det som skjer med NTE?\u00bb<\/a>&nbsp;&nbsp;bladet.no<\/li>\n<\/ol>\n","protected":false},"excerpt":{"rendered":"NTE, Politikk | Strid om \u00e5penhet p\u00e5 NTEs eierm\u00f8te&nbsp;&nbsp;Tr\u00f8nder-Avisa Ordf\u00f8rer har NTE-styreleder som sjef&nbsp;&nbsp;innherred.no NTE, Politikk | Ordf\u00f8rerne&hellip;\n","protected":false},"author":2,"featured_media":102111,"comment_status":"","ping_status":"","sticky":false,"template":"","format":"standard","meta":{"footnotes":""},"categories":[10],"tags":[20,21,24,25,15,22,23,13,30,28,29,14,16,26,27],"class_list":{"0":"post-102110","1":"post","2":"type-post","3":"status-publish","4":"format-standard","5":"has-post-thumbnail","7":"category-norge","8":"tag-breaking-news","9":"tag-breakingnews","10":"tag-featured-news","11":"tag-featurednews","12":"tag-headlines","13":"tag-latest-news","14":"tag-latestnews","15":"tag-news","16":"tag-no","17":"tag-norge","18":"tag-norway","19":"tag-nyheter","20":"tag-overskrifter","21":"tag-top-stories","22":"tag-topstories"},"share_on_mastodon":{"url":"https:\/\/pubeurope.com\/@no\/115649438256427952","error":""},"_links":{"self":[{"href":"https:\/\/www.europesays.com\/no\/wp-json\/wp\/v2\/posts\/102110","targetHints":{"allow":["GET"]}}],"collection":[{"href":"https:\/\/www.europesays.com\/no\/wp-json\/wp\/v2\/posts"}],"about":[{"href":"https:\/\/www.europesays.com\/no\/wp-json\/wp\/v2\/types\/post"}],"author":[{"embeddable":true,"href":"https:\/\/www.europesays.com\/no\/wp-json\/wp\/v2\/users\/2"}],"replies":[{"embeddable":true,"href":"https:\/\/www.europesays.com\/no\/wp-json\/wp\/v2\/comments?post=102110"}],"version-history":[{"count":0,"href":"https:\/\/www.europesays.com\/no\/wp-json\/wp\/v2\/posts\/102110\/revisions"}],"wp:featuredmedia":[{"embeddable":true,"href":"https:\/\/www.europesays.com\/no\/wp-json\/wp\/v2\/media\/102111"}],"wp:attachment":[{"href":"https:\/\/www.europesays.com\/no\/wp-json\/wp\/v2\/media?parent=102110"}],"wp:term":[{"taxonomy":"category","embeddable":true,"href":"https:\/\/www.europesays.com\/no\/wp-json\/wp\/v2\/categories?post=102110"},{"taxonomy":"post_tag","embeddable":true,"href":"https:\/\/www.europesays.com\/no\/wp-json\/wp\/v2\/tags?post=102110"}],"curies":[{"name":"wp","href":"https:\/\/api.w.org\/{rel}","templated":true}]}}