{"id":102114,"date":"2025-12-02T10:18:18","date_gmt":"2025-12-02T10:18:18","guid":{"rendered":"https:\/\/www.europesays.com\/no\/102114\/"},"modified":"2025-12-02T10:18:18","modified_gmt":"2025-12-02T10:18:18","slug":"forsvarets-flystasjon-pa-andoya-forfaller","status":"publish","type":"post","link":"https:\/\/www.europesays.com\/no\/102114\/","title":{"rendered":"Forsvarets flystasjon p\u00e5 And\u00f8ya forfaller"},"content":{"rendered":"<p class=\"font-weight-normal m-font-weight-normal\" data-lab-font_weight=\"font-weight-normal\">AND\u00d8YA (Forsvarets forum): Tore Spjelkavik i Forsvarsbygg setter seg p\u00e5 kne p\u00e5 rullebanen p\u00e5 And\u00f8ya flystasjon. Han dytter bort sn\u00f8en som har lagt seg, og viser tilstanden p\u00e5 bakken.<\/p>\n<p class=\"font-weight-normal m-font-weight-normal\" data-lab-font_weight=\"font-weight-normal\"><b style=\"font-size: 1.25rem;\">P\u00e5 grunn av manglende vedlikehold har betongen her sprukket opp, slik at l\u00f8se deler kan havne i flymotoren.\u00a0<a href=\"https:\/\/www.forsvaretsforum.no\/andoya-andoya-flystasjon-droner\/har-knapt-blitt-vedlikeholdt-na-er-store-deler-av-flystasjonen-stengt\/441201\" rel=\"nofollow noopener\" target=\"_blank\">Derfor ble nordre og s\u00f8ndre del av rullebanen stengt f\u00f8r \u00e5rets sommer.<\/a><\/b><\/p>\n<p class=\"font-weight-normal m-font-weight-normal\" data-lab-font_weight=\"font-weight-normal\"><b style=\"font-size: 1.25rem;\">Jagerfly kan ikke benytte seg av And\u00f8ya flystasjon.\u00a0<\/b><\/p>\n<p class=\"font-weight-normal m-font-weight-normal\" data-lab-font_weight=\"font-weight-normal\"><b style=\"font-size: 1.25rem;\">\u2013 Vi sitter med en flyplass n\u00e5 som ikke kan ta ned fly. Og det er veldig kjipt, for vi f\u00e5r foresp\u00f8rsler ukentlig, sier midlertidig sjefsersjant ved stasjonen og And\u00f8ya-veteran Morten S\u00f8rlundsengen.<\/b><\/p>\n<p>                <img decoding=\"async\" src=\"https:\/\/www.europesays.com\/no\/wp-content\/uploads\/2025\/12\/469317.webp\" width=\"360\" height=\"364\" title=\"D\u00c5RLIG STAND: Tore Spjelkavik i Forsvarsbygg viser lappeteppet av en rullebanen i s\u00f8r p\u00e5 And\u00f8ya flystasjon. Det er vanskelig \u00e5 se p\u00e5 bildet, men betongen er i s\u00e5 d\u00e5rlig forfatning at denne delen av rullebanen er stengt av.\" alt=\"\" loading=\"lazy\" style=\"\"\/><\/p>\n<p>\n            D\u00c5RLIG STAND: Tore Spjelkavik i Forsvarsbygg viser lappeteppet av en rullebanen i s\u00f8r p\u00e5 And\u00f8ya flystasjon. Det er vanskelig \u00e5 se p\u00e5 bildet, men betongen er i s\u00e5 d\u00e5rlig forfatning at denne delen av rullebanen er stengt av.<br \/>\n            Foto: Jo Straube, Forsvarets forum\n        <\/p>\n<p>\u2013 Veldig mye \u00e5 gj\u00f8re<\/p>\n<p data-lab-font_weight=\"\">I 2016 vedtok Stortinget at And\u00f8ya flystasjon skulle legges ned. I \u00e5tte \u00e5r ble basen driftet mot en avvikling, hvor vedlikehold har blitt nedprioritert. Derfor er deler av rullebanen stengt.\u00a0<\/p>\n<p data-lab-font_weight=\"\">I fjor v\u00e5r kom en helomvending, da regjeringen varslet en stor And\u00f8ya-satsing i forbindelse med fremleggelsen av langtidsplanen for forsvarssektoren. P\u00e5 flystasjonen skal det v\u00e6re alliert\u00a0mottak, aktivitet tilknyttet And\u00f8ya Space og base for nye langtrekkende droner p\u00e5 And\u00f8ya flystasjon.<\/p>\n<p>Jubelen sto i taket p\u00e5 flystasjonen.<\/p>\n<p>                <img decoding=\"async\" src=\"https:\/\/www.europesays.com\/no\/wp-content\/uploads\/2025\/12\/469035.webp\" width=\"360\" height=\"364\" title=\"MR. AND\u00d8YA: Morten S\u00f8rlundsengen har jobbet p\u00e5 And\u00f8ya i en \u00e5rrekke, og er midlertidig sjefsserjant.\" alt=\"\" loading=\"lazy\" style=\"\"\/><\/p>\n<p>\n            MR. AND\u00d8YA: Morten S\u00f8rlundsengen har jobbet p\u00e5 And\u00f8ya i en \u00e5rrekke, og er midlertidig sjefsserjant.<br \/>\n            Foto: Jo Straube, Forsvarets forum\n        <\/p>\n<p>\u2013 Det ble en festdag, sier S\u00f8rlundsengen.<\/p>\n<p>Men etter en ordentlig god fest, ble det dagen derp\u00e5-stemning.<\/p>\n<p>\u2013\u00a0Jeg skj\u00f8nte ganske tidlig at det ble veldig mye \u00e5 ta tak i. N\u00e5r man f\u00f8rst begynner \u00e5 jobbe med det, s\u00e5 finner man ut at det er enda mer, sier stasjonssjef \u00d8ystein Dahlberg.<\/p>\n<p>\u2013 Verre enn vi trodde<\/p>\n<p>And\u00f8ya flystasjon \u00e5pnet p\u00e5 1950-tallet, og b\u00e6rer i dag preg av tidens tann. Maling flasser av, bygninger er tomme og farger som var kule p\u00e5 1980-tallet er for lengst g\u00e5tt av moten. Men det bruker ikke stasjonsledelsen en kalori p\u00e5.\u00a0<\/p>\n<p>                <img decoding=\"async\" src=\"https:\/\/www.europesays.com\/no\/wp-content\/uploads\/2025\/12\/469315.webp\" width=\"360\" height=\"364\" title=\"NEDFALLS: Dette bygget hadde en funksjon i gamle dager, men n\u00e5 er det bestemt at det skal rives.\" alt=\"\" loading=\"lazy\" style=\"\"\/><\/p>\n<p>\n            NEDFALLS: Dette bygget hadde en funksjon i gamle dager, men n\u00e5 er det bestemt at det skal rives.<br \/>\n            Foto: Jo Straube, Forsvarets forum\n        <\/p>\n<p>Det som gir mest hodebry er rullebanen.\u00a0Begrensningene ved rullebanen har f\u00f8rt til at\u00a0<a href=\"https:\/\/www.forsvaretsforum.no\/andoya-andoya-flystasjon-cold-response\/ma-vrake-andoya-i-stor-nato-ovelse\/467451\" rel=\"nofollow noopener\" target=\"_blank\">And\u00f8ya ikke kan brukes under den store Nato-\u00f8velsen Cold Response<\/a>, og mye annen alliert aktivitet blir ikke noe av.\u00a0<\/p>\n<p>Taksebaner er ogs\u00e5 stengt, som gj\u00f8r at omr\u00e5dene med hangar i praksis er avsk\u00e5ret.\u00a0<\/p>\n<p>\u2013 Rullebanen var verre enn vi trodde, sier Dahlberg.<\/p>\n<p>For And\u00f8ya Space har problemene med rullebanen stor betydning. Gunnar Jan Olsen driver med forretningsutvikling i konsernet, og sier at de ikke f\u00e5r\u00a0l\u00f8st oppdraget med \u00e5 bist\u00e5 \u00f8vingsvirksomhet.<\/p>\n<p>\u2013 Det faktum at en alliert nasjon ikke<br \/>\nf\u00e5r \u00f8vd som man \u00f8nsker er ganske ille i seg selv. Oppdraget blir vanskelig \u00e5 l\u00f8se s\u00e5 lenge ikke flystasjonen<br \/>\nhar en status som er akseptabel, sier Olsen.<\/p>\n<p>M\u00e5 hindre atkomst for dyr<\/p>\n<p>Stasjonsledelsen peker p\u00e5 at perimetersikringen rundt basen er n\u00f8dt til \u00e5 bli utbedret.\u00a0Dahlberg sier at det er betydelig behov for rehabilitering for \u00e5 tilfredsstille dagens krav.\u00a0<\/p>\n<p>Ansatte har m\u00e5tte jage ut dyr som har kommet inn p\u00e5 flystasjonen. Det er satt opp et midlertidig gjerde rundt basen for \u00e5 stanse vilt, slik at det er mulig \u00e5 lande med fly selv ved d\u00e5rlig sikt.<\/p>\n<p>                <img decoding=\"async\" src=\"https:\/\/www.europesays.com\/no\/wp-content\/uploads\/2025\/12\/469000.webp\" width=\"360\" height=\"364\" title=\"STANSER VILT: Dette er And\u00f8ya flystasjons beste sikring mot at dyr skal ta seg inn p\u00e5 rullebanen.\" alt=\"\" loading=\"lazy\" style=\"\"\/><\/p>\n<p>\n            STANSER VILT: Dette er And\u00f8ya flystasjons beste sikring mot at dyr skal ta seg inn p\u00e5 rullebanen.<br \/>\n            Foto: Jo Straube, Forsvarets forum\n        <\/p>\n<p>Forsvarsbygg, som planlegger oppdateringene, er ogs\u00e5 oppgitt, if\u00f8lge Dahlberg, for alt er ogs\u00e5 klart fra deres side.<\/p>\n<p>\u2013 Det er jo allerede bevilget x antall millioner til sikringen. Hvorfor er det ikke effektuert? Vi er ganske irriterte og har ikke noe svar p\u00e5 det, sier Dahlberg.<\/p>\n<p>\u2013 Ikke forn\u00f8yde<\/p>\n<p>Stasjonsledelsens gj\u00f8reliste er lang. Forsvarets forum har f\u00e5tt innsyn i dokumenter hvor ledelsen p\u00e5 flystasjonen mener det er behov for utbedringer p\u00e5 sv\u00e6rt viktige fasiliteter:<\/p>\n<ul>\n<li>\n<p>Antall forlegningsrom m\u00e5 \u00f8kes<\/p>\n<\/li>\n<li>\n<p>Nye og st\u00f8rre sanitetsfasiliteter trengs<\/p>\n<\/li>\n<li>\n<p>Mangler egen skytebane p\u00e5 stasjonsomr\u00e5det<\/p>\n<\/li>\n<li>\n<p>L\u00f8sningen for kvarter for ansatte er ikke tilfredsstillende<\/p>\n<\/li>\n<li>\n<p>Velferdsbygget er slitt og uegnet<\/p>\n<\/li>\n<li>\n<p>Treningsfasilitetene tilfredsstiller ikke dagens krav<\/p>\n<\/li>\n<\/ul>\n<p>                <img decoding=\"async\" src=\"https:\/\/www.europesays.com\/no\/wp-content\/uploads\/2025\/12\/469320.webp\" width=\"360\" height=\"242\" title=\"OPPL\u00d8SNING: Det er s\u00e5 fuktig i kjelleren til sanitetsbygget at det drysser fra veggen bare man er borti.\" alt=\"\" loading=\"lazy\" style=\"\"\/><\/p>\n<p>\n            OPPL\u00d8SNING: Det er s\u00e5 fuktig i kjelleren til sanitetsbygget at det drysser fra veggen bare man er borti.<br \/>\n            Foto: Jo Straube, Forsvarets forum\n        <\/p>\n<p>I sanitetsbygget, som ligger langt unna det meste annet, er det fuktskader som i praksis har f\u00f8rt til at hele kjelleren er stengt.<\/p>\n<p>En feltst\u00f8vel er s\u00e5 vidt borti veggen, og da drysser betongen<br \/>\nut. Bygget er ikke egnet til \u00e5 ha soldater p\u00e5 sykerom, if\u00f8lge\u00a0sykepleier Lill-Jorunn Nystad.<\/p>\n<p>                <img decoding=\"async\" src=\"https:\/\/www.europesays.com\/no\/wp-content\/uploads\/2025\/12\/469322.webp\" width=\"360\" height=\"364\" title=\"ALENE: Linn-Jorun Nystad har selskap av en lege to dager i uka. Ellers er det ingen kollegaer i bygget \u2013 heller ikke sanitetssoldater.\" alt=\"\" loading=\"lazy\" style=\"\"\/><\/p>\n<p>\n            ALENE: Linn-Jorun Nystad har selskap av en lege to dager i uka. Ellers er det ingen kollegaer i bygget \u2013 heller ikke sanitetssoldater.<br \/>\n            Foto: Jo Straube, Forsvarets forum\n        <\/p>\n<p>\u2013 Det mest optimale hadde v\u00e6rt \u00e5 f\u00e5 et helt nytt bygg, som<br \/>\nligger mer logisk plassert der soldatene bor, sier Nystad, som stort sett sitter alene p\u00e5 jobb i bygget.<\/p>\n<p>\u2013 H\u00e5pl\u00f8st<\/p>\n<p>I velferdsbygget er pokerbordet plassert rett foran alteret i b\u00f8nnerommet. Det er b\u00e5de slitt og altfor d\u00e5rlig plass til alle som vil bruke tilbudet.\u00a0<\/p>\n<p>I det lille treningsbygget f\u00e5r man ikke engang dusjet.\u00a0<\/p>\n<p>\u2013 H\u00e5pl\u00f8st, kommer det fra en ansatt inne i treningsrommet.\u00a0<\/p>\n<p>Det er mye som minner om gamle dager p\u00e5 flystasjonen.\u00a0<\/p>\n<p>\u2013 Vi er ikke forn\u00f8yde med slik det er i dag. Det er eksempelvis ikke vann og avl\u00f8p p\u00e5 treningsanlegget. Man kan ikke engang g\u00e5 p\u00e5 do. Det er ikke greit, sier sjefsersjant S\u00f8rlundsengen.<\/p>\n<p>                <img decoding=\"async\" src=\"https:\/\/www.europesays.com\/no\/wp-content\/uploads\/2025\/12\/469325.webp\" width=\"360\" height=\"364\" title=\"PREKEN ELLER POKER? Eller kanskje spille fotballspill? Det meste av velferdstilbud er tr\u00f8kket inn p\u00e5 dette loftet.\" alt=\"\" loading=\"lazy\" style=\"\"\/><\/p>\n<p>\n            PREKEN ELLER POKER? Eller kanskje spille fotballspill? Det meste av velferdstilbud er tr\u00f8kket inn p\u00e5 dette loftet.<br \/>\n            Foto: Jo Straube, Forsvarets forum\n        <\/p>\n<p>I tillegg har tverrvindbanen, en ekstra rullebane som g\u00e5r p\u00e5 tvers av hovedrullebanen, v\u00e6rt stengt i n\u00e6rmere ti \u00e5r. Det er ingen plan for tverrvindbanens fremtid.<\/p>\n<p>Rundt august og september i 2025 skulle fasiliteter som skal huse allierte styrker bygges opp p\u00e5 flystasjonen. Dette er utsatt til slutten av langtidsplanperioden, som varer til 2036. Stasjonsledelsen forst\u00e5r lite.\u00a0<\/p>\n<p>\u2013 Vi har f\u00e5tt noen slag i trynet et par ganger i \u00e5r, sier S\u00f8rlundsengen.<\/p>\n<p>Utbedringer tar tid<\/p>\n<p>\u00d8ystein Dahlberg er klar p\u00e5 at de trenger \u00e5 fikse rullebanen og perimetersikringen s\u00e5 snart som mulig. Men han m\u00e5 vente.\u00a0<\/p>\n<p>Statssekret\u00e6r Marte Gerhardsen (Ap) i Forsvarsdepartementet sier\u00a0at arbeidet med \u00e5 reparere rullebanen starter neste \u00e5r i sommerm\u00e5nedene, fordi det er bare da arbeidet kan utf\u00f8res. F\u00f8rst s\u00f8renden, deretter nordre del i 2027, f\u00f8r en bremsevaier blir montert i 2028.<\/p>\n<p>\u2013 Dermed er ikke rullebanen fullt operativ f\u00f8r i 2028. Det gj\u00f8r at dette tar litt tid, sier Gerhardsen.\u00a0<\/p>\n<p>Et perspektiv p\u00e5 tre \u00e5r er altfor lenge for And\u00f8ya Space.<\/p>\n<p>\u2013 Det er ikke akseptabelt om det tar tre \u00e5r. Forsvarsdepartementet m\u00e5 prioritere\u00a0og sette av penger for \u00e5 f\u00e5 l\u00f8st det, sier Gunnar Jan Olsen.\u00a0<\/p>\n<p>                <img decoding=\"async\" src=\"https:\/\/www.europesays.com\/no\/wp-content\/uploads\/2025\/12\/467478.webp\" width=\"360\" height=\"364\" title=\"STENGT: Omr\u00e5det bak den bl\u00e5 lampen kan ikke brukes av fly.\" alt=\"\" loading=\"lazy\" style=\"\"\/><\/p>\n<p>\n            STENGT: Omr\u00e5det bak den bl\u00e5 lampen kan ikke brukes av fly.<br \/>\n            Foto: Jo Straube, Forsvarets forum\n        <\/p>\n<p>Gerhardsen forst\u00e5r at det er synd for de som blir ber\u00f8rt, og h\u00e5per det er mulig \u00e5 fremskynde arbeidet, men sier det ikke vil f\u00e5 store konsekvenser for Forsvaret.<\/p>\n<p>\u2013 Det er ikke noe alvorlig for Forsvaret, fordi vi kan ta imot hjelp og mottak andre steder, sier Gerhardsen.<\/p>\n<p>Enda lengre tid tar det med perimetersikringen, for if\u00f8lge Gerhardsen m\u00e5 stasjonen vente til mellom 2032 og 2034 f\u00f8r bedre sikring er p\u00e5 plass. <\/p>\n<p>Hun sier at Forsvaret m\u00e5 prioritere det som haster mest, og at det er grunnen til at ny sikring av flystasjonen p\u00e5 And\u00f8ya er skj\u00f8vet p\u00e5.<\/p>\n<p>\u2013 Det er ikke s\u00e5 alvorlig, fordi en del av de store satsingene som skal skje p\u00e5 And\u00f8ya, som droner, ikke er klare enda, sier Gerhardsen.<\/p>\n<p class=\"italic m-italic\" data-lab-italic=\"italic\">\u2013 Nato tar kostnaden for ny sikring. Er det ikke bare \u00e5 sette i gang?<\/p>\n<p>\u2013 Selv om vi har f\u00e5tt \u00f8kte budsjetter, s\u00e5 har vi ogs\u00e5 store utgifter. S\u00e5 vi er ogs\u00e5 avhengig av Nato-st\u00f8tten for \u00e5 kunne gj\u00f8re utbedringene, sier Gerhardsen.<\/p>\n<p>Dahlberg sier det er sv\u00e6rt uheldig at det ikke kommer ny perimetersikring tidligere, og er uenig med Gerhardsen.\u00a0<\/p>\n<p>\u2013\u00a0N\u00e5r det gjelder perimeteret\u00a0er\u00a0situasjonen alvorlig. Dagens gjerde ikke en gang er egnet til \u00e5 holde vilt ute samtidig som vi har de verdiene, avdelingene og aktivitetene vi faktisk har blir det sv\u00e6rt utfordrende \u00e5 sikre basen i henhold til krav gitt i sikkerhetsloven og konsept for baseforsvar, sier Dahlberg.\u00a0<\/p>\n<p>\u2013 Vi \u00f8nsker derfor at Forsvarsbygg i det minste kan f\u00e5 et gjennomf\u00f8ringsoppdrag der det blir gitt rom for \u00e5 sende arbeid ut p\u00e5 anbud slik at det er mulig gjennomf\u00f8re tiltak for \u00e5 dekke de mest alvorlige avvikene, legger stasjonssjefen til.\u00a0<\/p>\n<p>Etterlyser informasjon<\/p>\n<p>Stasjonsledelsen kl\u00f8r seg i hodet, og legger ikke skjul p\u00e5 at de er frustrerte.\u00a0<\/p>\n<p>\u2013 Det er ikke helt sammenheng mellom politisk ambisjonsniv\u00e5 og det som blir effektuert i forsvarssektoren. Kanskje v\u00e5re st\u00f8rste frustrasjoner og utfordringer er informasjonsvakuumet. N\u00e5r f\u00e5r vi midlene tildelt? sp\u00f8r Dahlberg seg.<\/p>\n<p>Det har allerede blitt satt av penger i tidligere budsjetter fra regjeringen til \u00e5 gj\u00f8re utbedringer p\u00e5 And\u00f8ya:<\/p>\n<ul>\n<li class=\"lab-bodytext-line\">Prop. 118 S (2022-2023), tilleggsbevilgninger i statsbudsjettet: 167,3 millioner kroner til \u00e5 legge til rette for blant annet alliert mottak p\u00e5 And\u00f8ya.<\/li>\n<li class=\"lab-bodytext-line\">Prop. 18 S (2022-2023), endringer ved forsvarsbudsjettet: 20 millioner for vedlikehold av kritisk infrastruktur ved And\u00f8ya.<\/li>\n<li class=\"lab-bodytext-line\">Prop. 104 S (2023-2024), tilleggsbevilgninger i statsbudsjettet: 37,5 millioner for \u00e5 underst\u00f8tte alliert mottak p\u00e5 And\u00f8ya med vakthold og sikring.<\/li>\n<li class=\"lab-bodytext-line\">Prop. 1 S (2023-2024), forsvarsbudsjettet: Inntil 300 millioner kroner til indre perimeter p\u00e5 And\u00f8ya flystasjon og 29,4 millioner kroner til operativ infrastruktur ved And\u00f8ya og Bod\u00f8.<\/li>\n<li class=\"lab-bodytext-line\">Prop. 1 S (2024-2025), forsvarsbudsjettet: 65,8 millioner for \u00e5 legge til rette for alliert mottak p\u00e5 And\u00f8ya.<\/li>\n<\/ul>\n<p>                <img decoding=\"async\" src=\"https:\/\/www.europesays.com\/no\/wp-content\/uploads\/2025\/12\/469333.webp\" width=\"360\" height=\"364\" title=\"SLITT: Dette bygget hadde trengt noen nye str\u00f8k med maling. Det er imidlertid langt nede p\u00e5 prioriteringslisten.\" alt=\"\" loading=\"lazy\" style=\"\"\/><\/p>\n<p>\n            SLITT: Dette bygget hadde trengt noen nye str\u00f8k med maling. Det er imidlertid langt nede p\u00e5 prioriteringslisten.<br \/>\n            Foto: Jo Straube, Forsvarets forum\n        <\/p>\n<p>B\u00e5de Gerhardsen og forsvarsminister Tore O. Sandvik (Ap) har v\u00e6rt p\u00e5 bes\u00f8k og f\u00e5tt en grundig innf\u00f8ring i tilstanden. De har gitt et godt inntrykk og sagt de skal ta tak, men lite har skjedd i etterkant, forteller ledelsen p\u00e5 flystasjonen.<\/p>\n<p>\u2013 Folk skriker etter informasjon. Det trenger ikke v\u00e6re positivt og kan v\u00e6re beskjed om at vi ikke f\u00e5r penger. Da er det lagt d\u00f8dt, og man slipper \u00e5 gruble, sier S\u00f8rlundsengen.<\/p>\n<p>\u2013 Vi ser null<\/p>\n<p>Sandvik har uttalt til lokalavisen <a href=\"https:\/\/www.blv.no\/forsvarsministeren-besokte-andoya-dette-hadde-han-a-si\/s\/5-9-843062\" rel=\"nofollow noopener\" target=\"_blank\">Bladet Vester\u00e5len<\/a> at regjeringen har store ambisjoner for And\u00f8ya. Budskapet n\u00e5r ikke fram til Morten S\u00f8rlundsengen.<\/p>\n<p>\u2013 Det er veldig fine ord, men vi ser ikke den store satsingen. Vi ser null. Kun lovnader, sier sjefsersjanten.<\/p>\n<p>Marte Gerhardsen sier at et \u00f8kt aktivitetsniv\u00e5 g\u00e5r p\u00e5 bekostning av blant annet \u00e5 oppgradere And\u00f8ya flystasjon, men hun er klar p\u00e5 at ambisjonene fortsatt er der.\u00a0<\/p>\n<p>\u2013 Derfor har investeringene p\u00e5 And\u00f8ya blitt noe utsatt, men det betyr ikke at de er avskrevet. And\u00f8ya blir kjempeviktig n\u00e5r vi skal utvikle fremtidens forsvar, sier statssekret\u00e6ren.<\/p>\n<p>Dahlberg erkjenner at det er mange prosjekter som trenger penger i Forsvaret.\u00a0<\/p>\n<p>\u2013 Jeg har forst\u00e5else for at det er utfordrende \u00e5 f\u00e5 st\u00f8rre tildelinger til And\u00f8ya flystasjon i n\u00e6rmeste fremtid. Samtidig vil jeg v\u00e6re tydelig p\u00e5 at jeg er uenig i at situasjonen ikke er alvorlig, sier Dahlberg.\u00a0<\/p>\n<p>\u00a0<\/p>\n","protected":false},"excerpt":{"rendered":"AND\u00d8YA (Forsvarets forum): Tore Spjelkavik i Forsvarsbygg setter seg p\u00e5 kne p\u00e5 rullebanen p\u00e5 And\u00f8ya flystasjon. Han dytter&hellip;\n","protected":false},"author":2,"featured_media":102115,"comment_status":"","ping_status":"","sticky":false,"template":"","format":"standard","meta":{"footnotes":""},"categories":[10],"tags":[20,21,24,25,15,22,23,13,30,28,29,14,16,26,27],"class_list":{"0":"post-102114","1":"post","2":"type-post","3":"status-publish","4":"format-standard","5":"has-post-thumbnail","7":"category-norge","8":"tag-breaking-news","9":"tag-breakingnews","10":"tag-featured-news","11":"tag-featurednews","12":"tag-headlines","13":"tag-latest-news","14":"tag-latestnews","15":"tag-news","16":"tag-no","17":"tag-norge","18":"tag-norway","19":"tag-nyheter","20":"tag-overskrifter","21":"tag-top-stories","22":"tag-topstories"},"share_on_mastodon":{"url":"https:\/\/pubeurope.com\/@no\/115649465950131024","error":""},"_links":{"self":[{"href":"https:\/\/www.europesays.com\/no\/wp-json\/wp\/v2\/posts\/102114","targetHints":{"allow":["GET"]}}],"collection":[{"href":"https:\/\/www.europesays.com\/no\/wp-json\/wp\/v2\/posts"}],"about":[{"href":"https:\/\/www.europesays.com\/no\/wp-json\/wp\/v2\/types\/post"}],"author":[{"embeddable":true,"href":"https:\/\/www.europesays.com\/no\/wp-json\/wp\/v2\/users\/2"}],"replies":[{"embeddable":true,"href":"https:\/\/www.europesays.com\/no\/wp-json\/wp\/v2\/comments?post=102114"}],"version-history":[{"count":0,"href":"https:\/\/www.europesays.com\/no\/wp-json\/wp\/v2\/posts\/102114\/revisions"}],"wp:featuredmedia":[{"embeddable":true,"href":"https:\/\/www.europesays.com\/no\/wp-json\/wp\/v2\/media\/102115"}],"wp:attachment":[{"href":"https:\/\/www.europesays.com\/no\/wp-json\/wp\/v2\/media?parent=102114"}],"wp:term":[{"taxonomy":"category","embeddable":true,"href":"https:\/\/www.europesays.com\/no\/wp-json\/wp\/v2\/categories?post=102114"},{"taxonomy":"post_tag","embeddable":true,"href":"https:\/\/www.europesays.com\/no\/wp-json\/wp\/v2\/tags?post=102114"}],"curies":[{"name":"wp","href":"https:\/\/api.w.org\/{rel}","templated":true}]}}