{"id":102126,"date":"2025-12-02T10:41:08","date_gmt":"2025-12-02T10:41:08","guid":{"rendered":"https:\/\/www.europesays.com\/no\/102126\/"},"modified":"2025-12-02T10:41:08","modified_gmt":"2025-12-02T10:41:08","slug":"innbruddsbolge-i-fana-bunadssolv-og-dyr-vin-tatt","status":"publish","type":"post","link":"https:\/\/www.europesays.com\/no\/102126\/","title":{"rendered":"Innbruddsb\u00f8lge i Fana, bunadss\u00f8lv og dyr vin tatt"},"content":{"rendered":"\n<p class=\"_lead_o9xde_2 _lead_xtcu6_50 layout-component text-serif-m layout-normal text-serif-l layout-component layout-wide layout-padded _wide_17hqh_1 layout-padded\">Politiet har f\u00e5tt anmeldelser p\u00e5 ti grove tyverier fra private boliger i omr\u00e5det Fana og Lysefjorden den siste tiden. <\/p>\n<ul aria-hidden=\"true\" class=\"_images_1uft6_111\">\n<li><a class=\"_link_1uft6_116\" href=\"https:\/\/www.vg.no\/forfatter\/stella-bugge\" style=\"z-index:1\" title=\"Stella Bugge\" rel=\"nofollow noopener\" target=\"_blank\"><img alt=\"Bilde av Stella Bugge\" class=\"_image_1uft6_93\" fetchpriority=\"low\" loading=\"lazy\" decoding=\"async\" itemprop=\"image\"  src=\"https:\/\/www.europesays.com\/no\/wp-content\/uploads\/2025\/12\/c673ac82-f3e7-47d3-aa1d-79bb6eca457a\"  width=\"480\"\/><\/a><\/li>\n<\/ul>\n<p> Oppdatert tirsdag 2. desember kl. 10:57     <\/p>\n<p class=\"_paragraph_o9xde_4 _paragraph_xtcu6_10 layout-component text-serif-m layout-normal text-serif-m layout-padded\">N\u00e5 ber de om tips.<\/p>\n<p class=\"_paragraph_o9xde_4 _paragraph_xtcu6_10 layout-component text-serif-m layout-normal text-serif-m layout-padded\">Blant tingene som er forsvunnet, er bunadss\u00f8lv og kostbar vin.<\/p>\n<p class=\"_paragraph_o9xde_4 _paragraph_xtcu6_10 layout-component text-serif-m layout-normal text-serif-m layout-padded\">\u2013 De grove tyveriene har i all hovedsak skjedd i bydelen <a href=\"https:\/\/www.vg.no\/tag\/fana?utm_source=vg-article&amp;utm_medium=auto-tagger&amp;utm_campaign=7pnepK\" class=\"_link_o9xde_39\" rel=\"nofollow noopener\" target=\"_blank\">Fana<\/a>, og har likhetstrekk som politiet etterforsker videre, skriver politiet i en pressemelding.<\/p>\n<ul class=\"_list_o9xde_3 _list_xtcu6_9 _unordered_o9xde_106 layout-component text-serif-m layout-normal text-serif-m layout-padded\">\n<li class=\"_item_o9xde_30\"><strong class=\"_strong_o9xde_25\">Er du en av de som har blitt rammet?<\/strong> <a href=\"https:\/\/www.vg.no\/tips-oss\" class=\"_link_o9xde_39\" rel=\"nofollow noopener\" target=\"_blank\">Ta kontakt med VG her.<\/a><\/li>\n<\/ul>\n<p class=\"_paragraph_o9xde_4 _paragraph_xtcu6_10 layout-component text-serif-m layout-normal text-serif-m layout-padded\">Innbruddene har skjedd i private boliger, n\u00e5r folk ikke er hjemme. Boligene har som oftest v\u00e6rt m\u00f8rklagt n\u00e5r de innbruddet har skjedd.<\/p>\n<p class=\"_paragraph_o9xde_4 _paragraph_xtcu6_10 layout-component text-serif-m layout-normal text-serif-m layout-padded\">\u2013 De fleste innbruddene har skjedd etter m\u00f8rkets frembrudd. Noen har skjedd p\u00e5 ettermiddag og kveld n\u00e5r huseier har forlatt boligen i noen timer, skriver politiet.<\/p>\n<p class=\"_paragraph_o9xde_4 _paragraph_xtcu6_10 layout-component text-serif-m layout-normal text-serif-m layout-padded\">\u2013 Vi har patruljer som er ute og passer p\u00e5 og f\u00f8lger med s\u00e5 lenge de ikke er opptatt med andre ting, sier politioverbetjent Kjartan Duesund til VG.<\/p>\n<p class=\"_paragraph_o9xde_4 _paragraph_xtcu6_10 layout-component text-serif-m layout-normal text-serif-m layout-padded\">Han ber folk om \u00e5 melde fra hvis de har sett biler og personer i omr\u00e5det som har v\u00e6rt litt utenom det vanlige<\/p>\n<p class=\"_paragraph_o9xde_4 _paragraph_xtcu6_10 layout-component text-serif-m layout-normal text-serif-m layout-padded\">\u2013 Har du videoverv\u00e5kning i tillegg, er vi kjempeinteressert, sier han.<\/p>\n<p>Fjernet vindusglass<\/p>\n<p class=\"_paragraph_o9xde_4 _paragraph_xtcu6_10 layout-component text-serif-m layout-normal text-serif-m layout-padded\">Men innbrudd har ogs\u00e5 skjedd n\u00e5r beboere har v\u00e6rt bortreist over lengre tid. <\/p>\n<p class=\"_paragraph_o9xde_4 _paragraph_xtcu6_10 layout-component text-serif-m layout-normal text-serif-m layout-padded\">\u2013 Gjerningspersoner har tatt seg inn gjennom vindu eller d\u00f8r p\u00e5 bakkeplan, som oftest ved \u00e5 fjerne vindu\/glass ifra vindusramme. I boliger med skallsikring har ikke alarm blitt utl\u00f8st, heter det i pressemedlingen. <\/p>\n<p class=\"_paragraph_o9xde_4 _paragraph_xtcu6_10 layout-component text-serif-m layout-normal text-serif-m layout-padded\">Men politiet har sikret videobilder fra flere \u00e5sted og opplyser at de etterforsker boliginnbruddene med betydelige ressurser. <\/p>\n<p class=\"_paragraph_o9xde_4 _paragraph_xtcu6_10 layout-component text-serif-m layout-normal text-serif-m layout-padded\">De stj\u00e5lne gjenstandene er oftest tatt soverom, bad eller vaskerom.<\/p>\n<p class=\"_paragraph_o9xde_4 _paragraph_xtcu6_10 layout-component text-serif-m layout-normal text-serif-m layout-padded\">\u2013 I de fleste sakene er det smykker, kontanter, bunadss\u00f8lv og kostbar vin som er meldt stj\u00e5let, skriver politiet. <\/p>\n<p class=\"_paragraph_o9xde_4 _paragraph_xtcu6_10 layout-component text-serif-m layout-normal text-serif-m layout-padded\">\u2013  Vi skal intensivere patruljeringen i omr\u00e5det. Vi vil v\u00e6re tilgjengelig og ha oppsyn der det har v\u00e6rt mye tyverier, sier Ronny \u00d8vrebotten, sjef for Bergen s\u00f8r politistasjon til <a href=\"https:\/\/www.bt.no\/krim\/i\/m0gon4\/innbruddsboelge-i-fana-vi-vil-holde-oppsyn\" class=\"_link_o9xde_39\" rel=\"nofollow noopener\" target=\"_blank\">Bergens Tidende.<\/a><\/p>\n<p>Gode r\u00e5d<\/p>\n<p class=\"_paragraph_o9xde_4 _paragraph_xtcu6_10 layout-component text-serif-m layout-normal text-serif-m layout-padded\">Politiet ber folk vurdere om de skal oppbevare gjenstander av verdi eller affeksjonsverdi enten nedl\u00e5st, p\u00e5 steder i boligen som dekkes av alarmsystemet eller p\u00e5 sikkert sted utenfor boligen.<\/p>\n<p class=\"_paragraph_o9xde_4 _paragraph_xtcu6_10 layout-component text-serif-m layout-normal text-serif-m layout-padded\">\u2013 M\u00f8rklagte hus er tyvenes beste venn. Tenk p\u00e5 det n\u00e5r du forlater boligen. S\u00f8rg for regelmessig t\u00f8mming av egen postkasse og boss-spann. Ikke la det vise at du er bortreist, skriver politiet.<\/p>\n<p class=\"_paragraph_o9xde_4 _paragraph_xtcu6_10 layout-component text-serif-m layout-normal text-serif-m layout-padded\">De r\u00e5der ogs\u00e5 til \u00e5 gj\u00f8re gode avtaler med naboen.<\/p>\n","protected":false},"excerpt":{"rendered":"Politiet har f\u00e5tt anmeldelser p\u00e5 ti grove tyverier fra private boliger i omr\u00e5det Fana og Lysefjorden den siste&hellip;\n","protected":false},"author":2,"featured_media":102127,"comment_status":"","ping_status":"","sticky":false,"template":"","format":"standard","meta":{"footnotes":""},"categories":[5],"tags":[444,20,21,5702,24,25,15,19,22,23,17,18,13,30,28,29,14,16,26,27],"class_list":{"0":"post-102126","1":"post","2":"type-post","3":"status-publish","4":"format-standard","5":"has-post-thumbnail","7":"category-overskrifter","8":"tag-bergen","9":"tag-breaking-news","10":"tag-breakingnews","11":"tag-fana","12":"tag-featured-news","13":"tag-featurednews","14":"tag-headlines","15":"tag-hovedoppslag","16":"tag-latest-news","17":"tag-latestnews","18":"tag-main-news","19":"tag-mainnews","20":"tag-news","21":"tag-no","22":"tag-norge","23":"tag-norway","24":"tag-nyheter","25":"tag-overskrifter","26":"tag-top-stories","27":"tag-topstories"},"share_on_mastodon":{"url":"https:\/\/pubeurope.com\/@no\/115649556376061327","error":""},"_links":{"self":[{"href":"https:\/\/www.europesays.com\/no\/wp-json\/wp\/v2\/posts\/102126","targetHints":{"allow":["GET"]}}],"collection":[{"href":"https:\/\/www.europesays.com\/no\/wp-json\/wp\/v2\/posts"}],"about":[{"href":"https:\/\/www.europesays.com\/no\/wp-json\/wp\/v2\/types\/post"}],"author":[{"embeddable":true,"href":"https:\/\/www.europesays.com\/no\/wp-json\/wp\/v2\/users\/2"}],"replies":[{"embeddable":true,"href":"https:\/\/www.europesays.com\/no\/wp-json\/wp\/v2\/comments?post=102126"}],"version-history":[{"count":0,"href":"https:\/\/www.europesays.com\/no\/wp-json\/wp\/v2\/posts\/102126\/revisions"}],"wp:featuredmedia":[{"embeddable":true,"href":"https:\/\/www.europesays.com\/no\/wp-json\/wp\/v2\/media\/102127"}],"wp:attachment":[{"href":"https:\/\/www.europesays.com\/no\/wp-json\/wp\/v2\/media?parent=102126"}],"wp:term":[{"taxonomy":"category","embeddable":true,"href":"https:\/\/www.europesays.com\/no\/wp-json\/wp\/v2\/categories?post=102126"},{"taxonomy":"post_tag","embeddable":true,"href":"https:\/\/www.europesays.com\/no\/wp-json\/wp\/v2\/tags?post=102126"}],"curies":[{"name":"wp","href":"https:\/\/api.w.org\/{rel}","templated":true}]}}