{"id":102144,"date":"2025-12-02T11:04:55","date_gmt":"2025-12-02T11:04:55","guid":{"rendered":"https:\/\/www.europesays.com\/no\/102144\/"},"modified":"2025-12-02T11:04:55","modified_gmt":"2025-12-02T11:04:55","slug":"jeg-skjonner-at-det-kan-vaere-fristende-a-endre-pa-det-du-ser-i-speilet","status":"publish","type":"post","link":"https:\/\/www.europesays.com\/no\/102144\/","title":{"rendered":"&#8211; Jeg skj\u00f8nner at det kan v\u00e6re fristende \u00e5 endre p\u00e5 det du ser i speilet"},"content":{"rendered":"<p class=\"kicker \" style=\"\">Ingeborg Heldal:<\/p>\n<p>  Som kvinne blir man dessverre stadig minnet p\u00e5 at det \u00e5 eldes er noe vi burde skamme seg over.\u00a0<\/p>\n<p>\n    FOTO: Ida Helene Bergersen\n  <\/p>\n<p>\u00abSelv om man blir eldre, skal man ikke gi opp seg selv\u00bb<\/p>\n<p>Sitatet kommer fra Kris Jenner \u2013 verdens mest ber\u00f8mte \u00abmomager\u00bb (en kombinasjon av mamma og manager, for de som m\u00e5tte lure).\u00a0<\/p>\n<p>D\u00f8trene Kourtney, Kim, Khlo\u00e9, Kendall og Kylie er blant verdens aller st\u00f8rste stjerner, l\u00f8ftet frem av l\u00f8vemamma Kris gjennom realityserier, reklamekampanjer og monstersuksess med egne produkter.<\/p>\n<p>Det var i forbindelse med et cover og et stort intervju med magasinet Vogue Arabia at Kris uttalte at hun ikke ville gi opp selv om hun ble eldre. Og jeg kunne ikke v\u00e6rt mer enig. Likevel skurrer det litt for meg at hun bruker sitatet i sammenheng med sin andre ansiktsl\u00f8ftning \u2013 en ytre transformasjon som gj\u00f8r at det faktisk er helt umulig \u00e5 se spor av den kvinnen hun en gang var.<\/p>\n<p>Jeg skriver ikke dette for \u00e5 kaste skam over Kris Jenner, og jeg h\u00e5per du som leser dette ikke tolker det slik.<\/p>\n<p>    <a itemprop=\"url\" href=\"https:\/\/www.kk.no\/meninger\/det-gjorde-meg-alltid-glad-a-hore-dette\/83775694\" rel=\"nofollow noopener\" target=\"_blank\"><\/p>\n<p>      <img loading=\"lazy\" decoding=\"async\" src=\"https:\/\/www.europesays.com\/no\/wp-content\/uploads\/2025\/12\/82327896.webp\" width=\"147\" height=\"98\" title=\"- Det gjorde meg alltid glad \u00e5 h\u00f8re dette\" alt=\"\" class=\"lazyload\" style=\"--aspect-ratio-image: 1.50; \"\/><\/p>\n<p>        &#8211; Det gjorde meg alltid glad \u00e5 h\u00f8re dette<\/p>\n<p>    <\/a><\/p>\n<p class=\"font-weight-bold m-font-weight-bold\" data-lab-font_weight=\"font-weight-bold\">Det er krevende \u00e5 eldes som kvinne i offentlighetens s\u00f8kelys, og jeg skj\u00f8nner at det kan v\u00e6re fristende \u00e5 endre p\u00e5 det du ser i speilet.<\/p>\n<p data-lab-font_weight=\"\">For som kvinne blir man dessverre stadig minnet p\u00e5 at det \u00e5 eldes er noe vi burde skamme seg over, noe som gj\u00f8r oss ugjenkjennelige, avleggs og, i ytterste konsekvens, uattraktive og stygge.<\/p>\n<p>Men jeg INSISTERER p\u00e5 \u00e5 f\u00e5 lov til \u00e5 eldes i fred, helt uten en eneste ansiktsl\u00f8ftning, uten at det skal tolkes som et bevis p\u00e5 at jeg har gitt opp. For jeg har ikke gitt opp! Jeg vil v\u00e6re pen for mannen min, pynte meg og g\u00e5 ut p\u00e5 byen, se meg i speilet og tenke: \u00abHei, hei, fru Heldal, slett ikke verst dette.\u00bb <\/p>\n<p>Men jeg orker ikke at det skal v\u00e6re slik at jeg m\u00e5 ta to ansiktsl\u00f8ftninger for at verdens skal synes jeg er bra nok som kvinne 50+. Vi er n\u00f8dt til \u00e5 endre hvordan vi ser p\u00e5 det \u00e5 bli eldre. <\/p>\n<p>Jeg synes vi alle skal h\u00f8re p\u00e5 <a href=\"https:\/\/www.kk.no\/livet\/jeg-hadde-tvangstrekk-av-lonna-i-elleve-ar\/83818578\" rel=\"nofollow noopener\" target=\"_blank\">Ingrid Bj\u00f8rnov, som har som m\u00e5l \u00e5 bli den 60-\u00e5ringen som gj\u00f8r at 30-\u00e5ringer ikke gruer seg.<\/a> Det hyller jeg!<\/p>\n<p class=\"italic m-italic\" data-lab-italic=\"italic\">Klem fra Ingeborg<\/p>\n<p>    <a itemprop=\"url\" href=\"https:\/\/www.kk.no\/meninger\/det-tar-bare-35-sekunder-2\/83819999\" rel=\"nofollow noopener\" target=\"_blank\"><\/p>\n<p>      <img loading=\"lazy\" decoding=\"async\" src=\"https:\/\/www.europesays.com\/no\/wp-content\/uploads\/2025\/12\/83820114.webp\" width=\"980\" height=\"441\" title=\"- Det tar bare 35 sekunder\" alt=\"\" class=\"lazyload\" style=\"--aspect-ratio-image: 2.22; \"\/><\/p>\n<p>        &#8211; Det tar bare 35 sekunder<\/p>\n<p>    <\/a><\/p>\n<p>    <a itemprop=\"url\" href=\"https:\/\/www.kk.no\/meninger\/han-stod-rusa-og-krakilsk-i-huset-mitt\/83775466\" rel=\"nofollow noopener\" target=\"_blank\"><\/p>\n<p>      <img loading=\"lazy\" decoding=\"async\" src=\"https:\/\/www.europesays.com\/no\/wp-content\/uploads\/2025\/12\/83775472.webp\" width=\"147\" height=\"98\" title=\"- Han stod rusa og krakilsk i huset mitt\" alt=\"\" class=\"lazyload\" style=\"--aspect-ratio-image: 1.50; \"\/><\/p>\n<p>        &#8211; Han stod rusa og krakilsk i huset mitt<\/p>\n<p>    <\/a><\/p>\n","protected":false},"excerpt":{"rendered":"Ingeborg Heldal: Som kvinne blir man dessverre stadig minnet p\u00e5 at det \u00e5 eldes er noe vi burde&hellip;\n","protected":false},"author":2,"featured_media":102145,"comment_status":"","ping_status":"","sticky":false,"template":"","format":"standard","meta":{"footnotes":""},"categories":[58],"tags":[71,4876,3586,156,30,28,29,72],"class_list":{"0":"post-102144","1":"post","2":"type-post","3":"status-publish","4":"format-standard","5":"has-post-thumbnail","7":"category-underholdning","8":"tag-entertainment","9":"tag-ingeborg-heldal","10":"tag-kris-jenner","11":"tag-meninger","12":"tag-no","13":"tag-norge","14":"tag-norway","15":"tag-underholdning"},"share_on_mastodon":{"url":"https:\/\/pubeurope.com\/@no\/115649650795328977","error":""},"_links":{"self":[{"href":"https:\/\/www.europesays.com\/no\/wp-json\/wp\/v2\/posts\/102144","targetHints":{"allow":["GET"]}}],"collection":[{"href":"https:\/\/www.europesays.com\/no\/wp-json\/wp\/v2\/posts"}],"about":[{"href":"https:\/\/www.europesays.com\/no\/wp-json\/wp\/v2\/types\/post"}],"author":[{"embeddable":true,"href":"https:\/\/www.europesays.com\/no\/wp-json\/wp\/v2\/users\/2"}],"replies":[{"embeddable":true,"href":"https:\/\/www.europesays.com\/no\/wp-json\/wp\/v2\/comments?post=102144"}],"version-history":[{"count":0,"href":"https:\/\/www.europesays.com\/no\/wp-json\/wp\/v2\/posts\/102144\/revisions"}],"wp:featuredmedia":[{"embeddable":true,"href":"https:\/\/www.europesays.com\/no\/wp-json\/wp\/v2\/media\/102145"}],"wp:attachment":[{"href":"https:\/\/www.europesays.com\/no\/wp-json\/wp\/v2\/media?parent=102144"}],"wp:term":[{"taxonomy":"category","embeddable":true,"href":"https:\/\/www.europesays.com\/no\/wp-json\/wp\/v2\/categories?post=102144"},{"taxonomy":"post_tag","embeddable":true,"href":"https:\/\/www.europesays.com\/no\/wp-json\/wp\/v2\/tags?post=102144"}],"curies":[{"name":"wp","href":"https:\/\/api.w.org\/{rel}","templated":true}]}}