{"id":102159,"date":"2025-12-02T11:20:07","date_gmt":"2025-12-02T11:20:07","guid":{"rendered":"https:\/\/www.europesays.com\/no\/102159\/"},"modified":"2025-12-02T11:20:07","modified_gmt":"2025-12-02T11:20:07","slug":"vil-ikkje-seie-kva-narvesen-kioskar-som-forsvinn","status":"publish","type":"post","link":"https:\/\/www.europesays.com\/no\/102159\/","title":{"rendered":"Vil ikkje seie kva Narvesen-kioskar som forsvinn"},"content":{"rendered":"<p> \u2013 Vi kan stadfeste at vi har vore i dialog med alle dei ramma kj\u00f8pmennene. Vi jobbar no for \u00e5 sikre omsynsfulle og f\u00f8reseielege prosessar for alle involverte, og er i dialog med kj\u00f8pmennene og huseigarane v\u00e5re for \u00e5 finne best mogleg l\u00f8ysingar for begge partar, seier kommunikasjonssjef Sara Ulla Nyquist i Reitan Convenience Norway til <a href=\"https:\/\/handelswatch.no\/nyheter\/dagligvarer\/article18798009.ece\" rel=\"noopener nofollow\" target=\"_blank\">HandelsWatch.<\/a><\/p>\n<p>25. november vart det klart at Reitan Convenience vil leggje ned 70 Narvesen-kioskar over heile landet fordi kioskane har f\u00f8rt til milliontap over fleire \u00e5r. Dei fleste av kioskane som blir borte ligg p\u00e5 kj\u00f8pesenter.<\/p>\n<p>\u2013 Nedleggingsdato blir avtalt i dialog med kj\u00f8pmann og gardeigar, og vil variere fr\u00e5 butikk til butikk, seier Nyquist til avisa.<\/p>\n<p>Ho seier likevel at nedleggingane kjem til \u00e5 skje gradvis fr\u00e5 neste \u00e5r og ut 2028. Prosessen kan alts\u00e5 ta inntil tre \u00e5r.<\/p>\n<p>\u2013 Vi \u00f8nskjer derfor ikkje \u00e5 g\u00e5 ut med ei liste over kva butikkar som er ramma f\u00f8r vi har komme lenger i denne prosessen, seier Nyquist.<\/p>\n<p>(\u00a9NPK)<\/p>\n","protected":false},"excerpt":{"rendered":"\u2013 Vi kan stadfeste at vi har vore i dialog med alle dei ramma kj\u00f8pmennene. Vi jobbar no&hellip;\n","protected":false},"author":2,"featured_media":102160,"comment_status":"","ping_status":"","sticky":false,"template":"","format":"standard","meta":{"footnotes":""},"categories":[56],"tags":[60,61,62,30,28,29],"class_list":{"0":"post-102159","1":"post","2":"type-post","3":"status-publish","4":"format-standard","5":"has-post-thumbnail","7":"category-naeringsliv","8":"tag-business","9":"tag-economy","10":"tag-naeringsliv","11":"tag-no","12":"tag-norge","13":"tag-norway"},"share_on_mastodon":{"url":"https:\/\/pubeurope.com\/@no\/115649709646138707","error":""},"_links":{"self":[{"href":"https:\/\/www.europesays.com\/no\/wp-json\/wp\/v2\/posts\/102159","targetHints":{"allow":["GET"]}}],"collection":[{"href":"https:\/\/www.europesays.com\/no\/wp-json\/wp\/v2\/posts"}],"about":[{"href":"https:\/\/www.europesays.com\/no\/wp-json\/wp\/v2\/types\/post"}],"author":[{"embeddable":true,"href":"https:\/\/www.europesays.com\/no\/wp-json\/wp\/v2\/users\/2"}],"replies":[{"embeddable":true,"href":"https:\/\/www.europesays.com\/no\/wp-json\/wp\/v2\/comments?post=102159"}],"version-history":[{"count":0,"href":"https:\/\/www.europesays.com\/no\/wp-json\/wp\/v2\/posts\/102159\/revisions"}],"wp:featuredmedia":[{"embeddable":true,"href":"https:\/\/www.europesays.com\/no\/wp-json\/wp\/v2\/media\/102160"}],"wp:attachment":[{"href":"https:\/\/www.europesays.com\/no\/wp-json\/wp\/v2\/media?parent=102159"}],"wp:term":[{"taxonomy":"category","embeddable":true,"href":"https:\/\/www.europesays.com\/no\/wp-json\/wp\/v2\/categories?post=102159"},{"taxonomy":"post_tag","embeddable":true,"href":"https:\/\/www.europesays.com\/no\/wp-json\/wp\/v2\/tags?post=102159"}],"curies":[{"name":"wp","href":"https:\/\/api.w.org\/{rel}","templated":true}]}}