{"id":102163,"date":"2025-12-02T11:22:09","date_gmt":"2025-12-02T11:22:09","guid":{"rendered":"https:\/\/www.europesays.com\/no\/102163\/"},"modified":"2025-12-02T11:22:09","modified_gmt":"2025-12-02T11:22:09","slug":"flertall-for-kontroversiell-skoleplan-slutt-for-oslos-eldste-skole-se-alle-skoleendringene-i-oslo","status":"publish","type":"post","link":"https:\/\/www.europesays.com\/no\/102163\/","title":{"rendered":"Flertall for kontroversiell skoleplan. Slutt for Oslos eldste skole. Se alle skoleendringene i Oslo."},"content":{"rendered":"<p class=\"extendedContent hyperion-css-eyn926\" data-test-tag=\"lead-text\">Elever og foreldre over hele Oslo har kjempet for sine skoler i m\u00e5nedsvis. N\u00e5 er det klart hvilke skoler som ble h\u00f8rt og hvem som ikke ble det. <\/p>\n<p><img decoding=\"async\" class=\"image-asset hyperion-css-u06ts1\" data-test-tag=\"image-asset\" src=\"https:\/\/www.europesays.com\/no\/wp-content\/uploads\/2025\/12\/077d3ea7-dfb0-4bd2-9e93-eb73fd6872d7\"  alt=\"Borgelig enighet om ny skoleplan i Oslo. F. v. Julianne Ofstad (Frp), Anna D\u00e5snes (V), Bj\u00f8rgulv Vinje Borgundvaag (H) og \u00d8yvind H\u00e5brekke (KrF) p\u00e5 Trosterud skole.\"  loading=\"eager\" fetchpriority=\"high\" style=\"aspect-ratio:2048 \/ 1366\"\/>Borgelig enighet om ny skoleplan i Oslo. F. v. Julianne Ofstad (Frp), Anna D\u00e5snes (V), Bj\u00f8rgulv Vinje Borgundvaag (H) og \u00d8yvind H\u00e5brekke (KrF) p\u00e5 Trosterud skole. Foto: Tomm W. Christiansen \/ Aftenposten<\/p>\n<p class=\"paywall hyperion-css-1j42uic\">Saken oppdateres.<\/p>\n<p class=\"paywall hyperion-css-1j42uic\">Frp og KrF gir det borgerlige byr\u00e5det i Oslo flertall for sin kontroversielle skolebehovsplan &#8211; med noen endringer.<\/p>\n<p class=\"hyperion-css-1qm9e9t\">Les hele saken med abonnement<\/p>\n<p>Allerede abonnent? Logg inn<\/p>\n","protected":false},"excerpt":{"rendered":"Elever og foreldre over hele Oslo har kjempet for sine skoler i m\u00e5nedsvis. N\u00e5 er det klart hvilke&hellip;\n","protected":false},"author":2,"featured_media":102164,"comment_status":"","ping_status":"","sticky":false,"template":"","format":"standard","meta":{"footnotes":""},"categories":[10],"tags":[20,21,24,25,15,22,23,13,30,28,29,14,16,26,27],"class_list":{"0":"post-102163","1":"post","2":"type-post","3":"status-publish","4":"format-standard","5":"has-post-thumbnail","7":"category-norge","8":"tag-breaking-news","9":"tag-breakingnews","10":"tag-featured-news","11":"tag-featurednews","12":"tag-headlines","13":"tag-latest-news","14":"tag-latestnews","15":"tag-news","16":"tag-no","17":"tag-norge","18":"tag-norway","19":"tag-nyheter","20":"tag-overskrifter","21":"tag-top-stories","22":"tag-topstories"},"share_on_mastodon":{"url":"https:\/\/pubeurope.com\/@no\/115649717886565752","error":""},"_links":{"self":[{"href":"https:\/\/www.europesays.com\/no\/wp-json\/wp\/v2\/posts\/102163","targetHints":{"allow":["GET"]}}],"collection":[{"href":"https:\/\/www.europesays.com\/no\/wp-json\/wp\/v2\/posts"}],"about":[{"href":"https:\/\/www.europesays.com\/no\/wp-json\/wp\/v2\/types\/post"}],"author":[{"embeddable":true,"href":"https:\/\/www.europesays.com\/no\/wp-json\/wp\/v2\/users\/2"}],"replies":[{"embeddable":true,"href":"https:\/\/www.europesays.com\/no\/wp-json\/wp\/v2\/comments?post=102163"}],"version-history":[{"count":0,"href":"https:\/\/www.europesays.com\/no\/wp-json\/wp\/v2\/posts\/102163\/revisions"}],"wp:featuredmedia":[{"embeddable":true,"href":"https:\/\/www.europesays.com\/no\/wp-json\/wp\/v2\/media\/102164"}],"wp:attachment":[{"href":"https:\/\/www.europesays.com\/no\/wp-json\/wp\/v2\/media?parent=102163"}],"wp:term":[{"taxonomy":"category","embeddable":true,"href":"https:\/\/www.europesays.com\/no\/wp-json\/wp\/v2\/categories?post=102163"},{"taxonomy":"post_tag","embeddable":true,"href":"https:\/\/www.europesays.com\/no\/wp-json\/wp\/v2\/tags?post=102163"}],"curies":[{"name":"wp","href":"https:\/\/api.w.org\/{rel}","templated":true}]}}