{"id":102177,"date":"2025-12-02T11:38:08","date_gmt":"2025-12-02T11:38:08","guid":{"rendered":"https:\/\/www.europesays.com\/no\/102177\/"},"modified":"2025-12-02T11:38:08","modified_gmt":"2025-12-02T11:38:08","slug":"snart-er-israels-nye-supervapen-utplassert","status":"publish","type":"post","link":"https:\/\/www.europesays.com\/no\/102177\/","title":{"rendered":"Snart er Israels nye superv\u00e5pen utplassert"},"content":{"rendered":"<p>Israels kraftige laserforsvar, som har f\u00e5tt navnet \u00abIron Beam\u00bb, vil bli levert til det israelske forsvaret innen slutten av m\u00e5neden, <a href=\"https:\/\/www.timesofisrael.com\/idf-to-receive-iron-beam-laser-interceptors-at-the-end-of-the-month\/\" rel=\"nofollow noopener\" target=\"_blank\">skriver Times of Israel<\/a>.<\/p>\n<p>Det nye lasersystemet, som blant annet kan skyte ned droner og raketter, har tatt over et ti\u00e5r \u00e5 utvikle, etter at det f\u00f8rst ble kunngjort i 2014. De siste testene ble utf\u00f8rt i september i \u00e5r og systemet ble erkl\u00e6rt \u00e5 v\u00e6re operativt.<\/p>\n<p>\u2013 Iron Beam-laseren vil fundamentalt endre slagmarken. Samtidig utvikler vi allerede neste generasjons systemer, sier Danny Gold, leder av forsvarsdepartementets direktorat for forsvarsforskning- og utvikling.<\/p>\n<p>Under krigen mot Hizbollah i fjor ble en mindre versjon av systemet, med lavere effekt og kortere rekkevidde, brukt til \u00e5 skyte ned 35 droner som kom fra Libanon. Laseren l\u00e5ser seg fast p\u00e5 et m\u00e5l, og i l\u00f8pet av sekunder brenner den hull i det. Det f\u00e5r droner til \u00e5 styrte i bakken og raketter til \u00e5 eksplodere.<\/p>\n<p>Iron Beam, som er utviklet av det israelske forsvarsteknologiselskapet Rafael Advanced Defense Systems, er ikke ment \u00e5 erstatte rakettforsvaret Iron Dome eller andre deler av Israels luftvern, men skal fungere som et supplement. Det er i f\u00f8rste omgang ment \u00e5 skyte ned mindre prosjektiler. Men p\u00e5 sikt ser man for seg at laser ogs\u00e5 kan skyte ned st\u00f8rre trusler, <a href=\"https:\/\/miff.no\/teknologioginnovasjon\/2025\/09\/17om-noen-fa-ar-har-vi-en-laser-som-kan-skyte-ned-iranske-missiler.htm\" rel=\"nofollow noopener\" target=\"_blank\">som ballistiske missiler<\/a>.<\/p>\n<p>Det har i flere \u00e5r v\u00e6rt en utfordring for Israel at rakettforsvarssystemer som Iron Dome er sv\u00e6rt kostbart, mens mange av dronene og rakettene som skytes ned er billige \u00e5 produsere. Det kan koste Israel opp mot en million kroner \u00e5 skyte ned en rakett som bare koster noen f\u00e5 tusen kroner \u00e5 produsere.<\/p>\n<p>De siste ti\u00e5rene har Israel m\u00e5tte forsvare seg mot titusenvis av raketter, droner og andre luftb\u00e5rne trusler. Kostnaden har v\u00e6rt p\u00e5 flere milliarder kroner.<\/p>\n<p>Med Iron Beam vil kostnaden for \u00e5 skyte ned en trussel bare v\u00e6re noen f\u00e5 kroner i str\u00f8m. I tillegg vil man ikke risikere \u00e5 g\u00e5 tom for ammunisjon, s\u00e5 lenge man har str\u00f8m. Den st\u00f8rste ulempen med systemet er det ikke fungerer like bra i d\u00e5rlig v\u00e6r og lavt skydekke.<\/p>\n","protected":false},"excerpt":{"rendered":"Israels kraftige laserforsvar, som har f\u00e5tt navnet \u00abIron Beam\u00bb, vil bli levert til det israelske forsvaret innen slutten&hellip;\n","protected":false},"author":2,"featured_media":102178,"comment_status":"","ping_status":"","sticky":false,"template":"","format":"standard","meta":{"footnotes":""},"categories":[12],"tags":[20,21,24,25,15,22,23,12934,13,30,28,29,14,16,12935,26,27,42,43,44,45],"class_list":{"0":"post-102177","1":"post","2":"type-post","3":"status-publish","4":"format-standard","5":"has-post-thumbnail","7":"category-verden","8":"tag-breaking-news","9":"tag-breakingnews","10":"tag-featured-news","11":"tag-featurednews","12":"tag-headlines","13":"tag-latest-news","14":"tag-latestnews","15":"tag-luftvern","16":"tag-news","17":"tag-no","18":"tag-norge","19":"tag-norway","20":"tag-nyheter","21":"tag-overskrifter","22":"tag-rafael-advanced-defense-systems","23":"tag-top-stories","24":"tag-topstories","25":"tag-verden","26":"tag-world","27":"tag-world-news","28":"tag-worldnews"},"share_on_mastodon":{"url":"https:\/\/pubeurope.com\/@no\/115649780333581174","error":""},"_links":{"self":[{"href":"https:\/\/www.europesays.com\/no\/wp-json\/wp\/v2\/posts\/102177","targetHints":{"allow":["GET"]}}],"collection":[{"href":"https:\/\/www.europesays.com\/no\/wp-json\/wp\/v2\/posts"}],"about":[{"href":"https:\/\/www.europesays.com\/no\/wp-json\/wp\/v2\/types\/post"}],"author":[{"embeddable":true,"href":"https:\/\/www.europesays.com\/no\/wp-json\/wp\/v2\/users\/2"}],"replies":[{"embeddable":true,"href":"https:\/\/www.europesays.com\/no\/wp-json\/wp\/v2\/comments?post=102177"}],"version-history":[{"count":0,"href":"https:\/\/www.europesays.com\/no\/wp-json\/wp\/v2\/posts\/102177\/revisions"}],"wp:featuredmedia":[{"embeddable":true,"href":"https:\/\/www.europesays.com\/no\/wp-json\/wp\/v2\/media\/102178"}],"wp:attachment":[{"href":"https:\/\/www.europesays.com\/no\/wp-json\/wp\/v2\/media?parent=102177"}],"wp:term":[{"taxonomy":"category","embeddable":true,"href":"https:\/\/www.europesays.com\/no\/wp-json\/wp\/v2\/categories?post=102177"},{"taxonomy":"post_tag","embeddable":true,"href":"https:\/\/www.europesays.com\/no\/wp-json\/wp\/v2\/tags?post=102177"}],"curies":[{"name":"wp","href":"https:\/\/api.w.org\/{rel}","templated":true}]}}