{"id":102187,"date":"2025-12-02T11:52:14","date_gmt":"2025-12-02T11:52:14","guid":{"rendered":"https:\/\/www.europesays.com\/no\/102187\/"},"modified":"2025-12-02T11:52:14","modified_gmt":"2025-12-02T11:52:14","slug":"handball-vm-handballjentene-stor-bot-i-vm-norge-raser-mot-forbund","status":"publish","type":"post","link":"https:\/\/www.europesays.com\/no\/102187\/","title":{"rendered":"H\u00e5ndball-VM, H\u00e5ndballjentene | Stor bot i VM: Norge raser mot forbund"},"content":{"rendered":"\n<p>   <img decoding=\"async\" width=\"1500\" height=\"440\" fetchpriority=\"low\"  loading=\"lazy\"  src=\"https:\/\/www.europesays.com\/no\/wp-content\/uploads\/2025\/12\/1764676332_172_Daniel+Austerheim+Trier.jpg\" alt=\"\" class=\"brick-c-cFOWSL\" style=\"--brick-image-ratio: 1500 \/ 440;\"\/><\/p>\n<p><b>NORGE &#8211; ANGOLA 31-19<\/b><\/p>\n<p>TRIER, TYSKLAND (Nettavisen): Norge har danset seg gjennom nok et gruppespill, og vender snuten mot Dortmund tirsdag morgen.<\/p>\n<p>Da f\u00e5r man h\u00e5pe at bussj\u00e5f\u00f8ren kommer tidsnok denne gangen, for det gjorde ikke den ansvarlige som skulle ta de norske jentene til mandagens kamp mot Angola.<\/p>\n<p>If\u00f8lge Norge-leiren var bussen p\u00e5 plass dr\u00f8yt 20 minutter etter avtalt tid utenfor spillernes hotell.<\/p>\n<p>\u2013 Det er bare irriterende egentlig. Vi f\u00e5r b\u00f8ter for sm\u00e5ting her, s\u00e5 vi forventer at bussen som skal kj\u00f8re oss til kamp ikke er 20 minutter forsinket, sier Ole Gustav Gjekstad etter kampen.<\/p>\n<p>Nylig ble <a rel=\"Follow nofollow noopener\" href=\"https:\/\/www.nettavisen.no\/sport\/avslorer-norge-har-fatt-vm-bot\/s\/5-95-2754901\" target=\"_blank\">det kjent at h\u00e5ndballforbundet m\u00e5 betale b\u00f8ter<\/a> p\u00e5 rundt 25.000 kroner til IHF etter regelbrudd.<\/p>\n<p><b>Les ogs\u00e5: <\/b><a rel=\"Follow nofollow noopener\" href=\"https:\/\/www.nettavisen.no\/sport\/store-problemer-for-norges-kamp-mot-angola-i-vm\/s\/5-95-2757354\" target=\"_blank\">Norge raser: \u2013 Farlig!<\/a><\/p>\n<p>Landslagssjefen: \u2013 Svakt<\/p>\n<p>P\u00e5 sp\u00f8rsm\u00e5l om hvordan spillerne taklet dette, var svaret klart.<\/p>\n<p>\u2013 Det skal vi takle og vi forbereder oss som vanlig, selv om vi blir litt forsinket.<\/p>\n<p>\u2013 Sier dere ifra om dette her?<\/p>\n<p>\u2013 Det gj\u00f8r vi vel, men samtidig s\u00e5 er det ikke noe vi skal bruke for mye tid p\u00e5, men det er for d\u00e5rlig at vi ikke kan f\u00e5 komme til hallen n\u00e5r vi skal og at man ikke har kontroll p\u00e5 det. Det er svakt.<\/p>\n<p><b>Les ogs\u00e5: <\/b><a rel=\"Follow nofollow noopener\" href=\"https:\/\/www.nettavisen.no\/sport\/sjokktap-for-sverige\/s\/5-95-2757456\" target=\"_blank\">Sjokktap for Sverige<\/a><\/p>\n<p>   <img decoding=\"async\" width=\"6067\" height=\"4045\" fetchpriority=\"low\"  loading=\"lazy\"  src=\"https:\/\/www.europesays.com\/no\/wp-content\/uploads\/2025\/12\/NTB_HzaFs27dQDA.jpg\" alt=\"Larvik 20241027. &#10;Kommende landslagssjef Ole Gustav Gjekstad (f.v.), Tonje Larsen og Mats Olsson er til stede under landskampen i h\u00e5ndball mellom Tyskland og Danmark i Jotron Arena, f\u00f8r h\u00e5ndball-EM i \u00d8sterrike, Ungarn og Sveits i desember.&#10;Foto: Beate Oma Dahle \/ NTB\" class=\"brick-c-cFOWSL\" style=\"--brick-image-ratio: 6067 \/ 4045;\"\/><\/p>\n<p>      KREVER MER: Ole Gustav Gjekstad mener ting burde v\u00e6rt mer p\u00e5 stell.<br \/>\n      Foto: Beate Oma Dahle (NTB)\n    <\/p>\n<p>\u2013 Det f\u00f8yer seg kanskje litt inn i den irritasjonen n\u00e5r parketten er farlig for keeperne som skal st\u00e5r der?<\/p>\n<p>\u2013 Ja, det ogs\u00e5 m\u00e5 v\u00e6re i orden. Det er klart at den jobben m\u00e5 IHF ta og s\u00f8rge for at de tingene er p\u00e5 plass.<\/p>\n<p>Det var nemlig problemet med parketten f\u00f8r kampen, der flere funksjon\u00e6rer m\u00e5tte sette alle klutene til for \u00e5 vaske et \u00abseigt\u00bb gulv. Den norske leiren raste, og mente forholdene hadde v\u00e6rt farlig \u00e5 spille p\u00e5.<\/p>\n<p>    Vil du se neste video?<\/p>\n<p>    <a href=\"https:\/\/www.nettavisen.no\/fredrik-solvang\/jonas-gahr-store\/debatten\/fredrik-solvang-himler-av-jonas-gahr-store-men-i-alle\/v\/5-95-2751917\" class=\"recommend-poster\" data-adp-clicklabel=\"video-recommend\" data-adp-clickvalue=\"poster\" rel=\"nofollow noopener\" target=\"_blank\"><br \/>\n      <img decoding=\"async\" width=\"200\" height=\"200\" loading=\"lazy\" src=\"https:\/\/www.europesays.com\/no\/wp-content\/uploads\/2025\/11\/Solvang+bredde.jpg\" alt=\"\" class=\"brick-c-cFOWSL\" style=\"--brick-image-ratio: 200 \/ 200;\"\/><\/p>\n<p>Himler av St\u00f8re: \u2013 Men i alle\u20261:06<\/p>\n<p>    <\/a><\/p>\n<p>        Katrine Lunde spilte l\u00f8rdag mot det som mest sannsynlig er hennes aller st\u00f8rste fan.<br \/>\n        M\u00f8rk: \u2013 Bevarte roen<\/p>\n<p>Etter at Katrine Lunde var ferdig med sitt intervju med Nettavisen i pressesonen, \u00aboppfordret\u00bb hun en ventende Nora M\u00f8rk til \u00e5 uttale seg om \u00abbuss-gate\u00bb.<\/p>\n<p>Oslo-jenta lot seg ikke be to ganger.<\/p>\n<p>\u2013 Jeg f\u00f8lte jeg bevarte roen, men det er sikkert noen som blir stressa. Det er s\u00e5nn som skjer, men hadde det v\u00e6rt en avgj\u00f8rende kamp s\u00e5 hadde man kjent h\u00f8yere puls.<\/p>\n<p>\u2013 Sender dere bot tilbake til IHF n\u00e5? <\/p>\n<p>\u2013 Ja, kanskje det blir noen Vipps-krav frem og tilbake her n\u00e5, sier hun avslutningsvis og ler.<\/p>\n<p><b>Les ogs\u00e5: <\/b><a rel=\"Follow nofollow noopener\" href=\"https:\/\/www.nettavisen.no\/sport\/camilla-herrem-etter-lunde-avsloringen-forferdelig-synd\/s\/5-95-2754277\" target=\"_blank\">Herrem etter Lunde-avsl\u00f8ringen: \u2013 Forferdelig synd<\/a><\/p>\n<p>   <img decoding=\"async\" width=\"7286\" height=\"4098\" fetchpriority=\"low\"  loading=\"lazy\"  src=\"https:\/\/www.europesays.com\/no\/wp-content\/uploads\/2025\/12\/NTB_7gXrBZfUFXA_1.jpg\" alt=\"\" class=\"brick-c-cFOWSL\" style=\"--brick-image-ratio: 7286 \/ 4098;\"\/><\/p>\n<p>      SVARER: Nora M\u00f8rk forteller at hun taklet forsinkelsen godt.<br \/>\n      Foto: Beate Oma Dahle (NTB)\n    <\/p>\n<p>IHFs pressekontakt i Trier, Bj\u00f6rn Pazen, svarer p\u00e5 hva som faktisk skjedde med den forsinkede bussen.<\/p>\n<p>\u2013 Jeg sjekket opp dette, og har f\u00e5tt beskjed om at bussen var 14 minutter forsinket. Det skyldtes tr\u00f8bbel med trafikken, skriver han i en melding til Nettavisen.<\/p>\n<p>Onsdag starter hovedrunden for de norske jentene som n\u00e5 har forflyttet seg til Dortmund. Sverige venter i den f\u00f8rste kampen som starter 20:30. <\/p>\n","protected":false},"excerpt":{"rendered":"NORGE &#8211; ANGOLA 31-19 TRIER, TYSKLAND (Nettavisen): Norge har danset seg gjennom nok et gruppespill, og vender snuten&hellip;\n","protected":false},"author":2,"featured_media":102188,"comment_status":"","ping_status":"","sticky":false,"template":"","format":"standard","meta":{"footnotes":""},"categories":[59],"tags":[30,28,29,83,82],"class_list":{"0":"post-102187","1":"post","2":"type-post","3":"status-publish","4":"format-standard","5":"has-post-thumbnail","7":"category-sport","8":"tag-no","9":"tag-norge","10":"tag-norway","11":"tag-sport","12":"tag-sports"},"share_on_mastodon":{"url":"https:\/\/pubeurope.com\/@no\/115649835617643827","error":""},"_links":{"self":[{"href":"https:\/\/www.europesays.com\/no\/wp-json\/wp\/v2\/posts\/102187","targetHints":{"allow":["GET"]}}],"collection":[{"href":"https:\/\/www.europesays.com\/no\/wp-json\/wp\/v2\/posts"}],"about":[{"href":"https:\/\/www.europesays.com\/no\/wp-json\/wp\/v2\/types\/post"}],"author":[{"embeddable":true,"href":"https:\/\/www.europesays.com\/no\/wp-json\/wp\/v2\/users\/2"}],"replies":[{"embeddable":true,"href":"https:\/\/www.europesays.com\/no\/wp-json\/wp\/v2\/comments?post=102187"}],"version-history":[{"count":0,"href":"https:\/\/www.europesays.com\/no\/wp-json\/wp\/v2\/posts\/102187\/revisions"}],"wp:featuredmedia":[{"embeddable":true,"href":"https:\/\/www.europesays.com\/no\/wp-json\/wp\/v2\/media\/102188"}],"wp:attachment":[{"href":"https:\/\/www.europesays.com\/no\/wp-json\/wp\/v2\/media?parent=102187"}],"wp:term":[{"taxonomy":"category","embeddable":true,"href":"https:\/\/www.europesays.com\/no\/wp-json\/wp\/v2\/categories?post=102187"},{"taxonomy":"post_tag","embeddable":true,"href":"https:\/\/www.europesays.com\/no\/wp-json\/wp\/v2\/tags?post=102187"}],"curies":[{"name":"wp","href":"https:\/\/api.w.org\/{rel}","templated":true}]}}