{"id":102193,"date":"2025-12-02T12:03:07","date_gmt":"2025-12-02T12:03:07","guid":{"rendered":"https:\/\/www.europesays.com\/no\/102193\/"},"modified":"2025-12-02T12:03:07","modified_gmt":"2025-12-02T12:03:07","slug":"slankesproyter-gravide-dansk-studie-avdekker-slankemiddelbruk-blant-nybakte-modre-drastisk-okning","status":"publish","type":"post","link":"https:\/\/www.europesays.com\/no\/102193\/","title":{"rendered":"Slankespr\u00f8yter, Gravide | Dansk studie avdekker slankemiddelbruk blant nybakte m\u00f8dre: \u2013 Drastisk \u00f8kning"},"content":{"rendered":"\n<p>\u2013 Vi kan se en drastisk \u00f8kning i bruken av vekttapmedisiner blant nybakte m\u00f8dre etter at Wegovy kom p\u00e5 markedet, sier Mette Bliddal som har v\u00e6rt med \u00e5 utarbeide studien.<\/p>\n<p>Bliddal er f\u00f8rsteamanuensis i forskningsenheten for gynekologi og obstetrikk ved klinisk avdeling hos Syddansk Universitetet i Danmark.<\/p>\n<p>Studien er <a href=\"https:\/\/jamanetwork.com\/journals\/jama\/fullarticle\/2841784\" rel=\"Follow nofollow noopener\" target=\"_blank\">publisert i det medisinske tidsskriftet JAMA<\/a>, der forskere har analysert bruken av  i perioden etter f\u00f8dsel, gjerne omtalt som vektreduserende legemidler.<\/p>\n<p>Ved \u00e5 hente ut tall fra danske registre, har forskerne funnet alle kvinner som har l\u00f8st inn resept p\u00e5 vektreduksjonsmedisin innen de f\u00f8rste seks m\u00e5nedene etter f\u00f8dsel.<\/p>\n<p><b>Les ogs\u00e5: <a class=\"simple-relation related-teaser article--c-eRUmMG article--c-eRUmMG-fZoQSp-design-nettavisen article--c-eRUmMG-gwthdJ-cv\" href=\"https:\/\/www.nettavisen.no\/fredrik-advarer-mot-slankesproyter-det-har-odelagt-livet-mitt\/s\/5-95-2743588\" rel=\"nofollow noopener\" target=\"_blank\">Fredrik advarer mot slankespr\u00f8yter: \u2013 Det har \u00f8delagt livet mitt<\/a><\/b><\/p>\n<p>\u2013 En betydelig endring<\/p>\n<p>Det har tidligere aldri blitt gjennomf\u00f8rt et studie p\u00e5 dette, s\u00e5 man har visst lite om hvor utbredt bruk av vekttapsmedisin har v\u00e6rt blant nybakte m\u00f8dre.<\/p>\n<p>I studien har man sett p\u00e5 tall fra 2018 til 2024. Fra 2023 og utover skyter tallene til v\u00e6rs. Det popul\u00e6re slankemedisinen Wegovy gjorde fra 2023 for alvor sin inntreden, ogs\u00e5 i Norge.<\/p>\n<p><b>Les ogs\u00e5: <a class=\"simple-relation related-teaser article--c-eRUmMG article--c-eRUmMG-fZoQSp-design-nettavisen article--c-eRUmMG-gwthdJ-cv\" href=\"https:\/\/www.nettavisen.no\/norsk-slanke-studie-ryster-eksperten-de-sulter-barna\/s\/5-95-2709048\" rel=\"nofollow noopener\" target=\"_blank\">Norsk slanke-studie ryster eksperten: \u2013 De sulter barna<\/a><\/b><\/p>\n<p>1,3 prosent av de danske kvinnene som deltok i studien fikk resept p\u00e5 slankemedisiner. I alt fikk 2,4 prosent av den voksne danske befolkning resept p\u00e5 slankemedisiner i 2023.<\/p>\n<p>\u2013 Vi vet at mange kvinner \u00f8nsker \u00e5 g\u00e5 ned i vekt etter f\u00f8dsel. At de i s\u00e5 stor grad gj\u00f8r det med slankemedisiner er en betydelig endring p\u00e5 veldig kort tid \u2013 og det har skjedd uten at vi egentlig vet hva det betyr, sier Bliddal.<\/p>\n<p>If\u00f8lge den danske avisen <a href=\"https:\/\/www.bt.dk\/sundhed\/650-nybagte-moedre-tager-wegovy\" rel=\"Follow nofollow noopener\" target=\"_blank\">BT<\/a>, viser studien at 650 nybakte m\u00f8dre bruker Wegovy hvert \u00e5r i Danmark.<\/p>\n<p>Det er ikke kjent hvor utbredt bruken av slankemedisin er blant kvinner etter f\u00f8dsel i Norge.<\/p>\n<p>Vet lite om hvordan det p\u00e5virker kroppen<\/p>\n<p>Syddansk Universitet skriver i en <a href=\"https:\/\/via.ritzau.dk\/pressemeddelelse\/14690604\/flere-nybagte-modre-bruger-vaegttabsmedicin-efter-fodslen?publisherId=12056383&amp;lang=da\" rel=\"Follow nofollow noopener\" target=\"_blank\">pressemelding<\/a> at man enn\u00e5 ikke vet hvordan vekttapsmedisiner p\u00e5virker kroppen til kvinner som akkurat har f\u00f8dt, da dette ikke er tilstrekkelig belyst.<\/p>\n<p>\u00abTiden etter f\u00f8dsel er preget av store hormonelle svingninger og naturlig vekttap ettersom kroppen jobber med \u00e5 gjenvinne balansen. Det er ogs\u00e5 en periode hvor mange kvinner ammer. En fysiologisk prosess som i seg selv krever finregulering av hormoner og metabolisme.\u00bb<\/p>\n<p>\u2013 Vi vet imidlertid ikke om medisinen p\u00e5virker melkeproduksjonen, eller hvordan den kan endre melkens n\u00e6ringsinnhold, som for eksempel fett. Selv sm\u00e5 endringer i melkens sammensetning kan ha innvirkning p\u00e5 spedbarnets utvikling i en periode hvor det er spesielt s\u00e5rbart, sier Bliddal.<\/p>\n<p><b>Les ogs\u00e5: <a class=\"simple-relation related-teaser article--c-eRUmMG article--c-eRUmMG-fZoQSp-design-nettavisen article--c-eRUmMG-gwthdJ-cv\" href=\"https:\/\/www.nettavisen.no\/slankesproyter-til-barn-kan-vare-et-farlig-eksperiment\/o\/5-95-2601543\" rel=\"nofollow noopener\" target=\"_blank\">Slankespr\u00f8yter til barn kan v\u00e6re et farlig eksperiment<\/a><\/b><\/p>\n<p>Vurderes p\u00e5 bl\u00e5 resept i Norge<\/p>\n<p>I november kom Direktoratet for medisinske produkter (DMP) med sin vurdering av slankemedisin p\u00e5 bl\u00e5 resept i Norge til folk med syklig fedme. Den er oversendt til Helse- og omsorgsdepartementet, som skal behandle saken.<\/p>\n<p>\u2013 Vi er forn\u00f8yde med \u00e5 ha kommet i m\u00e5l med metodevurderingen og f\u00e5tt en pris som er kostnadseffektiv. P\u00e5 denne bakgrunn er det n\u00e5 mulig for politikerne \u00e5 ta stilling til om fellesskapet skal dekke utgiftene til Wegovy for pasienter med sykelig fedme, sa enhetsleder Rita Hvalbye i DMP.<\/p>\n","protected":false},"excerpt":{"rendered":"\u2013 Vi kan se en drastisk \u00f8kning i bruken av vekttapmedisiner blant nybakte m\u00f8dre etter at Wegovy kom&hellip;\n","protected":false},"author":2,"featured_media":102196,"comment_status":"","ping_status":"","sticky":false,"template":"","format":"standard","meta":{"footnotes":""},"categories":[10],"tags":[20,21,24,25,15,22,23,13,30,28,29,14,16,26,27],"class_list":{"0":"post-102193","1":"post","2":"type-post","3":"status-publish","4":"format-standard","5":"has-post-thumbnail","7":"category-norge","8":"tag-breaking-news","9":"tag-breakingnews","10":"tag-featured-news","11":"tag-featurednews","12":"tag-headlines","13":"tag-latest-news","14":"tag-latestnews","15":"tag-news","16":"tag-no","17":"tag-norge","18":"tag-norway","19":"tag-nyheter","20":"tag-overskrifter","21":"tag-top-stories","22":"tag-topstories"},"share_on_mastodon":{"url":"https:\/\/pubeurope.com\/@no\/115649878616888371","error":""},"_links":{"self":[{"href":"https:\/\/www.europesays.com\/no\/wp-json\/wp\/v2\/posts\/102193","targetHints":{"allow":["GET"]}}],"collection":[{"href":"https:\/\/www.europesays.com\/no\/wp-json\/wp\/v2\/posts"}],"about":[{"href":"https:\/\/www.europesays.com\/no\/wp-json\/wp\/v2\/types\/post"}],"author":[{"embeddable":true,"href":"https:\/\/www.europesays.com\/no\/wp-json\/wp\/v2\/users\/2"}],"replies":[{"embeddable":true,"href":"https:\/\/www.europesays.com\/no\/wp-json\/wp\/v2\/comments?post=102193"}],"version-history":[{"count":0,"href":"https:\/\/www.europesays.com\/no\/wp-json\/wp\/v2\/posts\/102193\/revisions"}],"wp:featuredmedia":[{"embeddable":true,"href":"https:\/\/www.europesays.com\/no\/wp-json\/wp\/v2\/media\/102196"}],"wp:attachment":[{"href":"https:\/\/www.europesays.com\/no\/wp-json\/wp\/v2\/media?parent=102193"}],"wp:term":[{"taxonomy":"category","embeddable":true,"href":"https:\/\/www.europesays.com\/no\/wp-json\/wp\/v2\/categories?post=102193"},{"taxonomy":"post_tag","embeddable":true,"href":"https:\/\/www.europesays.com\/no\/wp-json\/wp\/v2\/tags?post=102193"}],"curies":[{"name":"wp","href":"https:\/\/api.w.org\/{rel}","templated":true}]}}