{"id":102194,"date":"2025-12-02T12:03:08","date_gmt":"2025-12-02T12:03:08","guid":{"rendered":"https:\/\/www.europesays.com\/no\/102194\/"},"modified":"2025-12-02T12:03:08","modified_gmt":"2025-12-02T12:03:08","slug":"aksjestrateg-tar-inn-investor-favoritt-vil-heller-risikere-a-vaere-litt-for-tidlig-ute-dagens-naeringsliv","status":"publish","type":"post","link":"https:\/\/www.europesays.com\/no\/102194\/","title":{"rendered":"Aksjestrateg tar inn investor-favoritt: \u2013 Vil heller risikere \u00e5 v\u00e6re litt for tidlig ute &#8211; Dagens N\u00e6ringsliv"},"content":{"rendered":"<ol>\n<li><a href=\"https:\/\/news.google.com\/rss\/articles\/CBMi6wFBVV95cUxQcndqWUlRdHZTcGdJcERrUlc2UjBpZHFlRVRsblNJVzA0elhnZmpRZk1KZ3AzMmdjTU93VGdhUkFVemctSmpleXQ1RzZTMTNVblFqQXNxRzM2MDJxYlMyRzhWTE1sRy1GWXlJLVpzVWxYZjRfRU02dzFCN2lONk9OQkxlbmppQnVLc09tLThMRUhDUXhwUURLSlVfOTdjeTRYN2JVZGtYclpuMDA1WjREU2R6emRZdS1ZRUx5WUpydVhzMmx5dVRqbXdEOHZ4LWM0Tld3WVZ5dktzUWxsT0JMMG83dlVVVmQxTXk4?oc=5\" target=\"_blank\" rel=\"nofollow noopener\">Aksjestrateg tar inn investor-favoritt: \u2013 Vil heller risikere \u00e5 v\u00e6re litt for tidlig ute<\/a>&nbsp;&nbsp;Dagens N\u00e6ringsliv<\/li>\n<li><a href=\"https:\/\/news.google.com\/rss\/articles\/CBMimwFBVV95cUxOS2M3NEd0em4xcHBwcEhoaGRhcmxIN25jR0liTlJjaXdldEJKbjIzTHlxLTB0dlZ2LU5YMjI2RWVUN0FtcVcyZVdxVjg1bzEwdXo3VUU3cDZXWDFvaktBWWhBdXc4bDZrSU03WUNlc29fY1NBQVhwX2Z4Vk8tTHlCSEYyQjRuclZIaWJTenRGZzNDNlItWXczWThSYw?oc=5\" target=\"_blank\" rel=\"nofollow noopener\">Arne Blystad: Storkj\u00f8per i bjellesau-aksje<\/a>&nbsp;&nbsp;Finansavisen<\/li>\n<li><a href=\"https:\/\/news.google.com\/rss\/articles\/CBMibkFVX3lxTFBpWGR2bHczRWM4c3hDU2VUeTdRbTVTMUxJWGdYd2RRUGFLMFQxNVBYN0FsWk8tWThzc2d6RGYwOVVJNFRaVkJSZndHTFRvZHpCZWNLSC1wQVlnbUVaTmxnWXYxUTBMN3FZWS1CZFpn?oc=5\" target=\"_blank\" rel=\"nofollow noopener\">Investerer tungt i Protector<\/a>&nbsp;&nbsp;finanswatch.no<\/li>\n<li><a href=\"https:\/\/news.google.com\/rss\/articles\/CBMirAFBVV95cUxOVy1TOXFhVEI5RHNWNUNrVUhTTWFJRmxXVk4ybEJyV3JQRm1ha0tNUU1QV0dPS1lVdzhJcTN0Smh4R2lIQmVPbWRHMGdnLTlEanUzbnkxRlFzMEFha0ZXOEZpTW5welM5Q3VjdTRFVDBmNEdzWmlwTlB1dTZ3VEVSM3lCSGlMVHJrZk5aZ1NPVnRpWG1xMlluVDFSTEVaQVpOdTVESEJXV1N0WXRf?oc=5\" target=\"_blank\" rel=\"nofollow noopener\">Storkj\u00f8p i Protector: Handlet for 75 mill. p\u00e5 tre dager<\/a>&nbsp;&nbsp;Finansavisen<\/li>\n<li><a href=\"https:\/\/news.google.com\/rss\/articles\/CBMimgFBVV95cUxOb3Qyc1R0WFl4N1MwTW1PT3BsNkplbFAyblNPU2RFUzR0dFE2eU96YWpRVEdRUGlDMzZjTllQOVBzV0tCWlpqcmtvNkVNUjVFY1BOQXRWV1pTSXRkTFNWcUJrU0Z4YXMyblZHVjRadUFtY2MtbzRURTNQSUx6cmFtLWRVdm1wUkFpSk9abC1KMDNUc0EzMVBuOEZB?oc=5\" target=\"_blank\" rel=\"nofollow noopener\">Ny storfisk inn p\u00e5 eiersiden i Protector<\/a>&nbsp;&nbsp;Finansavisen<\/li>\n<\/ol>\n","protected":false},"excerpt":{"rendered":"Aksjestrateg tar inn investor-favoritt: \u2013 Vil heller risikere \u00e5 v\u00e6re litt for tidlig ute&nbsp;&nbsp;Dagens N\u00e6ringsliv Arne Blystad: Storkj\u00f8per&hellip;\n","protected":false},"author":2,"featured_media":102195,"comment_status":"","ping_status":"","sticky":false,"template":"","format":"standard","meta":{"footnotes":""},"categories":[56],"tags":[60,61,62,30,28,29],"class_list":{"0":"post-102194","1":"post","2":"type-post","3":"status-publish","4":"format-standard","5":"has-post-thumbnail","7":"category-naeringsliv","8":"tag-business","9":"tag-economy","10":"tag-naeringsliv","11":"tag-no","12":"tag-norge","13":"tag-norway"},"share_on_mastodon":{"url":"","error":""},"_links":{"self":[{"href":"https:\/\/www.europesays.com\/no\/wp-json\/wp\/v2\/posts\/102194","targetHints":{"allow":["GET"]}}],"collection":[{"href":"https:\/\/www.europesays.com\/no\/wp-json\/wp\/v2\/posts"}],"about":[{"href":"https:\/\/www.europesays.com\/no\/wp-json\/wp\/v2\/types\/post"}],"author":[{"embeddable":true,"href":"https:\/\/www.europesays.com\/no\/wp-json\/wp\/v2\/users\/2"}],"replies":[{"embeddable":true,"href":"https:\/\/www.europesays.com\/no\/wp-json\/wp\/v2\/comments?post=102194"}],"version-history":[{"count":0,"href":"https:\/\/www.europesays.com\/no\/wp-json\/wp\/v2\/posts\/102194\/revisions"}],"wp:featuredmedia":[{"embeddable":true,"href":"https:\/\/www.europesays.com\/no\/wp-json\/wp\/v2\/media\/102195"}],"wp:attachment":[{"href":"https:\/\/www.europesays.com\/no\/wp-json\/wp\/v2\/media?parent=102194"}],"wp:term":[{"taxonomy":"category","embeddable":true,"href":"https:\/\/www.europesays.com\/no\/wp-json\/wp\/v2\/categories?post=102194"},{"taxonomy":"post_tag","embeddable":true,"href":"https:\/\/www.europesays.com\/no\/wp-json\/wp\/v2\/tags?post=102194"}],"curies":[{"name":"wp","href":"https:\/\/api.w.org\/{rel}","templated":true}]}}