{"id":102197,"date":"2025-12-02T12:06:09","date_gmt":"2025-12-02T12:06:09","guid":{"rendered":"https:\/\/www.europesays.com\/no\/102197\/"},"modified":"2025-12-02T12:06:09","modified_gmt":"2025-12-02T12:06:09","slug":"magnus-abelvik-rod-handball-skadesmell-for-norge-handballstjerne-uaktuell-for-em-spill","status":"publish","type":"post","link":"https:\/\/www.europesays.com\/no\/102197\/","title":{"rendered":"Magnus Abelvik R\u00f8d, H\u00e5ndball | Skadesmell for Norge \u2013 h\u00e5ndballstjerne uaktuell for EM-spill"},"content":{"rendered":"\n<p>Det f\u00e5r TV 2 bekreftet av Norges H\u00e5ndballforbund.<\/p>\n<p>\u2013 Jeg har v\u00e6rt gjennom en operasjon i foten og er derfor forhindret fra spill en periode fremover. Dette inkluderer EM i januar, sier Abelvik R\u00f8d til kanalen via Norges H\u00e5ndballforbund. <\/p>\n<p>\u2013 N\u00e5 har jeg fokus p\u00e5 \u00e5 bli skadefri og komme tilbake igjen p\u00e5 banen n\u00e5r jeg er klar, legger han til.<\/p>\n<p>Skadeplagede Abelvik R\u00f8d spiller til daglig for ungarske Pick Szeged.<\/p>\n<p>Han har v\u00e6rt sv\u00e6rt uheldig og tidligere ogs\u00e5 mistet flere mesterskap for Norge.<\/p>\n<p>EM i h\u00e5ndball i januar arrangeres av Norge, Sverige og Danmark. Norge skal spille sine innledende kamper p\u00e5 hjemmebane og m\u00f8ter Ukraina, Tsjekkia og Frankrike.<\/p>\n<p>Alle kampene i puljespillet spilles p\u00e5 Fornebu utenfor Oslo.<\/p>\n<p>(\u00a9NTB)<\/p>\n","protected":false},"excerpt":{"rendered":"Det f\u00e5r TV 2 bekreftet av Norges H\u00e5ndballforbund. \u2013 Jeg har v\u00e6rt gjennom en operasjon i foten og&hellip;\n","protected":false},"author":2,"featured_media":102198,"comment_status":"","ping_status":"","sticky":false,"template":"","format":"standard","meta":{"footnotes":""},"categories":[59],"tags":[30,28,29,83,82],"class_list":{"0":"post-102197","1":"post","2":"type-post","3":"status-publish","4":"format-standard","5":"has-post-thumbnail","7":"category-sport","8":"tag-no","9":"tag-norge","10":"tag-norway","11":"tag-sport","12":"tag-sports"},"share_on_mastodon":{"url":"https:\/\/pubeurope.com\/@no\/115649890615649768","error":""},"_links":{"self":[{"href":"https:\/\/www.europesays.com\/no\/wp-json\/wp\/v2\/posts\/102197","targetHints":{"allow":["GET"]}}],"collection":[{"href":"https:\/\/www.europesays.com\/no\/wp-json\/wp\/v2\/posts"}],"about":[{"href":"https:\/\/www.europesays.com\/no\/wp-json\/wp\/v2\/types\/post"}],"author":[{"embeddable":true,"href":"https:\/\/www.europesays.com\/no\/wp-json\/wp\/v2\/users\/2"}],"replies":[{"embeddable":true,"href":"https:\/\/www.europesays.com\/no\/wp-json\/wp\/v2\/comments?post=102197"}],"version-history":[{"count":0,"href":"https:\/\/www.europesays.com\/no\/wp-json\/wp\/v2\/posts\/102197\/revisions"}],"wp:featuredmedia":[{"embeddable":true,"href":"https:\/\/www.europesays.com\/no\/wp-json\/wp\/v2\/media\/102198"}],"wp:attachment":[{"href":"https:\/\/www.europesays.com\/no\/wp-json\/wp\/v2\/media?parent=102197"}],"wp:term":[{"taxonomy":"category","embeddable":true,"href":"https:\/\/www.europesays.com\/no\/wp-json\/wp\/v2\/categories?post=102197"},{"taxonomy":"post_tag","embeddable":true,"href":"https:\/\/www.europesays.com\/no\/wp-json\/wp\/v2\/tags?post=102197"}],"curies":[{"name":"wp","href":"https:\/\/api.w.org\/{rel}","templated":true}]}}