{"id":102215,"date":"2025-12-02T12:25:08","date_gmt":"2025-12-02T12:25:08","guid":{"rendered":"https:\/\/www.europesays.com\/no\/102215\/"},"modified":"2025-12-02T12:25:08","modified_gmt":"2025-12-02T12:25:08","slug":"pagaende-ekstern-og-uavhengig-vurdering-nrk-sorlandet-lokale-nyheter-tv-og-radio","status":"publish","type":"post","link":"https:\/\/www.europesays.com\/no\/102215\/","title":{"rendered":"P\u00e5g\u00e5ende ekstern og uavhengig vurdering \u2013 NRK S\u00f8rlandet \u2013 Lokale nyheter, TV og radio"},"content":{"rendered":"<p><strong>\u2013 Olsbu har ikke opptr\u00e5dt profesjonelt, og det er ikke slik vi skal ha det i Agder fylkeskommune. Det har jeg v\u00e6rt helt tydelig p\u00e5, b\u00e5de til Olsbu personlig og til NRK.<\/strong><\/p>\n<p>Det sier fylkesdirekt\u00f8r i Agder, Tine Sundtoft.<\/p>\n<p>Samferdselsdirekt\u00f8r Ola Olsbu i Agder fylkeskommune har v\u00e6rt en sterk p\u00e5driver for industriveien til batterifabrikken Morrow i Arendal kommune.<\/p>\n<p>NRK avsl\u00f8rte denne uken at <a href=\"https:\/\/www.nrk.no\/sorlandet\/xl\/inhabil-veisjef-ble-mangemillionaer-1.17671363\" ec-id=\"pp:article:1.17671363\" ec-name=\"veien gjorde hans egen tomt til en gullgruve\" rel=\"nofollow noopener\" target=\"_blank\">veien gjorde hans egen tomt til en gullgruve<\/a>.<\/p>\n<p>I 2021 solgte nemlig Olsbu 150 m\u00e5l av sin private skogstomt like i n\u00e6rheten av industriveien til et privat selskap for 11,8 millioner kroner.<\/p>\n<p>Dette skjedde helt uten at hans egen sjef visste om det.<\/p>\n<p>Etter NRKs sak orienterte fylkeskommunedirekt\u00f8r i Agder Tine Sundtoft fylkesutvalget om situasjonen.<\/p>\n<p>N\u00e5 skal advokatfirmaet Tofte Hald gjennomf\u00f8re en ekstern og uavhengig vurdering.<\/p>\n<p>Handler om tillit<\/p>\n<p>Sundtoft sier hun forsto omfanget og sakens alvorlighet etter NRK intervjuet henne 5. november.<\/p>\n<p>\u2013 Mandag 10. november bestilte jeg derfor en ekstern vurdering av saken. Etter publiseringen av saken i NRK 1. desember sitter vi n\u00e5 med et mer komplett saksbilde. Jeg skal i m\u00f8te med advokatfirmaet Tofte Hald senere i dag.<\/p>\n<p>Hun sier at deres oppdrag er en vurdering av arbeidsgivers reaksjon p\u00e5 fylkesdirekt\u00f8rens h\u00e5ndtering av sin inhabilitet.<\/p>\n<p><img decoding=\"async\"   src=\"data:image\/gif;base64,R0lGODlhAQABAIAAAAAAAP\/\/\/yH5BAEAAAAALAAAAAABAAEAAAIBRAA7\" loading=\"eager\" alt=\"Tine Sundtoft, fylkeskommunedirekt\u00f8r i Agder. \" title=\"Foto: Leif Hallgeir Dalen \/ NRK\"\/><\/p>\n<p class=\"\">Fylkesdirekt\u00f8r Tine Sundtoft reagerer p\u00e5 samferdselsdirekt\u00f8rens opptreden.<\/p>\n<p>Foto: Leif Hallgeir Dalen \/ NRK<\/p>\n<p>Sundtoft har tidligere forklart at hun ikke visste om det private tomtesalget f\u00f8r NRK ba om innsyn i dokumentene.<\/p>\n<p>Hun mener Olsbu burde ha informert henne med en gang han inngikk dialog om salget.<\/p>\n<p>\u2013 Dette handler om tillit til fylkeskommunen, politikk og administrasjon. Det er en grunn til at vi har en lov om habilitiet. N\u00e5r man er inhabil, s\u00e5 er man inhabil i alt det arbeidet som skal gj\u00f8res.<\/p>\n<p>Hun understreker at arbeidet med en industrivei ved Morrow er et politisk initiativ fra lang tid tilbake.<\/p>\n<p>\u2013 Hva skjer med Ola Olsbu n\u00e5?<\/p>\n<p>\u2013 Jeg har bedt han ta noen dager fri. Det er riktig for Ola og det er riktig for fylkeskommunen.<\/p>\n<p>N\u00e5r konklusjonen kommer om Olsbu er ikke klart, men Sundtoft sier det skal v\u00e6re et m\u00f8te i ettermiddag.<\/p>\n<p>Dette er saken<\/p>\n<p>Morrow holder til s\u00f8r for E18 og i arbeidet blir det klart at en ny industrivei m\u00e5 etableres.<\/p>\n<p>Ola Olsbu tar en lederrolle i fylkeskommunen for den nye industriveien.<\/p>\n<p>Men samferdselsdirekt\u00f8ren eier privat en skogstomt p\u00e5 andre siden av E18, like i n\u00e6rheten av Morrow.<\/p>\n<p>Eiendommen hans ble aktuell siden batterifabrikken trengte mer plass. Planen var \u00e5 flytte det eksisterende s\u00f8ppelanlegget. Arendal kommune \u00f8nsket \u00e5 flytte anlegget til Olsbus eiendom.<\/p>\n<p>Samtidig som Olsbu jobbet for Industriveien, visste han at han kunne tjene millioner p\u00e5 eiendommen.<\/p>\n<p>Han avviste tilbudet fra kommunen, og solgte istedenfor eiendommen til Otra Holding for 11,8 millioner. Kun 150 m\u00e5l av 400 er solgt.<\/p>\n<p>Olsbu har f\u00e5tt omkring 80 kroner kvadratmeteren for r\u00e5tomta. Hvis man legger til grunn tilsvarende pris for den resterende delen av tomta, betyr det at tomteverdien totalt kan v\u00e6re verdt rundt 30 millioner.<\/p>\n<p><strong>Erkl\u00e6rt inhabil<\/strong><\/p>\n<p>Olsbu ba om en habilitetsvurdering 22. september 2021. Han ans\u00e5 seg selv som inhabil i saken, men jobbet for industriveien mens habilitetsvurderingen var til behandling.<\/p>\n<p>F\u00f8rst etter to m\u00e5neder ble han erkl\u00e6rt inhabil.<\/p>\n<p>Olsbu har sagt til NRK at han har opptr\u00e5dt feil og har beklaget det som skjedde. Han har ogs\u00e5 beklaget at han har brukt fylkeskommunens e-postadresse i kommunikasjon om egen eiendom.<\/p>\n<p>H\u00f8ring p\u00e5 Stortinget<\/p>\n<p>Seks uker etter Olsbu erkl\u00e6rte seg inhabil i 2021, ble han med fylkesordf\u00f8rer Arne Thommassen til Stortinget for \u00e5 snakke om veien.<\/p>\n<p>\u2013 Hvordan forklarer du da at han fortsatte \u00e5 v\u00e6re med i b\u00e5de m\u00f8ter og prosesser rundt denne veien?<\/p>\n<p>\u2013 Det var denne h\u00f8ringa p\u00e5 Stortinget, hvor vi var inne til Norsk transportplan og hadde en lang rekke med saker vi tok inn. Sett n\u00e5 i ettertid, n\u00e5r jeg s\u00e5 omfanget som NRK viste her i g\u00e5r, s\u00e5 skulle han heller ikke ha v\u00e6rt med p\u00e5 h\u00f8ringa.<\/p>\n<p>Sjokk og litt vantro<\/p>\n<p>Steinar Bergst\u00f8l Andersen (Frp) leder hovedutvalg for samferdsel og mobilitet i Agder fylkeskommune.<\/p>\n<p>Han har hatt vervet siden oktober 2023, alts\u00e5 startet han i rollen etter saken om Olsbu fant sted.<\/p>\n<p><img decoding=\"async\"   src=\"data:image\/gif;base64,R0lGODlhAQABAIAAAAAAAP\/\/\/yH5BAEAAAAALAAAAAABAAEAAAIBRAA7\" loading=\"eager\" alt=\"Steinar Bergst\u00f8l Andersen\" title=\"Foto: Svein Sundsdal\"\/><\/p>\n<p class=\"\">Steinar Bergst\u00f8l Andersen har ledet hovedutvalget for samferdsel og mobilitet i Agder fylkeskommune, et verv han har hatt siden oktober 2023.<\/p>\n<p>Foto: Svein Sundsdal<\/p>\n<p>I likhet med fylkeskommunedirekt\u00f8ren ser han alvorlig p\u00e5 saken.<\/p>\n<p>\u2013 Jeg reagerte med sjokk og litt vantro da jeg s\u00e5 denne saken. Og jeg ser jo at det er en grundig sak.<\/p>\n<p>Andersen sier han aldri opplevd noen form for p\u00e5virkning eller us\u00f8mmelig oppf\u00f8rsel fra Olsbu, snarere tvert i mot.<\/p>\n<p>\u2013 Han har v\u00e6rt veldig tydelig n\u00e5r han har v\u00e6rt inhabil i denne saken.<\/p>\n<p>At det n\u00e5 blir en ekstern vurdering, er Andersen glad for.<\/p>\n<p>\u2013 Da f\u00e5r man alle kortene p\u00e5 bordet, og s\u00e5 f\u00e5r vi ta en stilling etter det, n\u00e5r den foreligger.<\/p>\n<p>Han h\u00e5per vurderingen kan bidra til at tilliten styrkes igjen og innarbeide nye rutiner som ikke har v\u00e6rt gode nok fra f\u00f8r.<\/p>\n<p>Publisert<\/p>\n<p>02.12.2025, kl. 11.51<\/p>\n<p>Oppdatert<\/p>\n<p>02.12.2025, kl. 13.25<\/p>\n","protected":false},"excerpt":{"rendered":"\u2013 Olsbu har ikke opptr\u00e5dt profesjonelt, og det er ikke slik vi skal ha det i Agder fylkeskommune.&hellip;\n","protected":false},"author":2,"featured_media":102216,"comment_status":"","ping_status":"","sticky":false,"template":"","format":"standard","meta":{"footnotes":""},"categories":[10],"tags":[20,21,24,25,15,22,23,13,30,28,29,14,16,26,27],"class_list":{"0":"post-102215","1":"post","2":"type-post","3":"status-publish","4":"format-standard","5":"has-post-thumbnail","7":"category-norge","8":"tag-breaking-news","9":"tag-breakingnews","10":"tag-featured-news","11":"tag-featurednews","12":"tag-headlines","13":"tag-latest-news","14":"tag-latestnews","15":"tag-news","16":"tag-no","17":"tag-norge","18":"tag-norway","19":"tag-nyheter","20":"tag-overskrifter","21":"tag-top-stories","22":"tag-topstories"},"share_on_mastodon":{"url":"","error":""},"_links":{"self":[{"href":"https:\/\/www.europesays.com\/no\/wp-json\/wp\/v2\/posts\/102215","targetHints":{"allow":["GET"]}}],"collection":[{"href":"https:\/\/www.europesays.com\/no\/wp-json\/wp\/v2\/posts"}],"about":[{"href":"https:\/\/www.europesays.com\/no\/wp-json\/wp\/v2\/types\/post"}],"author":[{"embeddable":true,"href":"https:\/\/www.europesays.com\/no\/wp-json\/wp\/v2\/users\/2"}],"replies":[{"embeddable":true,"href":"https:\/\/www.europesays.com\/no\/wp-json\/wp\/v2\/comments?post=102215"}],"version-history":[{"count":0,"href":"https:\/\/www.europesays.com\/no\/wp-json\/wp\/v2\/posts\/102215\/revisions"}],"wp:featuredmedia":[{"embeddable":true,"href":"https:\/\/www.europesays.com\/no\/wp-json\/wp\/v2\/media\/102216"}],"wp:attachment":[{"href":"https:\/\/www.europesays.com\/no\/wp-json\/wp\/v2\/media?parent=102215"}],"wp:term":[{"taxonomy":"category","embeddable":true,"href":"https:\/\/www.europesays.com\/no\/wp-json\/wp\/v2\/categories?post=102215"},{"taxonomy":"post_tag","embeddable":true,"href":"https:\/\/www.europesays.com\/no\/wp-json\/wp\/v2\/tags?post=102215"}],"curies":[{"name":"wp","href":"https:\/\/api.w.org\/{rel}","templated":true}]}}