{"id":102217,"date":"2025-12-02T12:27:11","date_gmt":"2025-12-02T12:27:11","guid":{"rendered":"https:\/\/www.europesays.com\/no\/102217\/"},"modified":"2025-12-02T12:27:11","modified_gmt":"2025-12-02T12:27:11","slug":"eirik-horneland-sport-horneland-kobles-til-ny-klubb","status":"publish","type":"post","link":"https:\/\/www.europesays.com\/no\/102217\/","title":{"rendered":"Eirik Horneland, Sport | Horneland kobles til ny klubb"},"content":{"rendered":"\n<p><a href=\"https:\/\/www.ba.no\/horneland-kobles-til-ny-klubb\/s\/5-8-3241144\" rel=\"Follow nofollow noopener\" target=\"_blank\"><b>BA.NO: <\/b><\/a>Etter en suksessrik periode som Brann-trener gikk Horneland til den franske toppklubben Saint-\u00c9tienne i desember i fjor. <\/p>\n<p>Den tradisjonsrike klubben slet i bunnen av Ligue 1-tabellen da Horneland overtok treneransvaret, og han klarte ikke \u00e5 unng\u00e5 at det til slutt ble nedrykk for Saint-\u00c9tienne. <\/p>\n<p>I Ligue 2 har Horneland f\u00e5tt mer sving p\u00e5 maskineriet, og Saint-\u00c9tienne ligger i \u00f8yeblikket p\u00e5 2. plass p\u00e5 tabellen, som vil gi direkte opprykk til Ligue 1.<\/p>\n<p>Kobles til Sverige<\/p>\n<p>Samtidig som Horneland har begynt \u00e5 lykkes bedre i Frankrike, blir han koblet til en annen trenerjobb.<\/p>\n<p>Den svenske avisen <a href=\"https:\/\/www.aftonbladet.se\/sportbladet\/fotboll\/a\/QJR484\/hammarbys-tranarjakt-inifran\" rel=\"Follow nofollow noopener\" target=\"_blank\">Aftonbladet <\/a>melder nemlig at Hammarby f\u00f8lger n\u00f8ye med p\u00e5 nordmannens situasjon i Saint-\u00c9tienne. <\/p>\n<p>Hammarby st\u00e5r for tiden uten hovedtrener etter at Kim Hellberg nylig forlot klubben til fordel for managerjobben i Middlesbrough. Hellberg ledet Hammarby til 2. plass i Allsvenskan denne sesongen. <\/p>\n<p>Horneland blir alts\u00e5 trukket fram som en mulig erstatter, men det at han har f\u00e5tt Saint-\u00c9tienne p\u00e5 rett kj\u00f8l igjen skal gj\u00f8re at Hammarby ser p\u00e5 det som utfordrende \u00e5 hente ham.<\/p>\n<p>Annen nordmann aktuell<\/p>\n<p>Horneland er ikke den eneste nordmannen som blir koblet til Hammarby. Sindre Tjelmeland, som er assistenttrener i polske Lech Poznan, skal v\u00e6re den personen Hammarby jobber mest aktiv med \u00e5 hente til klubben per dags dato. <\/p>\n<p>If\u00f8lge Aftonbladet skal Tjelmeland v\u00e6re \u00e5pen for \u00e5 ta over treneransvaret i Hammarby, men et usikkerhetsmoment skal v\u00e6re at Hammarby i s\u00e5 fall m\u00e5 kj\u00f8pe han ut fra kontrakten i Lech Poznan. <\/p>\n<p><b>Ogs\u00e5 Molde skal v\u00e6re interessert i Tjelmeland. <\/b><\/p>\n","protected":false},"excerpt":{"rendered":"BA.NO: Etter en suksessrik periode som Brann-trener gikk Horneland til den franske toppklubben Saint-\u00c9tienne i desember i fjor.&hellip;\n","protected":false},"author":2,"featured_media":102011,"comment_status":"","ping_status":"","sticky":false,"template":"","format":"standard","meta":{"footnotes":""},"categories":[59],"tags":[36,3035,92,30,28,29,83,82,1510],"class_list":{"0":"post-102217","1":"post","2":"type-post","3":"status-publish","4":"format-standard","5":"has-post-thumbnail","7":"category-sport","8":"tag-art","9":"tag-eirik-horneland","10":"tag-fotball","11":"tag-no","12":"tag-norge","13":"tag-norway","14":"tag-sport","15":"tag-sports","16":"tag-story"},"share_on_mastodon":{"url":"https:\/\/pubeurope.com\/@no\/115649973239272478","error":""},"_links":{"self":[{"href":"https:\/\/www.europesays.com\/no\/wp-json\/wp\/v2\/posts\/102217","targetHints":{"allow":["GET"]}}],"collection":[{"href":"https:\/\/www.europesays.com\/no\/wp-json\/wp\/v2\/posts"}],"about":[{"href":"https:\/\/www.europesays.com\/no\/wp-json\/wp\/v2\/types\/post"}],"author":[{"embeddable":true,"href":"https:\/\/www.europesays.com\/no\/wp-json\/wp\/v2\/users\/2"}],"replies":[{"embeddable":true,"href":"https:\/\/www.europesays.com\/no\/wp-json\/wp\/v2\/comments?post=102217"}],"version-history":[{"count":0,"href":"https:\/\/www.europesays.com\/no\/wp-json\/wp\/v2\/posts\/102217\/revisions"}],"wp:featuredmedia":[{"embeddable":true,"href":"https:\/\/www.europesays.com\/no\/wp-json\/wp\/v2\/media\/102011"}],"wp:attachment":[{"href":"https:\/\/www.europesays.com\/no\/wp-json\/wp\/v2\/media?parent=102217"}],"wp:term":[{"taxonomy":"category","embeddable":true,"href":"https:\/\/www.europesays.com\/no\/wp-json\/wp\/v2\/categories?post=102217"},{"taxonomy":"post_tag","embeddable":true,"href":"https:\/\/www.europesays.com\/no\/wp-json\/wp\/v2\/tags?post=102217"}],"curies":[{"name":"wp","href":"https:\/\/api.w.org\/{rel}","templated":true}]}}