{"id":102220,"date":"2025-12-02T12:36:08","date_gmt":"2025-12-02T12:36:08","guid":{"rendered":"https:\/\/www.europesays.com\/no\/102220\/"},"modified":"2025-12-02T12:36:08","modified_gmt":"2025-12-02T12:36:08","slug":"eu-bank-nekter-a-garantere-for-livsviktig-ukraina-lan","status":"publish","type":"post","link":"https:\/\/www.europesays.com\/no\/102220\/","title":{"rendered":"EU-bank nekter \u00e5 garantere for livsviktig Ukraina-l\u00e5n"},"content":{"rendered":"<p>    Den europeiske sentralbanken nekter \u00e5 garantere for et livsviktig Ukraina-l\u00e5n p\u00e5 140 milliarder euro. EU-planen skal v\u00e6re i brudd med unionens traktater.<\/p>\n<p>\n        TRENGER PENGER: Ukraina og president Volodomyr Zelenskyj.<br \/>\n        Stian Lysberg Solum\/NTB\n    <\/p>\n<p class=\"italic m-italic\" data-lab-italic=\"italic\">(<a href=\"https:\/\/www.finansavisen.no\/politikk\/2025\/12\/02\/8311493\/esb-nekter-a-garantere-for-ukraina-lan\" rel=\"nofollow noopener\" target=\"_blank\">Artikkelen <\/a>er f\u00f8rst publisert av <a href=\"https:\/\/www.finansavisen.no\/\" rel=\"nofollow noopener\" target=\"_blank\">Finansavisen<\/a>):<\/p>\n<p>Den europeiske sentralbanken (ESB) nekter \u00e5 garantere for et Ukraina-l\u00e5n p\u00e5 140 milliarder euro, skriver\u00a0<a href=\"https:\/\/www.ft.com\/content\/616c79ee-34de-425a-865e-e94ba10be788\" target=\"_blank\" rel=\"nofollow noopener\">Financial Times<\/a>, og viser til flere ESB-kilder med kjennskap til saken.<\/p>\n<p>Dette svekker if\u00f8lge avisen EU-kommisjonens plan om \u00e5 ta opp l\u00e5net som skal st\u00f8ttes av frossede russiske aktiva. Presset \u00f8ker dermed p\u00e5 EU for \u00e5 f\u00e5 finansiert Ukraina de neste to \u00e5rene, et Ukraina som selv er under hardt press milit\u00e6rt og \u00f8konomisk.<\/p>\n<p>Planen EU-kommisjonen har lagt frem g\u00e5r ut p\u00e5 at EU-landene stiller statlige garantier for \u00e5 dele risikoen som f\u00f8lger med l\u00e5net. Men kommisjonens tjenestepersoner skal ha uttalt til ESB-kildene at landene ikke vil kunne skaffe kontanter raskt ved en n\u00f8dsituasjon, og at det kan skape press i markedene.<\/p>\n<p>Belgia \u00e5pner for \u00e5 gire opp forvaltningen av fryste russiske aktiva. Men bare hvis EUs \u00f8vrige medlemsland er med p\u00e5 \u00e5 dele den juridiske risikoen.<\/p>\n<p>\u2013 Brudd p\u00e5 EU-traktater<\/p>\n<p>Tjenestepersonene i kommisjonen skal if\u00f8lge fire av Financial Times-kildene ha spurt ESB om banken\u00a0\u2013 i tilfelle likviditetskrise\u00a0\u2013 kan fungere som l\u00e5ngiver i siste instans for Belgia-baserte Euroclear som i dag oppbevarer rundt 190 milliarder euro i frossede russiske aktiva, og reinvesterer kontantstr\u00f8mmene de genererer\u00a0\u2013 i hovedsak gjennom sentralbanker.<\/p>\n<p>ESB skal if\u00f8lge tre av kildene ha svart kommisjonen at dette var umulig.<\/p>\n<p>Analysen fra ESB internt er at kommisjonens plan i praksis ville ha v\u00e6rt det samme som \u00e5 gi direkte finansiering til regjeringer, ettersom sentralbanken m\u00e5tte dekke medlemslandenes \u00f8konomiske forpliktelser.<\/p>\n<p>Dette, s\u00e5kalt \u00abmonet\u00e6r finansiering\u00bb, er forbudt if\u00f8lge EU-traktater grunnet fare for inflasjon og tapt troverdighet for ESB.<\/p>\n<p>Tilbakef\u00f8re til Russland?<\/p>\n<p>To tjenestepersoner opplyser til Financial Times at kommisjonen n\u00e5 er i gang med alternative forslag som kan gi midlertidig likviditet for \u00e5 stille garanti for Ukraina-l\u00e5net. If\u00f8lge en talsperson har kommisjonen v\u00e6rt \u00abi tett kontakt med ESB\u00bb siden slutten av oktober, og banken \u00abhar deltatt aktivt i alle diskusjoner.\u00bb<\/p>\n<p>\u2013 Sikring av n\u00f8dvendig likviditet for en mulig forpliktelse til \u00e5 tilbakef\u00f8re aktivaene til Russlands sentralbank er en viktig del av et mulig Ukraina-l\u00e5n, sier talspersonen til avisen.<\/p>\n<p>\u2013 Dette er n\u00f8dvendig for \u00e5 sikre at EU, medlemsland og private akt\u00f8rer alltid kan oppfylle sine internasjonale forpliktelser. Vurderingene om hvordan denne likviditeten skal sikres i detalj p\u00e5g\u00e5r, legger vedkommende til.<\/p>\n","protected":false},"excerpt":{"rendered":"Den europeiske sentralbanken nekter \u00e5 garantere for et livsviktig Ukraina-l\u00e5n p\u00e5 140 milliarder euro. EU-planen skal v\u00e6re i&hellip;\n","protected":false},"author":2,"featured_media":102221,"comment_status":"","ping_status":"","sticky":false,"template":"","format":"standard","meta":{"footnotes":""},"categories":[12],"tags":[20,21,24,25,15,22,23,13,30,28,29,14,16,26,27,42,43,44,45],"class_list":{"0":"post-102220","1":"post","2":"type-post","3":"status-publish","4":"format-standard","5":"has-post-thumbnail","7":"category-verden","8":"tag-breaking-news","9":"tag-breakingnews","10":"tag-featured-news","11":"tag-featurednews","12":"tag-headlines","13":"tag-latest-news","14":"tag-latestnews","15":"tag-news","16":"tag-no","17":"tag-norge","18":"tag-norway","19":"tag-nyheter","20":"tag-overskrifter","21":"tag-top-stories","22":"tag-topstories","23":"tag-verden","24":"tag-world","25":"tag-world-news","26":"tag-worldnews"},"share_on_mastodon":{"url":"https:\/\/pubeurope.com\/@no\/115650008510593399","error":""},"_links":{"self":[{"href":"https:\/\/www.europesays.com\/no\/wp-json\/wp\/v2\/posts\/102220","targetHints":{"allow":["GET"]}}],"collection":[{"href":"https:\/\/www.europesays.com\/no\/wp-json\/wp\/v2\/posts"}],"about":[{"href":"https:\/\/www.europesays.com\/no\/wp-json\/wp\/v2\/types\/post"}],"author":[{"embeddable":true,"href":"https:\/\/www.europesays.com\/no\/wp-json\/wp\/v2\/users\/2"}],"replies":[{"embeddable":true,"href":"https:\/\/www.europesays.com\/no\/wp-json\/wp\/v2\/comments?post=102220"}],"version-history":[{"count":0,"href":"https:\/\/www.europesays.com\/no\/wp-json\/wp\/v2\/posts\/102220\/revisions"}],"wp:featuredmedia":[{"embeddable":true,"href":"https:\/\/www.europesays.com\/no\/wp-json\/wp\/v2\/media\/102221"}],"wp:attachment":[{"href":"https:\/\/www.europesays.com\/no\/wp-json\/wp\/v2\/media?parent=102220"}],"wp:term":[{"taxonomy":"category","embeddable":true,"href":"https:\/\/www.europesays.com\/no\/wp-json\/wp\/v2\/categories?post=102220"},{"taxonomy":"post_tag","embeddable":true,"href":"https:\/\/www.europesays.com\/no\/wp-json\/wp\/v2\/tags?post=102220"}],"curies":[{"name":"wp","href":"https:\/\/api.w.org\/{rel}","templated":true}]}}