{"id":102229,"date":"2025-12-02T12:43:39","date_gmt":"2025-12-02T12:43:39","guid":{"rendered":"https:\/\/www.europesays.com\/no\/102229\/"},"modified":"2025-12-02T12:43:39","modified_gmt":"2025-12-02T12:43:39","slug":"kamp-om-polens-framtid-i-eu","status":"publish","type":"post","link":"https:\/\/www.europesays.com\/no\/102229\/","title":{"rendered":"Kamp om Polens framtid i EU"},"content":{"rendered":"<p>            <img loading=\"lazy\" decoding=\"async\" width=\"696\" height=\"420\" class=\"entry-thumb\" src=\"https:\/\/www.europesays.com\/no\/wp-content\/uploads\/2025\/12\/Karol-Nawrocki.jpg\"   alt=\"\" title=\"Rybnik,,Poland.,May,24,,2025.,Politician,,Candidate,For,The,President\"\/>Polens president Karol Nawrocki.<\/p>\n<p>Nawrocki setter bremsene p\u00e5 \u2013 regjeringen svarer med full integrasjonskurs.<\/p>\n<p>Den skarpe konflikten mellom presidenten og regjeringen i POLEN er en dell av en st\u00f8rre europeisk maktkamp: Sentral-Europa utfordrer EUs sentralisering \u2013 og Polen kan sitte med n\u00f8kkelen til unionens fremtid.<\/p>\n<p><strong>Av Bj<\/strong><strong>\u00f8<\/strong><strong>rn Joachimsen<\/strong><\/p>\n<p>Polen opplever n\u00e5 en kraftig institusjonell konflikt mellom president Karol Nawrocki og statsminister Donald Tusk, utl\u00f8st etter presidentens tale i Praha <strong>24. november 2025<\/strong>, hvor han angrep EUs \u00f8kende sentralisering. Men under overflaten ligger en langt st\u00f8rre konflikt. Det som n\u00e5 utspiller seg i Warszawa handler ikke bare om polsk politikk, men om Europas politiske arkitektur. <strong>Hvis Nawrocki, PiS og Konfederacja f<\/strong><strong>\u00e5<\/strong><strong>r maktmonopol etter 2027, kan Polen i praksis sitte med n<\/strong><strong>\u00f8<\/strong><strong>kkelen til EUs framtid \u2013 enten unionen fortsetter i retning av sterkere sentralmakt, eller om en suverenitetsorientert modell vinner frem og endrer EU innenfra.<\/strong><\/p>\n<p>Polen st\u00e5r dermed ikke bare i en intern maktdragkamp, men i sentrum av en regional og europeisk omveltning. I Sentral-Europa ser vi konturene av en politisk blokk \u2013 Ungarn, Slovakia, Tsjekkia og i \u00f8kende grad Romania og Bulgaria \u2013 som utfordrer EUs f\u00f8derale integrasjonskurs. Et Polen som leder denne utviklingen kan endre maktforholdene i EU i ti\u00e5r framover.<\/p>\n<p>Praha-talen: \u2013 Medlemsstatene m\u00e5 forbli traktatenes herrer<\/p>\n<p>Nawrockis EU-visjon er kjent gjennom polske medier og hans egen programartikkel. I b\u00e5de talen i Praha og i skriftlige versjoner av hans politiske prosjekt sier han:<\/p>\n<p><strong>\u00ab<\/strong><strong>EU er v<\/strong><strong>\u00e5<\/strong><strong>rt naturlige politiske milj<\/strong><strong>\u00f8<\/strong><strong>. Men la oss si det rett ut: det er ikke unionen av v<\/strong><strong>\u00e5<\/strong><strong>re dr<\/strong><strong>\u00f8<\/strong><strong>mmer<\/strong><strong>\u00bb.<\/strong><\/p>\n<p>Han hevder at EU-institusjonene i \u00f8kende grad:<\/p>\n<p><strong>\u00ab<\/strong><strong>erstatter folkenes vilje og p<\/strong><strong>\u00e5<\/strong><strong>tvinger l<\/strong><strong>\u00f8<\/strong><strong>sninger som er fjernet fra v<\/strong><strong>\u00e5<\/strong><strong>re tradisjoner<\/strong><strong>\u00bb.<\/strong><\/p>\n<p>Og han peker p\u00e5 en skjult maktforskyvning:<\/p>\n<p><strong>\u00ab<\/strong><strong>Vi ser f<\/strong><strong>\u00f8<\/strong><strong>deraliseringen brukt som kamuflasje for sentralisering \u2013 til fordel for de st<\/strong><strong>\u00f8<\/strong><strong>rste statene<\/strong><strong>\u00bb.<\/strong><\/p>\n<p>For Nawrocki er svaret en dyptgripende reform: vetoretten m\u00e5 bevares, makt m\u00e5 tilbakef\u00f8res til nasjonale parlamenter, og EU-topper m\u00e5 igjen v\u00e6re folkevalgte statsledere, ikke \u00abbyr\u00e5krater avhengige av stormaktenes st\u00f8tte\u00bb. Hans kjernepremiss er enkelt:<\/p>\n<p><strong>\u00ab<\/strong><strong>Medlemsstatene m\u00e5 forbli traktatenes herrer<\/strong><strong>\u00bb<\/strong>.<\/p>\n<p><strong>Sikorskis motangrep: Polexit-retorikk og maktoverskridelse<\/strong><strong\/><\/p>\n<p>Regjeringen reagerte umiddelbart og kraftig. Utenriksminister Rados\u0142aw Sikorski anklaget presidenten for \u00e5 undergrave Polens posisjon i EU og for \u00e5 tale p\u00e5 vegne av landet uten regjeringens mandat. Han formulerte det slik:<\/p>\n<p><strong>\u00ab<\/strong><strong>Dersom noen sier de st<\/strong><strong>\u00f8<\/strong><strong>tter EU-medlemskap, men samtidig hevder at EU tar v<\/strong><strong>\u00e5<\/strong><strong>r suverenitet, s\u00e5 forbereder det det psykologiske grunnlaget for \u00e5 forlate unionen<\/strong><strong>\u00bb<\/strong>.<\/p>\n<p>Sikorski minnet ogs\u00e5 om at:<\/p>\n<p><strong>\u00ab<\/strong><strong>Utenrikspolitikken ledes av regjeringen. Presidenten har ikke myndighet til \u00e5 foresl\u00e5 traktatendringer<\/strong><strong>\u00bb.<\/strong><\/p>\n<p>Konflikten er dermed ikke bare politisk, men institusjonell og grunnleggende: hvem definerer Polens linje i Europa?<\/p>\n<p><strong>Deklaracja Polska \u2013 arkitekturen bak suverenitetslinjen<\/strong><strong\/><\/p>\n<p>Bak Praha-talen st\u00e5r et st\u00f8rre politisk prosjekt: <strong>Deklaracja Polska<\/strong>, PiS\u2019 ti-punktsprogram for en samlet h\u00f8yrekoalisjon foran valget i 2027. Dokumentet setter full nasjonal suverenitet, motstand mot EU-sentralisering, avvisning av energiavhengighet og styrket allianse med USA som politiske hovedakser.<\/p>\n<p>Suverenitetslinjen i deklarasjonen er identisk med budskapet i Praha-talen. Den m\u00e5 derfor forst\u00e5s ikke som et enkelt utspill, men som en strategisk posisjonering som har som m\u00e5l \u00e5 redefinere Polens rolle i EU \u2013 og potensielt EUs struktur.<\/p>\n<p>Dyp systemkritikk<\/p>\n<p><strong>\u00ab<\/strong><strong>Vi ser f<\/strong><strong>\u00f8<\/strong><strong>deraliseringen brukt som kamuflasje for sentralisering \u2013 til fordel for de st<\/strong><strong>\u00f8<\/strong><strong>rste statene<\/strong><strong>\u00bb.<\/strong><br \/>\u2014 Karol Nawrocki, Praha, 24. november 2025<\/p>\n<p>Dette utsagnet markerte ikke bare et politisk angrep, men en dypere systemkritikk av EUs utviklingsmodell. Talen utl\u00f8ste den skarpeste konfrontasjonen mellom presidenten og regjeringen siden 1990-tallet. Men konflikten m\u00e5 forst\u00e5s i et st\u00f8rre perspektiv: den handler om en europeisk strukturdiskusjon.<\/p>\n<p>Polens interne maktkamp \u2013 der presidenten angriper EUs sentralisering og regjeringen forsvarer integrasjonslinjen \u2013 inng\u00e5r i en bredere regional bevegelse som utfordrer Brussel og Berlin. Polen, Ungarn, Slovakia og Tsjekkia, sammen med et mer EU-skeptisk Romania og Bulgaria, danner n\u00e5 konturene av en blokk som st\u00e5r i opposisjon til EUs f\u00f8derale kurs. Resultatet av denne polske konfliktlinjen etter 2027 kan f\u00e5 dyptgripende konsekvenser for maktbalansen i hele Sentral-Europa.<\/p>\n<p>Den geopolitiske dimensjonen: Polen mellom Tyskland og USA<\/p>\n<p>Polens politiske kurs kolliderer direkte med Tysklands visjon for EU. Berlin har i to ti\u00e5r presset frem en stadig sterkere overnasjonal struktur: svekket vetorett, sterk EU-kommisjon, felles klima- og energipolitikk og gradvis milit\u00e6r integrasjon. Et Polen som velger en motsatt retning, utfordrer Tysklands rolle som integrasjonens motor.<\/p>\n<p>P\u00e5 den andre siden av Atlanterhavet st\u00e5r USA. Washington har historisk v\u00e6rt skeptisk til et geopolitisk samlet EU og foretrukket en modell hvor NATO er hovedarkitekt for europeisk sikkerhet. Et Polen som styrker sine b\u00e5nd til USA, bygger bilaterale forsvarsallianser og motvirker tysk dominans passer inn i USAs tradisjonelle Europastrategi. Dermed kan Polen bli et problem for Brussel \u2013 men en n\u00f8kkelalliert for Washington.<\/p>\n<p>Sentral-Europa som geopolitisk kraftfelt<\/p>\n<p>Utviklingen i Polen er ikke isolert. Ungarn har lenge st\u00e5tt i front med sin motstand mot EU-sentralisering. Slovakia beveger seg i samme retning, s\u00e6rlig innen energi og migrasjon. I Tsjekkia vokser EU-skepsisen, og i Romania og Bulgaria styrkes partier som \u00f8nsker et mer nasjonalt orientert Europa.<\/p>\n<p>N\u00e5r Polen \u2013 regionens st\u00f8rste akt\u00f8r \u2013 g\u00e5r inn i denne linjen, kan Sentral-Europa danne en samlet suverenitetsblokk. Dette vil rokke ved hele EUs maktarkitektur, svekke EU-kommisjonens posisjon og tvinge unionen inn i et mer mellomstatlig spor.<\/p>\n<p>Sitter n\u00f8kkelen til EUs framtid i Warszawa?<\/p>\n<p>Hvis Polen etter 2027 gjennomf\u00f8rer en systematisk suverenitetspolitikk, vil det ikke bare endre landet. Det vil endre EU. Polen er unionens sjette st\u00f8rste land, den dominerende makten i \u00f8st og en strategisk milit\u00e6r akt\u00f8r mellom Berlin og Moskva. Landets valg p\u00e5virker hele Europas institusjonelle balanse.<\/p>\n<p>Et suverenitetsorientert Polen vil gj\u00f8re det sv\u00e6rt vanskelig for EU \u00e5 fortsette sin overnasjonale kurs. Polen er for stort til \u00e5 marginaliseres og for viktig til \u00e5 ignoreres. Dersom Warszawa aktivt blokkerer integrasjonsprosjekter innen migrasjon, klima, skatt, energi og forsvar, vil EU ikke kunne utvikle seg i retning av st\u00f8rre sentralmakt.<\/p>\n<p>Det vil ogs\u00e5 skape ringvirkninger i regionen. Sentral-Europa kan danne en varig motvekt til Brussel, og Tyskland vil miste sin rolle som integrasjonsmotor. Konsekvensene kan bli dypere enn Brexit: Polen st\u00e5r i sentrum av EU-strukturen, ikke i periferien slik Storbritannia gjorde.<\/p>\n<p>Dermed er sp\u00f8rsm\u00e5let ikke lenger dramatisk, men analytisk presist: <strong>sitter Nawrocki og PiS med n<\/strong><strong>\u00f8<\/strong><strong>kkelen til EUs framtid?<\/strong> Svaret er: potensielt ja. Fordi unionens n\u00e5v\u00e6rende kurs avhenger av lojalitet fra de st\u00f8rste landene. Hvis Polen velger en annen vei, kan EU ikke fortsette som f\u00f8r.<\/p>\n<p>Polens kursvalg kan til slutt avgj\u00f8re hvilken av to fremtidsmodeller Europa ender opp med:<br \/>\u2013 et stadig mer sentralisert EU styrt fra Brussel og Berlin,<br \/>eller<br \/>\u2013 et Europa av suverene nasjonalstater med et svekket overnasjonalt sentrum.<\/p>\n<p>Denne konflikten i Polen er derfor ikke bare en polsk konflikt. Den er et europeisk veiskille.<\/p>\n<p>Kilder<\/p>\n<p><strong>Nawrockis tale og posisjoner:<\/strong><br \/>Brussels Signal \u2013 <a href=\"https:\/\/brusselssignal.eu\/2025\/11\/polish-president-nawrocki-calls-for-end-to-eu-centralisation?utm_source=chatgpt.com\" rel=\"nofollow noopener\" target=\"_blank\">https:\/\/brusselssignal.eu\/2025\/11\/polish-president-nawrocki-calls-for-end-to-eu-centralisation<\/a><br \/>Notes from Poland \u2013 https:\/\/notesfrompoland.com\/2025\/11\/25\/polands-president-proposes-eu-reform-to-stop-brussels-dictating-terms<br \/>Polskie Radio \u2013 <a href=\"https:\/\/www.polskieradio.pl\/395\/7784\/artykul\/3612065\" rel=\"nofollow noopener\" target=\"_blank\">https:\/\/www.polskieradio.pl\/395\/7784\/artykul\/3612065<\/a><br \/>Nawrockis programartikkel \u2013 https:\/\/wszystkoconajwazniejsze.pl\/karol-nawrocki-moja-wizja-kierunku-w-ktorym-powinna-podazac-unia-europejska<\/p>\n<p><strong>Reaksjoner fra regjeringen:<\/strong><br \/>TVN24 \/ Polskie Radio \u2013 <a href=\"https:\/\/www.polskieradio.pl\/395\/7785\/artykul\/3615023\" rel=\"nofollow noopener\" target=\"_blank\">https:\/\/www.polskieradio.pl\/395\/7785\/artykul\/3615023<\/a><br \/>PAP-sitater \/ X-uttalelser fra Sikorski \u2013 gjengitt i artiklene ovenfor<\/p>\n<p><strong>Bakgrunn om Deklaracja Polska:<\/strong><br \/>Steigan.no \u2013 <a href=\"https:\/\/steigan.no\/2025\/11\/deklaracja-polska-polens-framtidige-forhold-til-eu-og-skepsisen-til-sentralmakt\/?utm_source=chatgpt.com\" rel=\"nofollow noopener\" target=\"_blank\">https:\/\/steigan.no\/2025\/11\/deklaracja-polska-polens-framtidige-forhold-til-eu-og-skepsisen-til-sentralmakt\/<\/a><\/p>\n","protected":false},"excerpt":{"rendered":"Polens president Karol Nawrocki. Nawrocki setter bremsene p\u00e5 \u2013 regjeringen svarer med full integrasjonskurs. Den skarpe konflikten mellom&hellip;\n","protected":false},"author":2,"featured_media":102230,"comment_status":"","ping_status":"","sticky":false,"template":"","format":"standard","meta":{"footnotes":""},"categories":[12],"tags":[20,21,24,25,15,22,23,13,30,28,29,14,16,26,27,42,43,44,45],"class_list":{"0":"post-102229","1":"post","2":"type-post","3":"status-publish","4":"format-standard","5":"has-post-thumbnail","7":"category-verden","8":"tag-breaking-news","9":"tag-breakingnews","10":"tag-featured-news","11":"tag-featurednews","12":"tag-headlines","13":"tag-latest-news","14":"tag-latestnews","15":"tag-news","16":"tag-no","17":"tag-norge","18":"tag-norway","19":"tag-nyheter","20":"tag-overskrifter","21":"tag-top-stories","22":"tag-topstories","23":"tag-verden","24":"tag-world","25":"tag-world-news","26":"tag-worldnews"},"share_on_mastodon":{"url":"https:\/\/pubeurope.com\/@no\/115650036233816190","error":""},"_links":{"self":[{"href":"https:\/\/www.europesays.com\/no\/wp-json\/wp\/v2\/posts\/102229","targetHints":{"allow":["GET"]}}],"collection":[{"href":"https:\/\/www.europesays.com\/no\/wp-json\/wp\/v2\/posts"}],"about":[{"href":"https:\/\/www.europesays.com\/no\/wp-json\/wp\/v2\/types\/post"}],"author":[{"embeddable":true,"href":"https:\/\/www.europesays.com\/no\/wp-json\/wp\/v2\/users\/2"}],"replies":[{"embeddable":true,"href":"https:\/\/www.europesays.com\/no\/wp-json\/wp\/v2\/comments?post=102229"}],"version-history":[{"count":0,"href":"https:\/\/www.europesays.com\/no\/wp-json\/wp\/v2\/posts\/102229\/revisions"}],"wp:featuredmedia":[{"embeddable":true,"href":"https:\/\/www.europesays.com\/no\/wp-json\/wp\/v2\/media\/102230"}],"wp:attachment":[{"href":"https:\/\/www.europesays.com\/no\/wp-json\/wp\/v2\/media?parent=102229"}],"wp:term":[{"taxonomy":"category","embeddable":true,"href":"https:\/\/www.europesays.com\/no\/wp-json\/wp\/v2\/categories?post=102229"},{"taxonomy":"post_tag","embeddable":true,"href":"https:\/\/www.europesays.com\/no\/wp-json\/wp\/v2\/tags?post=102229"}],"curies":[{"name":"wp","href":"https:\/\/api.w.org\/{rel}","templated":true}]}}