{"id":102231,"date":"2025-12-02T12:44:14","date_gmt":"2025-12-02T12:44:14","guid":{"rendered":"https:\/\/www.europesays.com\/no\/102231\/"},"modified":"2025-12-02T12:44:14","modified_gmt":"2025-12-02T12:44:14","slug":"sporveien-tar-i-bruk-toppmoderne-togkontroll-gir-30-prosent-okt-kapasitet","status":"publish","type":"post","link":"https:\/\/www.europesays.com\/no\/102231\/","title":{"rendered":"Sporveien tar i bruk toppmoderne togkontroll: Gir 30 prosent \u00f8kt kapasitet"},"content":{"rendered":"<p><a class=\"inline-block uppercase px-2 py-1 rounded-full text-sm leading-none hover:underline whitespace-nowrap text-brandNeutral-900 bg-brandNeutral-100 dark:bg-brandStone-300 mb-6\" href=\"https:\/\/www.tu.no\/emne\/samferdsel\" rel=\"nofollow noopener\" target=\"_blank\">Samferdsel<\/a><\/p>\n<p class=\"text-xl leading-snug mb-8\">Det nye systemet gj\u00f8r at Sporveien kan \u00f8ke kapasiteten fra 28 til 36 tog i timen gjennom den travle tunnelen, og legger til rette for enda h\u00f8yere frekvens n\u00e5r Fornebubanen \u00e5pner.<\/p>\n<p>Kommentarer<\/p>\n<p>Du m\u00e5 v\u00e6re innlogget hos Ifr\u00e5gas\u00e4tt for \u00e5 kommentere. Bruk BankID for automatisk oppretting av brukerkonto. Du kan kommentere under fullt navn eller med kallenavn.<\/p>\n","protected":false},"excerpt":{"rendered":"Samferdsel Det nye systemet gj\u00f8r at Sporveien kan \u00f8ke kapasiteten fra 28 til 36 tog i timen gjennom&hellip;\n","protected":false},"author":2,"featured_media":102232,"comment_status":"","ping_status":"","sticky":false,"template":"","format":"standard","meta":{"footnotes":""},"categories":[10],"tags":[20,21,12938,24,25,15,22,23,13,30,28,29,14,16,223,288,1196,26,27],"class_list":{"0":"post-102231","1":"post","2":"type-post","3":"status-publish","4":"format-standard","5":"has-post-thumbnail","7":"category-norge","8":"tag-breaking-news","9":"tag-breakingnews","10":"tag-cbtc","11":"tag-featured-news","12":"tag-featurednews","13":"tag-headlines","14":"tag-latest-news","15":"tag-latestnews","16":"tag-news","17":"tag-no","18":"tag-norge","19":"tag-norway","20":"tag-nyheter","21":"tag-overskrifter","22":"tag-samferdsel","23":"tag-sporveien","24":"tag-t-bane","25":"tag-top-stories","26":"tag-topstories"},"share_on_mastodon":{"url":"https:\/\/pubeurope.com\/@no\/115650039882769083","error":""},"_links":{"self":[{"href":"https:\/\/www.europesays.com\/no\/wp-json\/wp\/v2\/posts\/102231","targetHints":{"allow":["GET"]}}],"collection":[{"href":"https:\/\/www.europesays.com\/no\/wp-json\/wp\/v2\/posts"}],"about":[{"href":"https:\/\/www.europesays.com\/no\/wp-json\/wp\/v2\/types\/post"}],"author":[{"embeddable":true,"href":"https:\/\/www.europesays.com\/no\/wp-json\/wp\/v2\/users\/2"}],"replies":[{"embeddable":true,"href":"https:\/\/www.europesays.com\/no\/wp-json\/wp\/v2\/comments?post=102231"}],"version-history":[{"count":0,"href":"https:\/\/www.europesays.com\/no\/wp-json\/wp\/v2\/posts\/102231\/revisions"}],"wp:featuredmedia":[{"embeddable":true,"href":"https:\/\/www.europesays.com\/no\/wp-json\/wp\/v2\/media\/102232"}],"wp:attachment":[{"href":"https:\/\/www.europesays.com\/no\/wp-json\/wp\/v2\/media?parent=102231"}],"wp:term":[{"taxonomy":"category","embeddable":true,"href":"https:\/\/www.europesays.com\/no\/wp-json\/wp\/v2\/categories?post=102231"},{"taxonomy":"post_tag","embeddable":true,"href":"https:\/\/www.europesays.com\/no\/wp-json\/wp\/v2\/tags?post=102231"}],"curies":[{"name":"wp","href":"https:\/\/api.w.org\/{rel}","templated":true}]}}