{"id":102235,"date":"2025-12-02T12:48:32","date_gmt":"2025-12-02T12:48:32","guid":{"rendered":"https:\/\/www.europesays.com\/no\/102235\/"},"modified":"2025-12-02T12:48:32","modified_gmt":"2025-12-02T12:48:32","slug":"foreldrene-til-einar-bryter-tausheten-fire-ar-etter-sjokkdrapet-2","status":"publish","type":"post","link":"https:\/\/www.europesays.com\/no\/102235\/","title":{"rendered":"Foreldrene til Ein\u00e1r bryter tausheten fire \u00e5r etter sjokkdrapet"},"content":{"rendered":"<p class=\"kicker \" style=\"\">Lena Nilsson om drapet p\u00e5 s\u00f8nnen:\u00a0<\/p>\n<p>  Drapet p\u00e5 den svenske rapperen Ein\u00e1r sendte sjokkb\u00f8lger gjennom Sverige for fire \u00e5r siden. N\u00e5 bryter moren tausheten.\u00a0<\/p>\n<p>\n    D\u00d8DE BR\u00c5TT: Nils Ein\u00e1r Gr\u00f6nberg var bare 19 \u00e5r da han ble skutt og drept utenfor sitt eget hjem i 2021. N\u00e5 forteller moren hans om den grusomme kvelden. Foto: Instagram \/ @ns1einar\n  <\/p>\n<p>For fire \u00e5r siden ble den svenske artisten Ein\u00e1r, hvis ekte navn var Nils Ein\u00e1r Gr\u00f6nberg, <a href=\"https:\/\/www.seher.no\/kjendis\/rapperen-einr-19-drept\/74426618\" rel=\"nofollow noopener\" target=\"_blank\">skutt og drept ved sitt eget hjem<\/a>.\u00a0<\/p>\n<p class=\"font-weight-bold m-font-weight-bold\" data-lab-font_weight=\"font-weight-bold\">Stjerneskuddet slo gjennom da han var 16 \u00e5r gammel og klatret raskt til topps p\u00e5 de svenske hitlistene. Han ble bare 19 \u00e5r gammel.\u00a0<\/p>\n<p>    <a itemprop=\"url\" href=\"https:\/\/www.seher.no\/kjendis\/tennene-mine-falt-ut\/83922787\" rel=\"nofollow noopener\" target=\"_blank\"><\/p>\n<p>      <img loading=\"lazy\" decoding=\"async\" src=\"https:\/\/www.europesays.com\/no\/wp-content\/uploads\/2025\/12\/83922587.webp\" width=\"980\" height=\"441\" title=\"- Tennene mine falt ut\" alt=\"\" class=\"lazyload\" style=\"--aspect-ratio-image: 2.22; \"\/><\/p>\n<p>        &#8211; Tennene mine falt ut<\/p>\n<p>    <\/a><\/p>\n<p data-lab-font_weight=\"\"> &#8211; I g\u00e5r ble Ein\u00e1r dessverre drept, og det blir antatt at det knyttes til organisert kriminalitet, sa Jan Nilsson, talsperson for S\u00f6dermalm-politiet, til avisa\u00a0<a href=\"https:\/\/www.mitti.se\/nyheter\/polisen-bekraftar-artisten-einar-skjuten-till-dods-i-hammarby-sjostad\/repujv!CchwQ9iYekkyXk5KEhxpQ\/\" target=\"_blank\" rel=\"nofollow noopener\">Mitt i Stockholm<\/a>\u00a0den gang.\u00a0<\/p>\n<p>Fire \u00e5r etter d\u00f8dsfallet tar foreldrene til den svenske artisten bladet fra munnen, i et intervju med svenske <a href=\"https:\/\/www.sverigesradio.se\/avsnitt\/lena-nilsson-om-sorgen-som-aldrig-gar-over\" rel=\"nofollow noopener\" target=\"_blank\">S\u00f6ndagsintervjun<\/a>.\u00a0<\/p>\n<p>        UTVIST: Den britiske kongefamilien sendte et tydelig signal med kunngj\u00f8ringen om at prins Andrew blir fratatt sine kongelige titler. Beskjeden kom etter avd\u00f8de Virginia Robert Guiffres memoarer ble utgitt, et av de mest sentrale ofrene i Jeffrey Epstein-saken. I boka beskrev hun de gjentatte overgrepene hun hevdet den tidligere prinsen uttsatt henne for, da hun var 17 \u00e5r. Reporter: Sanne Holt\/ R\u00f8d L\u00f8per. Video: NTB\/ AFP\/ YouTube\/ @BBCNews\/ @Netflix\/ @60MinutesAustralia <\/p>\n<p>&#8211; Sa at jeg elsker ham\u00a0\u00a0\t<\/p>\n<p>Rapperen hadde tidligere v\u00e6rt redd for sin egen sikkerhet, og bodde p\u00e5 en skjult adresse i Hammarby Sj\u00f6stad med familien da drapet fant sted, if\u00f8lge\u00a0<a href=\"https:\/\/www.aftonbladet.se\/nyheter\/a\/9zzo3w\/ett-ar-sedan-einar-skots-till-dods-detta-har-hant\" rel=\"nofollow noopener\" target=\"_blank\">Aftonbladet<\/a>.\u00a0<\/p>\n<p>Ein\u00e1rs mor, skuespiller Lena Nilsson (63), forteller at hun var inne i boligen da hun h\u00f8rte skudd utenfor. Hun forteller at hun f\u00f8rst trodde lyden var fyrverkeri.\u00a0<\/p>\n<p>    <a itemprop=\"url\" href=\"https:\/\/www.seher.no\/kjendis\/roper-ny-flamme-full-klaff\/83921959\" rel=\"nofollow noopener\" target=\"_blank\"><\/p>\n<p>      <img loading=\"lazy\" decoding=\"async\" src=\"https:\/\/www.europesays.com\/no\/wp-content\/uploads\/2025\/12\/83921981.webp\" width=\"980\" height=\"441\" title=\"R\u00f8per ny flamme: - Full klaff\" alt=\"\" class=\"lazyload\" style=\"--aspect-ratio-image: 2.22; \"\/><\/p>\n<p>        R\u00f8per ny flamme: &#8211; Full klaff<\/p>\n<p>    <\/a><\/p>\n<p>Da hun gikk ut p\u00e5 balkongen h\u00f8rte hun flere stemmer fra gaten nedenfor.\u00a0<\/p>\n<p class=\"font-weight-bold m-font-weight-bold\" data-lab-font_weight=\"font-weight-bold\">&#8211; Jeg g\u00e5r ned og ser ham ligge der. Og jeg ser \u00f8ynene hans. Det ser ikke ut som at han er d\u00f8d, men han er det, sier hun.\u00a0<\/p>\n<p>          <img loading=\"lazy\" decoding=\"async\" src=\"https:\/\/www.europesays.com\/no\/wp-content\/uploads\/2025\/12\/83923361.webp\" width=\"686\" height=\"460\" title=\"I SORG: Fansen str\u00f8mmet til barndomshjemmet til rapperen etter det tragiske d\u00f8dsfallet for \u00e5 vise kj\u00e6rlighet. Foto: Jeppe Gustafsson\/Shutterstock\/NTB\" alt=\"\" class=\"\" style=\"--aspect-ratio-image: 1.49; \"\/><\/p>\n<p>\n          I SORG: Fansen str\u00f8mmet til barndomshjemmet til rapperen etter det tragiske d\u00f8dsfallet for \u00e5 vise kj\u00e6rlighet. Foto: Jeppe Gustafsson\/Shutterstock\/NTB\n      <\/p>\n<p>Nilsson forteller at hun da begynte \u00e5 snakke med s\u00f8nnen.\u00a0<\/p>\n<p class=\"font-weight-bold m-font-weight-bold\" data-lab-font_weight=\"font-weight-bold\">&#8211; Jeg har h\u00f8rt at det siste som forsvinner er h\u00f8rselen. S\u00e5 da tenkte jeg at jeg skal prate med ham i tilfelle han h\u00f8rte meg si at jeg elsker ham.\u00a0<\/p>\n<p>Levde i skjul\t<\/p>\n<p>Ein\u00e1r ble f\u00f8r d\u00f8dsfallet utsatt for flere trusler.<\/p>\n<p>I 2020 ble han kidnappet av personer med tilknytning til det kriminelle V\u00e5rbynettverket i Stockholm. Maskerte menn truet ham med kniv og stjal Rolex-klokka hans.<\/p>\n<p>        SKAL VI DANSE: Under kveldens sending danset influenser Tale Torhussen for bestevenninnen sin, Leah Behn. Video: TV2 \/ Dagbaldet<\/p>\n<p>I begynnelsen av oktober 2021, \u00e9n m\u00e5ned f\u00f8r drapet, var han mistenkt for \u00e5 ha v\u00e6rt involvert i en knivstikking i Stockholm sentrum. Etter den hendelsen levde han med skuddpremie p\u00e5 seg, if\u00f8lge\u00a0<a href=\"https:\/\/www.aftonbladet.se\/nyheter\/a\/z76q1w\/einar-levde-under-hot--hade-skyddad-identitet\" class=\"\" rel=\"nofollow noopener\" target=\"_blank\">Aftonbladet.<\/a><\/p>\n<p>Han skal ogs\u00e5 ha hatt skjult identitet, og bare noen dager f\u00f8r drapet ble han truet p\u00e5 sosiale medier, if\u00f8lge avisa.<\/p>\n<p>          <img loading=\"lazy\" decoding=\"async\" src=\"https:\/\/www.europesays.com\/no\/wp-content\/uploads\/2025\/12\/83923568.webp\" width=\"686\" height=\"680\" title=\"LEVDE I SKJUL: Etter flere hendelser i 2020 og 2021 s\u00e5 rapperen seg n\u00f8dt til \u00e5 flytte til en skjult adresse. Like etter ble han drept. Foto: Instagram \/ @ns1einar\" alt=\"\" class=\"\" style=\"--aspect-ratio-image: 1.01; \"\/><\/p>\n<p>\n          LEVDE I SKJUL: Etter flere hendelser i 2020 og 2021 s\u00e5 rapperen seg n\u00f8dt til \u00e5 flytte til en skjult adresse. Like etter ble han drept. Foto: Instagram \/ @ns1einar\n      <\/p>\n<p>\u00abSkyt Ein\u00e1r, skyt Ein\u00e1r\u00bb, skal en ha skrevet, mens en annen skrev:<\/p>\n<p>\u00abGutten kommer til \u00e5 d\u00f8 n\u00e5r som helst\u00bb.<\/p>\n<p>Filmet drapet\u00a0\t<\/p>\n<p> If\u00f8lge <a href=\"https:\/\/www.aftonbladet.se\/nyheter\/a\/9zzo3w\/ett-ar-sedan-einar-skots-till-dods-detta-har-hant\" rel=\"nofollow noopener\" target=\"_blank\">Aftonbladet<\/a> skal to personer ha dukket opp bev\u00e6pnet utenfor boligen sent p\u00e5 kvelden, og ventet p\u00e5 rapperen. De skal ha visst hvor han bodde, til tross for den skjulte adressen.\u00a0<\/p>\n<p class=\"font-weight-bold m-font-weight-bold\" data-lab-font_weight=\"font-weight-bold\">Etter at de avfyrte skudd skal de ha filmet 19-\u00e5ringen som bevis p\u00e5 at jobben var gjort. Vitner p\u00e5 stedet sa til Aftonbladet at drapet s\u00e5 ut som en \u00abren henrettelse\u00bb.\u00a0<\/p>\n<p>        STYGT: Det blir en vond seanse n\u00e5r Benjamin Ingrosso, den nye typen til Annika Momrak, blir konfrontert av eksen Oskar Westerlin. Video: NRK TV\/ Nora Skavhaug\/ Thea Hope\/ R\u00f8d L\u00f8per<\/p>\n<p>Det ble iverksatt en stor politiaksjon i etterkant av drapet, hvor det blant annet ble s\u00f8kt etter gjerningspersonene i n\u00e6romr\u00e5det med helikopter.\u00a0<\/p>\n<p class=\"font-weight-bold m-font-weight-bold\" data-lab-font_weight=\"font-weight-bold\">De ble aldri funnet, og i 2023 ble drapsetterforskningen lagt p\u00e5 is etter over 350 vitneavh\u00f8r, meldte svenske <a href=\"https:\/\/www.tv4.se\/artikel\/13kjyriZ6v3d8z5vIYk7g3\/aklagarens-besked-einar-mordet-nu-kallt-fall-kommer-inte-vidare\" rel=\"nofollow noopener\" target=\"_blank\">TV 4<\/a>.<\/p>\n<p>&#8211;\u00a0Vi kommer ikke videre, og det er stor risiko for at drapet forblir uoppklart, begrunnet statsadvokat Lucas Eriksson til TV-kanalen.\u00a0<\/p>\n","protected":false},"excerpt":{"rendered":"Lena Nilsson om drapet p\u00e5 s\u00f8nnen:\u00a0 Drapet p\u00e5 den svenske rapperen Ein\u00e1r sendte sjokkb\u00f8lger gjennom Sverige for fire&hellip;\n","protected":false},"author":2,"featured_media":102236,"comment_status":"","ping_status":"","sticky":false,"template":"","format":"standard","meta":{"footnotes":""},"categories":[58],"tags":[377,12929,71,479,2543,30,28,29,1359,72],"class_list":{"0":"post-102235","1":"post","2":"type-post","3":"status-publish","4":"format-standard","5":"has-post-thumbnail","7":"category-underholdning","8":"tag-drap","9":"tag-einar","10":"tag-entertainment","11":"tag-kjendis","12":"tag-kjendisdesken","13":"tag-no","14":"tag-norge","15":"tag-norway","16":"tag-sverige","17":"tag-underholdning"},"share_on_mastodon":{"url":"https:\/\/pubeurope.com\/@no\/115650055835569696","error":""},"_links":{"self":[{"href":"https:\/\/www.europesays.com\/no\/wp-json\/wp\/v2\/posts\/102235","targetHints":{"allow":["GET"]}}],"collection":[{"href":"https:\/\/www.europesays.com\/no\/wp-json\/wp\/v2\/posts"}],"about":[{"href":"https:\/\/www.europesays.com\/no\/wp-json\/wp\/v2\/types\/post"}],"author":[{"embeddable":true,"href":"https:\/\/www.europesays.com\/no\/wp-json\/wp\/v2\/users\/2"}],"replies":[{"embeddable":true,"href":"https:\/\/www.europesays.com\/no\/wp-json\/wp\/v2\/comments?post=102235"}],"version-history":[{"count":0,"href":"https:\/\/www.europesays.com\/no\/wp-json\/wp\/v2\/posts\/102235\/revisions"}],"wp:featuredmedia":[{"embeddable":true,"href":"https:\/\/www.europesays.com\/no\/wp-json\/wp\/v2\/media\/102236"}],"wp:attachment":[{"href":"https:\/\/www.europesays.com\/no\/wp-json\/wp\/v2\/media?parent=102235"}],"wp:term":[{"taxonomy":"category","embeddable":true,"href":"https:\/\/www.europesays.com\/no\/wp-json\/wp\/v2\/categories?post=102235"},{"taxonomy":"post_tag","embeddable":true,"href":"https:\/\/www.europesays.com\/no\/wp-json\/wp\/v2\/tags?post=102235"}],"curies":[{"name":"wp","href":"https:\/\/api.w.org\/{rel}","templated":true}]}}