{"id":102237,"date":"2025-12-02T12:53:10","date_gmt":"2025-12-02T12:53:10","guid":{"rendered":"https:\/\/www.europesays.com\/no\/102237\/"},"modified":"2025-12-02T12:53:10","modified_gmt":"2025-12-02T12:53:10","slug":"fikk-rad-om-a-ikke-sove-hjemme-nrk-buskerud-lokale-nyheter-tv-og-radio","status":"publish","type":"post","link":"https:\/\/www.europesays.com\/no\/102237\/","title":{"rendered":"\u2013 Fikk r\u00e5d om \u00e5 ikke sove hjemme \u2013 NRK Buskerud \u2013 Lokale nyheter, TV og radio"},"content":{"rendered":"<p>Nora Haukland er en av de forn\u00e6rmede i <a href=\"https:\/\/www.nrk.no\/norge\/na-er-det-bestemt-om-marius-borg-hoiby-skal-bli-tiltalt-1.17519879\" ec-id=\"pp:article:1.17519879\" ec-name=\"straffesaken mot Marius Borg H\u00f8iby\" rel=\"nofollow noopener\" target=\"_blank\">straffesaken mot Marius Borg H\u00f8iby<\/a>. For et dr\u00f8yt \u00e5r siden fikk hun en e-post av en mann som truet \u00e5 sende en torpedo etter henne, hvis hun ikke trakk tilbake anklagene mot kronprinsessens s\u00f8nn.<\/p>\n<p>Sv\u00e6rt alvorlig, mener Hauklands advokater.<\/p>\n<p>I dag m\u00f8tte hun i retten, hvor hun vitnet i saken mot 27-\u00e5ringen fra Drammen.<\/p>\n<p><strong>\u2013 Jeg tok ikke mailen seri\u00f8st f\u00f8rst. S\u00e5 snakket jeg med venner, og fikk r\u00e5d om \u00e5 ikke sove hjemme.<\/strong><\/p>\n<p>\u2013 Jeg ble ganske redd, og tok kontakt med advokat. Jeg f\u00f8lte meg ikke trygg, og dro Tyskland og Frankrike. Det har v\u00e6rt stressende og tungt. Jeg var redd for \u00e5 g\u00e5 ut, og bestilte mat levert p\u00e5 d\u00f8ra, sa Haukland.<\/p>\n<p>Influenseren fortalte at hun mottok mange e-poster etter at anklagene ble kjent.<\/p>\n<p><img decoding=\"async\"   src=\"data:image\/gif;base64,R0lGODlhAQABAIAAAAAAAP\/\/\/yH5BAEAAAAALAAAAAABAAEAAAIBRAA7\" loading=\"eager\" alt=\"en kvinne som sitter i en stol\" title=\"Foto: Jan-Erik Wilthil \/ NRK\"\/><\/p>\n<p class=\"\">Nora Haukland forteller at hun ble skremt av truslene.<\/p>\n<p>Foto: Jan-Erik Wilthil \/ NRK<\/p>\n<p>Fryktet biker-milj\u00f8<\/p>\n<p><strong>Hun var redd for at personen som truet henne tilh\u00f8rte et biker-milj\u00f8 som var venner med ekskj\u00e6resten Marius Borg H\u00f8iby.<\/strong><\/p>\n<p>\u2013 F\u00f8rte denne trusselen til at du vurderte \u00e5 trekke anklagene dine mot H\u00f8iby? spurte bistandsadvokat Heidi Reisvang.<\/p>\n<p>\u2013 Jeg har tenkt at det vil v\u00e6re tungt. Jeg f\u00f8lte meg utrygg. Det var ekkelt at han skulle sende en torpedo til min adresse. Jeg forsto hvor belastende dette ville bli, og at jeg i lang tid vil f\u00f8le meg utrygg.<\/p>\n<p><img decoding=\"async\"   src=\"data:image\/gif;base64,R0lGODlhAQABAIAAAAAAAP\/\/\/yH5BAEAAAAALAAAAAABAAEAAAIBRAA7\" loading=\"eager\" alt=\"Heidi Reisvang\" title=\"Foto: Henrik Myhr Nielsen \/ NRK\"\/><\/p>\n<p class=\"\">Heidi Reisvang er Nora Hauklands bistandsadvokat. \u2013 Det har v\u00e6rt veldig skremmende for Haukland, hun opplever denne saken som sv\u00e6rt belastende, sier hun.<\/p>\n<p>Foto: Henrik Myhr Nielsen \/ NRK<\/p>\n<p>Haukland fikk en e-post fra tiltalte der han ba om unnskyldning. \u00abJeg ville bare ha kjendisvenner,\u00bb skrev mannen, som avsluttet med \u00e5 \u00f8nske henne god jul.<\/p>\n<p><strong>Hun googlet navnet Espen Lee, som tiltalte nevnte, og fant ut at det dreide seg om en tidligere torpedo. <\/strong><\/p>\n<p>\u2013 Verden ble plutselig mye skumlere. Jeg er nerv\u00f8s for \u00e5 bo i Oslo, og sover ikke lenger med vinduer \u00e5pne. Jeg har f\u00f8lt meg veldig utsatt. Jeg redd for \u00e5 v\u00e6re hjemme. Jeg er fortsatt redd, men det er en litt irrasjonell frykt.<\/p>\n<p>\u2013 Jeg har blitt mye mer p\u00e5passelig. Tar taxi overalt, jeg er redd noen f\u00f8lger etter meg.<\/p>\n<p>Ville skremme henne<\/p>\n<p>Tiltalte forklarte seg om hvorfor han kontaktet Nora Haukland.<\/p>\n<p><strong>\u2013 Jeg gjorde det for \u00e5 skremme. Jeg var irritert for at noen i kongefamilien skulle bli straffet. Jeg synes det er leit at hun skulle bli s\u00e5 redd.<\/strong><\/p>\n<p>Tiltalte fortalte at han angret, da han s\u00e5 at trusselen mot Haukland havnet i nyhetsbildet, og at det var en av grunnene til at han ba om unnskyldning.<\/p>\n<p>\u2013 Jeg var redd for at navnet mitt skulle komme p\u00e5 nyhetene.<\/p>\n<p><img decoding=\"async\"   src=\"data:image\/gif;base64,R0lGODlhAQABAIAAAAAAAP\/\/\/yH5BAEAAAAALAAAAAABAAEAAAIBRAA7\" loading=\"eager\" alt=\"en mann som sitter ved et skrivebord\" title=\"Foto: Jan-Erik Wilthil \/ NRK\"\/><\/p>\n<p class=\"\">27-\u00e5ringens forsvarer, Ole Magnus Str\u00f8mmen.<\/p>\n<p>Foto: Jan-Erik Wilthil \/ NRK<\/p>\n<p>Om e-posten hvor han nevnte Espen Lee, sa han f\u00f8lgende:<\/p>\n<p>\u2013 Jeg gjorde det for at hun skulle bli engstelig. Jeg gjorde p\u00e5 grunn av H\u00f8ibysaken. Jeg trodde ikke at Espen Lee ville gj\u00f8re noe.<\/p>\n<p>Fire bombetrusler<\/p>\n<p>Drammenseren er tiltalt for en rekke forhold, blant annet trusler og utpressing. Han erkjente straffskyld da rettssaken startet mandag.<\/p>\n<p>Fire ganger i 2024 truet han med \u00e5 sprenge Stortinget.<\/p>\n<p><strong>If\u00f8lge p\u00e5talemyndigheten var handlingene \u00abegnet til \u00e5 ha innvirkning p\u00e5 Stortingets virksomhet\u00bb.<\/strong><\/p>\n<p>\u2013 Jeg gjorde det for \u00e5 se hva som skjedde, sa tiltalte om hvorfor han sende bombetrusler til Stortinget.<\/p>\n<p>\u2013 Skjedde det noe? spurte statsadvokaten<\/p>\n<p>\u2013 Stortinget ble jo stengt, sa 27-\u00e5ringen.<\/p>\n<p>Truet R\u00f8kke med drapsmann<\/p>\n<p>27-\u00e5ringen er ogs\u00e5 tiltalt for grov utpressing av Kjell Inge R\u00f8kke, etter at han sendte en e-post hvor han krevde at R\u00f8kke skulle overf\u00f8re 1 milliard kroner i l\u00f8pet av en uke.<\/p>\n<p>\u00abDere kan bare ta rettssak, men dere kommer til \u00e5 tape. For jeg har morder p\u00e5 saken,\u00bb skrev han.<\/p>\n<p>Han fikk ikke noen penger, og et halvt \u00e5r seinere, i september 2024, gjentok tiltalte trusselen.<\/p>\n<p>\u2013 Jeg ville bare presse ham for penger. Jeg vet at han er rik, sa tiltalte i retten.<\/p>\n<p><strong>Han sendte 16 trussel e-poster, b\u00e5de til privatpersoner og blant annet Skatteetaten, Helse Bergen, Drammen kommune, S\u00f8r-\u00d8st politidistrikt og Orkla.<\/strong><\/p>\n<p>Rettssakkyndige har vurdert mannen og gitt ham diagnosen lett psykisk utviklingshemming. Han er regnet som strafferettslig tilregnelig.<\/p>\n<p>If\u00f8lge aktor Christer Gangs\u00f8 hadde den tiltalte mannen ingen reelle planer om \u00e5 gjennomf\u00f8re truslene, men at handlingene har fremkalt frykt.<\/p>\n<p>Publisert<\/p>\n<p>02.12.2025, kl. 10.28<\/p>\n<p>Oppdatert<\/p>\n<p>02.12.2025, kl. 12.50<\/p>\n","protected":false},"excerpt":{"rendered":"Nora Haukland er en av de forn\u00e6rmede i straffesaken mot Marius Borg H\u00f8iby. For et dr\u00f8yt \u00e5r siden&hellip;\n","protected":false},"author":2,"featured_media":102238,"comment_status":"","ping_status":"","sticky":false,"template":"","format":"standard","meta":{"footnotes":""},"categories":[10],"tags":[20,21,24,25,15,22,23,13,30,28,29,14,16,26,27],"class_list":{"0":"post-102237","1":"post","2":"type-post","3":"status-publish","4":"format-standard","5":"has-post-thumbnail","7":"category-norge","8":"tag-breaking-news","9":"tag-breakingnews","10":"tag-featured-news","11":"tag-featurednews","12":"tag-headlines","13":"tag-latest-news","14":"tag-latestnews","15":"tag-news","16":"tag-no","17":"tag-norge","18":"tag-norway","19":"tag-nyheter","20":"tag-overskrifter","21":"tag-top-stories","22":"tag-topstories"},"share_on_mastodon":{"url":"https:\/\/pubeurope.com\/@no\/115650075289935542","error":""},"_links":{"self":[{"href":"https:\/\/www.europesays.com\/no\/wp-json\/wp\/v2\/posts\/102237","targetHints":{"allow":["GET"]}}],"collection":[{"href":"https:\/\/www.europesays.com\/no\/wp-json\/wp\/v2\/posts"}],"about":[{"href":"https:\/\/www.europesays.com\/no\/wp-json\/wp\/v2\/types\/post"}],"author":[{"embeddable":true,"href":"https:\/\/www.europesays.com\/no\/wp-json\/wp\/v2\/users\/2"}],"replies":[{"embeddable":true,"href":"https:\/\/www.europesays.com\/no\/wp-json\/wp\/v2\/comments?post=102237"}],"version-history":[{"count":0,"href":"https:\/\/www.europesays.com\/no\/wp-json\/wp\/v2\/posts\/102237\/revisions"}],"wp:featuredmedia":[{"embeddable":true,"href":"https:\/\/www.europesays.com\/no\/wp-json\/wp\/v2\/media\/102238"}],"wp:attachment":[{"href":"https:\/\/www.europesays.com\/no\/wp-json\/wp\/v2\/media?parent=102237"}],"wp:term":[{"taxonomy":"category","embeddable":true,"href":"https:\/\/www.europesays.com\/no\/wp-json\/wp\/v2\/categories?post=102237"},{"taxonomy":"post_tag","embeddable":true,"href":"https:\/\/www.europesays.com\/no\/wp-json\/wp\/v2\/tags?post=102237"}],"curies":[{"name":"wp","href":"https:\/\/api.w.org\/{rel}","templated":true}]}}