{"id":102239,"date":"2025-12-02T12:54:11","date_gmt":"2025-12-02T12:54:11","guid":{"rendered":"https:\/\/www.europesays.com\/no\/102239\/"},"modified":"2025-12-02T12:54:11","modified_gmt":"2025-12-02T12:54:11","slug":"russlands-anke-vant-frem-skal-delta-i-ol-nrk-sport-sportsnyheter-resultater-og-sendeplan","status":"publish","type":"post","link":"https:\/\/www.europesays.com\/no\/102239\/","title":{"rendered":"Russlands anke vant frem \u2013 skal delta i OL \u2013 NRK Sport \u2013 Sportsnyheter, resultater og sendeplan"},"content":{"rendered":"<p>\u2013 Russland vant sin sak mot FIS i CAS. N\u00e5 er FIS forpliktet til \u00e5 la russiske ut\u00f8vere f\u00e5 delta internasjonalt, skriver sportsministeren i Russland, Mikhail Degtyarev, i sin Telegram-kanal.<\/p>\n<p><strong>Tirsdag ettermiddag bekrefter den internasjonale voldgiftsretten for sport, CAS, det samme i en pressemelding.<\/strong><\/p>\n<p>17 ut\u00f8vere (12 russere og fem belarusere) anket saken. CAS skriver at ankeseieren betyr at samtlige ut\u00f8vere kan delta, ikke bare de 17, s\u00e5 lenge de er n\u00f8ytrale.<\/p>\n<p>17 ut\u00f8vere som sto bak anken:<\/p>\n<p>12 russiske ut\u00f8vere sto bak anken sammen med Russlands skiforbund og Russlands paralympiske komit\u00e9 etter at Det internasjonale ski- og sn\u00f8brettforbundet (FIS) sa nei til n\u00f8ytrale russiske l\u00f8pere i OL i oktober:<\/p>\n<p><strong>Seks mulige OL-ut\u00f8vere: <\/strong><\/p>\n<ul>\n<li>Savelij Korostelev, langrenn<\/li>\n<li>Lana Prusakova, friski<\/li>\n<li>Maria Travinitsjeva, sn\u00f8brett<\/li>\n<li>Artjom Galunin, kombinert<\/li>\n<li>Jekaterina Tkatsjenko, alpint<\/li>\n<li>Daniil Serejev, skihopp<\/li>\n<\/ul>\n<p><strong>Seks mulig Paralympics-ut\u00f8vere:<\/strong><\/p>\n<ul>\n<li>Aleksej Bugajev, alpint<\/li>\n<li>Varvara Vorontsjikhina, alpint<\/li>\n<li>Anastasia Bagagin, langrenn<\/li>\n<li>Ivan Golubkov, langrenn<\/li>\n<li>Polina Novakovskja, langrenn<\/li>\n<li>Mikhail Slinkin, sn\u00f8brett<\/li>\n<\/ul>\n<p><strong>Fem belarusiske ut\u00f8vere sto bak anken sammen med Det belarusiske skiforbundet (BSU):<\/strong><\/p>\n<ul>\n<li>Hanna Huskova, friski<\/li>\n<li>Anna Derugo, friski<\/li>\n<li>Anastasija Andryjanava, friski<\/li>\n<li>Ihar Drabiankou, friski<\/li>\n<li>Vladislav Vaznyuk<\/li>\n<\/ul>\n<p>H\u00f8ringen fant sted i Lausanne i Sveits i g\u00e5r mandag.<\/p>\n<p>Beslutningen gjelder ut\u00f8vere i langrenn, hopp, kombinert, alpint, snowboard friski og fristil.<\/p>\n<p><img decoding=\"async\"   src=\"data:image\/gif;base64,R0lGODlhAQABAIAAAAAAAP\/\/\/yH5BAEAAAAALAAAAAABAAEAAAIBRAA7\" loading=\"eager\" alt=\"En gruppe mennesker st\u00e5r utenfor en buss\" title=\"Foto: Torstein B\u00f8e \/ NTB\"\/><\/p>\n<p class=\"\">PROTEST: Den russiske sm\u00f8retraileren ble tagget ned med ukrainske flagg og slagord p\u00e5 Holmenkollen like f\u00f8r utestengelsen i februar 2022.<\/p>\n<p>Foto: Torstein B\u00f8e \/ NTB<\/p>\n<p>\u2013 Kommer med helikopter<\/p>\n<p>F\u00f8rste mulighet for russiske og belarusiske ut\u00f8vere \u00e5 konkurrere internasjonalt er i Trondheim kommende helg. Da arrangeres verdenscup i langrenn i VM-l\u00f8ypene i Gran\u00e5sen.<\/p>\n<p>Der sp\u00f8ker den russiske landslagssjefen Egor Sorin i en uttalelse gjengitt i <a href=\"https:\/\/www.championat.com\/\" ec-id=\"https:\/\/www.championat.com\/\" ec-name=\"Championat\" rel=\"nofollow noopener\" target=\"_blank\">Championat <\/a>om at den russiske leiren tar helikopter til Tr\u00f8ndelag, som blant annet <a href=\"https:\/\/www.adressa.no\/sport\/langrenn\/i\/BxVa1w\/bekreftet-russland-vant-fram\" ec-id=\"https:\/\/www.adressa.no\/sport\/langrenn\/i\/BxVa1w\/bekreftet-russland-vant-fram\" ec-name=\"Adresseavisen\" rel=\"nofollow noopener\" target=\"_blank\">Adresseavisen <\/a>meldte.<\/p>\n<p><img decoding=\"async\"   src=\"data:image\/gif;base64,R0lGODlhAQABAIAAAAAAAP\/\/\/yH5BAEAAAAALAAAAAABAAEAAAIBRAA7\" loading=\"eager\" alt=\"Egor Sorin\" title=\"Foto: SVT\"\/><\/p>\n<p class=\"\">TRENER: Russlands landslagssjef Egor Sorin er lysten p\u00e5 en Norge-retur.<\/p>\n<p>Foto: SVT<\/p>\n<p><strong>\u2013 Trondheim er en mulighet, absolutt. Vi kommer med helikopter!<\/strong><\/p>\n<p>Han fortsetter:<\/p>\n<p>\u2013 Vi avventer svar fra FIS p\u00e5 hva som skjer videre.<\/p>\n<p>Men i det helikopteret sitter ikke Veronika Stepanova. Hun svarer klokkeklart \u00abnei\u00bb til NRK p\u00e5 sp\u00f8rsm\u00e5l om hun vil g\u00e5 i Trondheim.<\/p>\n<p>Dyrhaug: \u2013 M\u00e5 forholde oss til dette<\/p>\n<p>President i Norges Skiforbund, Tove Moe Dyrhaug, sier i en pressemelding at hun er sv\u00e6rt skuffet over CAS-domstolens avgj\u00f8relse.<\/p>\n<p>\u2013 Norges syn i denne saken st\u00e5r fast, men sammen med de andre medlemsnasjonene i FIS m\u00e5 vi naturligvis forholde oss til dette, sier hun.\n<\/p>\n<p><img decoding=\"async\"   src=\"data:image\/gif;base64,R0lGODlhAQABAIAAAAAAAP\/\/\/yH5BAEAAAAALAAAAAABAAEAAAIBRAA7\" loading=\"eager\" alt=\"Tove Moe Dyrhaug i Holmenkollen\" title=\"Foto: Geir Olsen \/ NTB\"\/><\/p>\n<p class=\"\">SKUFFET: President i Norges Skiforbund, Tove Moe Dyrhaug, uttaler seg om CAS-avgj\u00f8relsen.<\/p>\n<p>Foto: Geir Olsen \/ NTB<\/p>\n<p>60-\u00e5ringen har v\u00e6rt en uttalt motstander av Russland tilbake i skisporet. Senest i oktober stemte hun imot russisk deltakelse.<\/p>\n<p><strong>\u2013 Vi trenger noe tid til \u00e5 finne ut hva som skjer videre. Vedtaket i CAS ber\u00f8rer flere ut\u00f8vere fra ulike grener i FIS, og vi vet forel\u00f8pig ikke hva som er tenkt n\u00e5r det gjelder praktisk gjennomf\u00f8ring med tanke p\u00e5 deltakelse i konkurranser f\u00f8r OL, fortsetter Dyrhaug.<\/strong><\/p>\n<p>\u2013 Stor symbolverdi<\/p>\n<p>\u2013 Dette er overraskende, men ikke sjokkerende. Flere andre avgj\u00f8relser den siste tid har gitt russiske ut\u00f8vere medhold i kravet om \u00e5 f\u00e5 delta som n\u00f8ytrale ut\u00f8vere i internasjonale konkurranser, inkludert OL, sier NRKs sportskommentator Jan-Petter Saltvedt.<\/p>\n<p><img decoding=\"async\"   src=\"data:image\/gif;base64,R0lGODlhAQABAIAAAAAAAP\/\/\/yH5BAEAAAAALAAAAAABAAEAAAIBRAA7\" loading=\"eager\" alt=\"Jan Petter Saltvedt\" title=\"Foto: Martin Leigland\"\/><\/p>\n<p class=\"\">KOMMENTATOR: Jan-Petter Saltvedt.<\/p>\n<p>Foto: Martin Leigland<\/p>\n<p>FIS utestengte Russland f\u00e5 dager etter landets invasjon av Ukraina i februar 2022.<\/p>\n<p>Siden har ingen russiske ut\u00f8vere kunnet konkurrere i hverken verdenscupen, VM eller OL, heller ikke under s\u00e5kalt n\u00f8ytralt flagg.<\/p>\n<p><strong>\u2013 N\u00e5 gjenst\u00e5r det \u00e5 se hvor mange av de russiske l\u00f8perne som faktisk f\u00e5r delta i OL. De skal gjennom en ny vurdering opp mot sin kobling til h\u00e6ren og krigen i Ukraina. Og de skal i tillegg faktisk kvalifisere seg p\u00e5 ganske s\u00e5 kort tid. Men for Russland og deres sportsgale president er dette dessverre en seier med stor symbolverdi, sier Saltvedt videre.<\/strong><\/p>\n<p>Russisk jubel<\/p>\n<p>Og nyheten tas imot med jubel og glede i Russland.<\/p>\n<p>\u2013 CAS-avgj\u00f8relsen er ett lite skritt for den enkelte skil\u00f8per, men et gigantisk sprang for hele det globale skisamfunnet. Prinsippet om \u00e5 f\u00e5 konkurrere uavhengig av nasjonalitet\/pass ble opprettholdt. Neste steg \u2013 like rettigheter for alle ut\u00f8vere, uansett politisk overbevisning, sier den russiske langrennsl\u00f8peren Veronika Stepanova til NRK.<\/p>\n<p>Hun fortsetter:\n<\/p>\n<p><img decoding=\"async\"   src=\"data:image\/gif;base64,R0lGODlhAQABAIAAAAAAAP\/\/\/yH5BAEAAAAALAAAAAABAAEAAAIBRAA7\" loading=\"eager\" alt=\"Veronika Stepanova i skidrakt\" title=\"Foto: Terje Pedersen \/ NRK\"\/><\/p>\n<p class=\"\">RUSSISK: Skil\u00f8peren Veronika Stepanova uttaler seg til NRK.<\/p>\n<p>Foto: Terje Pedersen \/ NRK<\/p>\n<p><strong>\u2013 La dem som har fors\u00f8kt \u00e5 utestenge oss i alle disse \u00e5rene, huske ordene mine for tre og et halvt \u00e5r siden: \u00abHva er det dere pr\u00f8ver \u00e5 oppn\u00e5? Hva er det dere pr\u00f8ver \u00e5 bevise?\u00bb Vi kommer tilbake, og n\u00e5 er vi tilbake.<\/strong><\/p>\n<p>Tror ikke Norge boikotter<\/p>\n<p>Blant ut\u00f8verne som er med p\u00e5 anken, som alts\u00e5 endte i medhold, er Saveliy Korostelev (21). Han blir sett p\u00e5 som en av de st\u00f8rste profilene i russisk langrenn.<\/p>\n<p><strong>\u2013 Jeg kan ikke forestille meg hvordan denne prosessen kommer til \u00e5 se ut. La oss bare si at dersom vi f\u00e5r konkurrere i OL i 2026, s\u00e5 hadde det v\u00e6rt et mirakel, sa Korostelev f\u00f8r anken var sendt.<\/strong><\/p>\n<p><img decoding=\"async\"   src=\"data:image\/gif;base64,R0lGODlhAQABAIAAAAAAAP\/\/\/yH5BAEAAAAALAAAAAABAAEAAAIBRAA7\" loading=\"eager\" alt=\"Olympiske og paralympiske emblem er synlige i m\u00f8rket. Bakgrunn viser sn\u00f8dekte fjell og ishalling. Lysene fra bygningene gir en koselig atmosf\u00e6re. Bildet illustrerer forberedelser til vinter-OL.\" title=\"Foto: Claudia Greco \/ Reuters \/ NTB\"\/><\/p>\n<p class=\"\">TILBAKE: OL og Paralympics i Milano Cortina neste \u00e5r vil f\u00e5 russisk deltakelse.<\/p>\n<p>Foto: Claudia Greco \/ Reuters \/ NTB<\/p>\n<p>\u2013 Jeg skulle \u00f8nske jeg kunne konkurrere i verdenscupen. Det finnes en fyr som heter Kl\u00e6bo i sporet her. Alle p\u00e5 laget jobber for \u00e5 bli best mulig og Johannes er best i verden \u2013 best i historien. Alle vil konkurrere mot de beste, sier Korostelev.<\/p>\n<p>NRKs langrennsekspert Torgeir Bj\u00f8rn tror ikke Norge kommer til \u00e5 boikotte renn som f\u00f8lger av avgj\u00f8relsen.<\/p>\n<p><strong>\u2013 Man m\u00e5 rette seg etter de organer som behandler det, og hvis CAS gir medhold i det, s\u00e5 m\u00e5 man forholde seg til det. Jeg er ikke der at jeg synes det er noen skandale. Det er derfor man har den instansen. Norge m\u00e5 forholde seg til det.<br \/>\n<\/strong><\/p>\n<p><img decoding=\"async\"   src=\"data:image\/gif;base64,R0lGODlhAQABAIAAAAAAAP\/\/\/yH5BAEAAAAALAAAAAABAAEAAAIBRAA7\" loading=\"eager\" alt=\"Torgeir Bj\u00f8rn\" title=\"Foto: Terje Pedersen \/ Terje Pedersen \/ NTB\"\/><\/p>\n<p class=\"\">EKSPERT: Torgeir Bj\u00f8rn mener det ikke er noen skandale at russere n\u00e5 er tilbake i det gjeveste ski-selskapet.<\/p>\n<p>Foto: Terje Pedersen \/ Terje Pedersen \/ NTB<\/p>\n<p>Verdenscupen i langrenn ser p\u00e5 du p\u00e5 NRK1 og i NRK TV fredag fra klokken 12.00<\/p>\n<p>Publisert<\/p>\n<p>02.12.2025, kl. 12.01<\/p>\n<p>Oppdatert<\/p>\n<p>02.12.2025, kl. 13.51<\/p>\n","protected":false},"excerpt":{"rendered":"\u2013 Russland vant sin sak mot FIS i CAS. N\u00e5 er FIS forpliktet til \u00e5 la russiske ut\u00f8vere&hellip;\n","protected":false},"author":2,"featured_media":102240,"comment_status":"","ping_status":"","sticky":false,"template":"","format":"standard","meta":{"footnotes":""},"categories":[5],"tags":[20,21,24,25,15,19,22,23,17,18,13,30,28,29,14,16,26,27],"class_list":{"0":"post-102239","1":"post","2":"type-post","3":"status-publish","4":"format-standard","5":"has-post-thumbnail","7":"category-overskrifter","8":"tag-breaking-news","9":"tag-breakingnews","10":"tag-featured-news","11":"tag-featurednews","12":"tag-headlines","13":"tag-hovedoppslag","14":"tag-latest-news","15":"tag-latestnews","16":"tag-main-news","17":"tag-mainnews","18":"tag-news","19":"tag-no","20":"tag-norge","21":"tag-norway","22":"tag-nyheter","23":"tag-overskrifter","24":"tag-top-stories","25":"tag-topstories"},"share_on_mastodon":{"url":"https:\/\/pubeurope.com\/@no\/115650079316719281","error":""},"_links":{"self":[{"href":"https:\/\/www.europesays.com\/no\/wp-json\/wp\/v2\/posts\/102239","targetHints":{"allow":["GET"]}}],"collection":[{"href":"https:\/\/www.europesays.com\/no\/wp-json\/wp\/v2\/posts"}],"about":[{"href":"https:\/\/www.europesays.com\/no\/wp-json\/wp\/v2\/types\/post"}],"author":[{"embeddable":true,"href":"https:\/\/www.europesays.com\/no\/wp-json\/wp\/v2\/users\/2"}],"replies":[{"embeddable":true,"href":"https:\/\/www.europesays.com\/no\/wp-json\/wp\/v2\/comments?post=102239"}],"version-history":[{"count":0,"href":"https:\/\/www.europesays.com\/no\/wp-json\/wp\/v2\/posts\/102239\/revisions"}],"wp:featuredmedia":[{"embeddable":true,"href":"https:\/\/www.europesays.com\/no\/wp-json\/wp\/v2\/media\/102240"}],"wp:attachment":[{"href":"https:\/\/www.europesays.com\/no\/wp-json\/wp\/v2\/media?parent=102239"}],"wp:term":[{"taxonomy":"category","embeddable":true,"href":"https:\/\/www.europesays.com\/no\/wp-json\/wp\/v2\/categories?post=102239"},{"taxonomy":"post_tag","embeddable":true,"href":"https:\/\/www.europesays.com\/no\/wp-json\/wp\/v2\/tags?post=102239"}],"curies":[{"name":"wp","href":"https:\/\/api.w.org\/{rel}","templated":true}]}}