{"id":102260,"date":"2025-12-02T13:20:19","date_gmt":"2025-12-02T13:20:19","guid":{"rendered":"https:\/\/www.europesays.com\/no\/102260\/"},"modified":"2025-12-02T13:20:19","modified_gmt":"2025-12-02T13:20:19","slug":"viking-eliteserien-2025-viking-drakter","status":"publish","type":"post","link":"https:\/\/www.europesays.com\/no\/102260\/","title":{"rendered":"Viking, Eliteserien 2025 | Viking-drakter"},"content":{"rendered":"\n<p>\u2013 Den er oppe og g\u00e5r igjen, sakte, men sikkert, melder markedssjef Kjartan Salvesen til RA Stavanger.<\/p>\n<p>Nettbutikken til Viking har v\u00e6rt like svimmel som V\u00e5lerenga-forsvaret etter et Edvin Austb\u00f8-raid. Mandag kveld gikk serverne ned for telling flere ganger mandag kveld. P\u00e5gangen har rett og slett v\u00e6rt for stor.<\/p>\n<p><b>Salget av gulldrakter og gullskjerf \u00e5pnet klokken 20 mandag. Viking-fans og alle andre som vil kj\u00f8pe seg et minne om seriemesterskapet 2025, ble m\u00f8tt med feilmeldinger. <\/b><\/p>\n<p>   <img decoding=\"async\" width=\"1080\" height=\"1307\" fetchpriority=\"low\"  loading=\"lazy\"  src=\"https:\/\/www.europesays.com\/no\/wp-content\/uploads\/2025\/12\/gulldrakt.jpg\" alt=\"Vikings nettbutikk slet med p\u00e5gangen mandag kveld.\" class=\"brick-c-cFOWSL\" style=\"--brick-image-ratio: 1080 \/ 1307;\"\/><\/p>\n<p>      Vikings nettbutikk slet med p\u00e5gangen mandag kveld.<\/p>\n<p>\u2013 Det jobbes kontinuerlig med \u00e5 sikre alle en del av denne historien. Det har v\u00e6rt en enorm p\u00e5gang som gj\u00f8r at nettsiden krasjer, melder Salvesen videre.<\/p>\n<p>   <img decoding=\"async\" width=\"1069\" height=\"641\" fetchpriority=\"low\"  loading=\"lazy\"  src=\"https:\/\/www.europesays.com\/no\/wp-content\/uploads\/2025\/12\/gulldrakt2.jpg\" alt=\"Vikings nettbutikk slet med p\u00e5gangen mandag kveld.\" class=\"brick-c-cFOWSL\" style=\"--brick-image-ratio: 1069 \/ 641;\"\/><\/p>\n<p>      Vikings nettbutikk slet med p\u00e5gangen mandag kveld.<\/p>\n<p>RA Stavanger var i kontakt med Kjartan Salvesen 21.30-tiden mandag, men da var det for tidlig for Kjartan Salvesen \u00e5 ha oversikten over drakter og skjerf som fyker ut av nettbutikken.<\/p>\n<p><b>\u2013 Det er snakk om mange tusen drakter som ryker ut som varmt gullbr\u00f8d, meldes det fra Salvesen i J\u00e5tt\u00e5v\u00e5gen. <\/b><\/p>\n<p>Gullglade siddiser b\u00f8r vente litt med \u00e5 pynte juletreet. Viking har ogs\u00e5 p\u00e5 gang sin egen julepynt.<\/p>\n<p><a href=\"https:\/\/www.aftenbladet.no\/sport\/i\/OojG13\/siste-nytt-om-viking?pinnedEntry=293372\" rel=\"Follow nofollow noopener\" target=\"_blank\">Aftenbladet <\/a>har ogs\u00e5 meldt om Vikings server-tr\u00f8bbel.<\/p>\n","protected":false},"excerpt":{"rendered":"\u2013 Den er oppe og g\u00e5r igjen, sakte, men sikkert, melder markedssjef Kjartan Salvesen til RA Stavanger. Nettbutikken&hellip;\n","protected":false},"author":2,"featured_media":102261,"comment_status":"","ping_status":"","sticky":false,"template":"","format":"standard","meta":{"footnotes":""},"categories":[59],"tags":[36,2344,30,28,29,12941,83,82,1510,435],"class_list":{"0":"post-102260","1":"post","2":"type-post","3":"status-publish","4":"format-standard","5":"has-post-thumbnail","7":"category-sport","8":"tag-art","9":"tag-eliteserien-2025","10":"tag-no","11":"tag-norge","12":"tag-norway","13":"tag-seriemester-2025","14":"tag-sport","15":"tag-sports","16":"tag-story","17":"tag-viking"},"share_on_mastodon":{"url":"https:\/\/pubeurope.com\/@no\/115650181608708139","error":""},"_links":{"self":[{"href":"https:\/\/www.europesays.com\/no\/wp-json\/wp\/v2\/posts\/102260","targetHints":{"allow":["GET"]}}],"collection":[{"href":"https:\/\/www.europesays.com\/no\/wp-json\/wp\/v2\/posts"}],"about":[{"href":"https:\/\/www.europesays.com\/no\/wp-json\/wp\/v2\/types\/post"}],"author":[{"embeddable":true,"href":"https:\/\/www.europesays.com\/no\/wp-json\/wp\/v2\/users\/2"}],"replies":[{"embeddable":true,"href":"https:\/\/www.europesays.com\/no\/wp-json\/wp\/v2\/comments?post=102260"}],"version-history":[{"count":0,"href":"https:\/\/www.europesays.com\/no\/wp-json\/wp\/v2\/posts\/102260\/revisions"}],"wp:featuredmedia":[{"embeddable":true,"href":"https:\/\/www.europesays.com\/no\/wp-json\/wp\/v2\/media\/102261"}],"wp:attachment":[{"href":"https:\/\/www.europesays.com\/no\/wp-json\/wp\/v2\/media?parent=102260"}],"wp:term":[{"taxonomy":"category","embeddable":true,"href":"https:\/\/www.europesays.com\/no\/wp-json\/wp\/v2\/categories?post=102260"},{"taxonomy":"post_tag","embeddable":true,"href":"https:\/\/www.europesays.com\/no\/wp-json\/wp\/v2\/tags?post=102260"}],"curies":[{"name":"wp","href":"https:\/\/api.w.org\/{rel}","templated":true}]}}