{"id":102267,"date":"2025-12-02T13:33:08","date_gmt":"2025-12-02T13:33:08","guid":{"rendered":"https:\/\/www.europesays.com\/no\/102267\/"},"modified":"2025-12-02T13:33:08","modified_gmt":"2025-12-02T13:33:08","slug":"trafikk-veg-og-fore-har-sendt-ut-farevarsel-her-blir-det-glatt","status":"publish","type":"post","link":"https:\/\/www.europesays.com\/no\/102267\/","title":{"rendered":"Trafikk, Veg og f\u00f8re | Har sendt ut farevarsel: Her blir det glatt"},"content":{"rendered":"\n<p><b>BINDAL: <\/b>Meteorologisk institutt har sendt ut et gult farevarsel for is som ber\u00f8rer store deler av Helgeland, inkludert Bindal kommune. Varselet gjelder fra tirsdag ettermiddag og utover kvelden.<\/p>\n<p>\u00c5rsaken er underkj\u00f8lt regn \u2013 regndr\u00e5per som forblir flytende selv under frysepunktet. N\u00e5r disse dr\u00e5pene treffer kalde overflater som vegbanen, fryser de umiddelbart til is. <\/p>\n<p>Dette kan f\u00f8re til lokalt sv\u00e6rt vanskelige kj\u00f8reforhold. Den store utfordringa, advarer Meteorologisk institutt, er at isen kan v\u00e6re nesten usynlig \u2013 et \u00absnikende\u00bb farlig f\u00f8re som krever ekstra \u00e5rv\u00e5kenhet.<\/p>\n<p><b>R\u00e5d til innbyggerne:<\/b><\/p>\n<ul>\n<li><b>Bilister:<\/b> Beregn ekstra tid til transport og kj\u00f8ring. S\u00f8rg for at kj\u00f8ret\u00f8yet er utstyrt med riktige dekk, og kj\u00f8r etter forholdene. Transporttjenester kan ogs\u00e5 bli p\u00e5virket.<\/li>\n<li><b>G\u00e5ende: <\/b>Vurder bruk av brodder eller piggsko for \u00e5 unng\u00e5 fall.<\/li>\n<\/ul>\n<p>F\u00f8lg n\u00f8ye med p\u00e5 oppdaterte farevarsler fra met.no og sjekk vegmeldinger p\u00e5 vegvesen.no\/trafikk for den siste informasjonen om trafikksituasjonen.<\/p>\n","protected":false},"excerpt":{"rendered":"BINDAL: Meteorologisk institutt har sendt ut et gult farevarsel for is som ber\u00f8rer store deler av Helgeland, inkludert&hellip;\n","protected":false},"author":2,"featured_media":102268,"comment_status":"","ping_status":"","sticky":false,"template":"","format":"standard","meta":{"footnotes":""},"categories":[10],"tags":[36,20,21,24,25,15,22,23,1202,13,30,28,29,14,16,1510,26,27,224,11856],"class_list":{"0":"post-102267","1":"post","2":"type-post","3":"status-publish","4":"format-standard","5":"has-post-thumbnail","7":"category-norge","8":"tag-art","9":"tag-breaking-news","10":"tag-breakingnews","11":"tag-featured-news","12":"tag-featurednews","13":"tag-headlines","14":"tag-latest-news","15":"tag-latestnews","16":"tag-meteorologisk-institutt","17":"tag-news","18":"tag-no","19":"tag-norge","20":"tag-norway","21":"tag-nyheter","22":"tag-overskrifter","23":"tag-story","24":"tag-top-stories","25":"tag-topstories","26":"tag-trafikk","27":"tag-veg-og-fore"},"share_on_mastodon":{"url":"https:\/\/pubeurope.com\/@no\/115650232534550800","error":""},"_links":{"self":[{"href":"https:\/\/www.europesays.com\/no\/wp-json\/wp\/v2\/posts\/102267","targetHints":{"allow":["GET"]}}],"collection":[{"href":"https:\/\/www.europesays.com\/no\/wp-json\/wp\/v2\/posts"}],"about":[{"href":"https:\/\/www.europesays.com\/no\/wp-json\/wp\/v2\/types\/post"}],"author":[{"embeddable":true,"href":"https:\/\/www.europesays.com\/no\/wp-json\/wp\/v2\/users\/2"}],"replies":[{"embeddable":true,"href":"https:\/\/www.europesays.com\/no\/wp-json\/wp\/v2\/comments?post=102267"}],"version-history":[{"count":0,"href":"https:\/\/www.europesays.com\/no\/wp-json\/wp\/v2\/posts\/102267\/revisions"}],"wp:featuredmedia":[{"embeddable":true,"href":"https:\/\/www.europesays.com\/no\/wp-json\/wp\/v2\/media\/102268"}],"wp:attachment":[{"href":"https:\/\/www.europesays.com\/no\/wp-json\/wp\/v2\/media?parent=102267"}],"wp:term":[{"taxonomy":"category","embeddable":true,"href":"https:\/\/www.europesays.com\/no\/wp-json\/wp\/v2\/categories?post=102267"},{"taxonomy":"post_tag","embeddable":true,"href":"https:\/\/www.europesays.com\/no\/wp-json\/wp\/v2\/tags?post=102267"}],"curies":[{"name":"wp","href":"https:\/\/api.w.org\/{rel}","templated":true}]}}