{"id":102277,"date":"2025-12-02T13:54:09","date_gmt":"2025-12-02T13:54:09","guid":{"rendered":"https:\/\/www.europesays.com\/no\/102277\/"},"modified":"2025-12-02T13:54:09","modified_gmt":"2025-12-02T13:54:09","slug":"skolebehovsplan-politikk-spente-foreldre-strommer-inn-slik-blir-din-naerskoles-skjebne-avisa-oslo","status":"publish","type":"post","link":"https:\/\/www.europesays.com\/no\/102277\/","title":{"rendered":"Skolebehovsplan, Politikk | Spente foreldre str\u00f8mmer inn: Slik blir din n\u00e6rskoles skjebne &#8211; Avisa Oslo"},"content":{"rendered":"<ol>\n<li><a href=\"https:\/\/news.google.com\/rss\/articles\/CBMimgFBVV95cUxPaDFZOUlSelNxR0N1Mm05TXBFNENYQmwwX1MtaVBjWGJ1Q292bWt4NGhtV2J1RWN2RUxwT2FSM3o4cEg5Ump0XzhWMzAwZDAtMFBVNEUzOFlFcU5Za3dnOG81Y3NRb3M4THctMFpSeld4RTFNMUZvUkdvVkxrUngzZ1Jka0hBWG9GTTdwVE1aOERXNGEyWnFQbjd3?oc=5\" target=\"_blank\" rel=\"nofollow noopener\">Skolebehovsplan, Politikk | Spente foreldre str\u00f8mmer inn: Slik blir din n\u00e6rskoles skjebne<\/a>&nbsp;&nbsp;Avisa Oslo<\/li>\n<li><a href=\"https:\/\/news.google.com\/rss\/articles\/CBMickFVX3lxTE1DX0FLNHRJeWxVZFhNS1VlRkxJYjlqcXNMSWVqTEZRT3ptYVhrRGFLd1gxR3MtN1RaZEpiaVJlYmVQTUo2dVowODNlb1hVSlNTRmY1alNxb1RhOXg1ci1rMHFwZDJYVXl5N0VoLTJBeU8zQQ?oc=5\" target=\"_blank\" rel=\"nofollow noopener\">n\u00e5: Slik blir Oslos nye skoleplan<\/a>&nbsp;&nbsp;VG<\/li>\n<li><a href=\"https:\/\/news.google.com\/rss\/articles\/CBMi1AFBVV95cUxNNlRrbS1wdUxNbndxa1RWUXU3Tkt6Wmh5SGo2NHdtYVZJalVNNHNsc01FbTR3Z1F2UzNibzk3enV5QXhMall0U2dhZjRfNDBZSWV0UWphdmdlM1BpM1J6SVVDR09BVzhaY3B6SW5xUkV4d09ZenVZZ21TcF82ZXVPT19NNW9NcGFGX3pZaHVBd05DTmtUUWs1ZzZscWQ1TjNjYnNqUFJjRWJBZ0dZcHc0RVVOYlppQm1CbHRyeG0xaE4xSjFtd1Q5aWh4blBZamh3Qnprcw?oc=5\" target=\"_blank\" rel=\"nofollow noopener\">Enighet om skolebehovsplanen for Oslo<\/a>&nbsp;&nbsp;Aftenposten<\/li>\n<li><a href=\"https:\/\/news.google.com\/rss\/articles\/CBMiiAFBVV95cUxNNkZaZFpnanhaNm9qN0xnR3JlTEJVZEVfOUF4M0Zzc1B1UUdtWjhaZWxaYlI5c1dXenBHYjdad014WnVYNE0yZWJSbzk5TklxM1BKMTFoUFUybmptdEstZFhqcVlwSHNrY3pOR25tOE9hVWlJQWY5bk5YOHJVOEVxZDdQck9wZ0xY?oc=5\" target=\"_blank\" rel=\"nofollow noopener\">Politisk enighet om Oslos skolebehovsplan \u2013 Stor-Oslo<\/a>&nbsp;&nbsp;NRK<\/li>\n<li><a href=\"https:\/\/news.google.com\/rss\/articles\/CBMigAFBVV95cUxOc2RTZGktSG5lU1BsTUJuMjd2QzFzanh1dUQtWWRVVkVaMzA4TVhyRmt4X2J5Y1hJZ1JtRGEyNEsxdmIwamJfak9McHc0RXNrOFJIVEFkVVFxcXYzcFVPUDBJZkFJMnk4SHMzdFB1Z1JtZGZiOFR0aEx1cFdscUJyZQ?oc=5\" target=\"_blank\" rel=\"nofollow noopener\">Skole og utdanning, Skolebehovsplanen | Frp har bestemt seg om skolenes skjebne<\/a>&nbsp;&nbsp;Nordstrands Blad<\/li>\n<\/ol>\n","protected":false},"excerpt":{"rendered":"Skolebehovsplan, Politikk | Spente foreldre str\u00f8mmer inn: Slik blir din n\u00e6rskoles skjebne&nbsp;&nbsp;Avisa Oslo n\u00e5: Slik blir Oslos nye&hellip;\n","protected":false},"author":2,"featured_media":102278,"comment_status":"","ping_status":"","sticky":false,"template":"","format":"standard","meta":{"footnotes":""},"categories":[10],"tags":[20,21,24,25,15,22,23,13,30,28,29,14,16,26,27],"class_list":{"0":"post-102277","1":"post","2":"type-post","3":"status-publish","4":"format-standard","5":"has-post-thumbnail","7":"category-norge","8":"tag-breaking-news","9":"tag-breakingnews","10":"tag-featured-news","11":"tag-featurednews","12":"tag-headlines","13":"tag-latest-news","14":"tag-latestnews","15":"tag-news","16":"tag-no","17":"tag-norge","18":"tag-norway","19":"tag-nyheter","20":"tag-overskrifter","21":"tag-top-stories","22":"tag-topstories"},"share_on_mastodon":{"url":"https:\/\/pubeurope.com\/@no\/115650315077553587","error":""},"_links":{"self":[{"href":"https:\/\/www.europesays.com\/no\/wp-json\/wp\/v2\/posts\/102277","targetHints":{"allow":["GET"]}}],"collection":[{"href":"https:\/\/www.europesays.com\/no\/wp-json\/wp\/v2\/posts"}],"about":[{"href":"https:\/\/www.europesays.com\/no\/wp-json\/wp\/v2\/types\/post"}],"author":[{"embeddable":true,"href":"https:\/\/www.europesays.com\/no\/wp-json\/wp\/v2\/users\/2"}],"replies":[{"embeddable":true,"href":"https:\/\/www.europesays.com\/no\/wp-json\/wp\/v2\/comments?post=102277"}],"version-history":[{"count":0,"href":"https:\/\/www.europesays.com\/no\/wp-json\/wp\/v2\/posts\/102277\/revisions"}],"wp:featuredmedia":[{"embeddable":true,"href":"https:\/\/www.europesays.com\/no\/wp-json\/wp\/v2\/media\/102278"}],"wp:attachment":[{"href":"https:\/\/www.europesays.com\/no\/wp-json\/wp\/v2\/media?parent=102277"}],"wp:term":[{"taxonomy":"category","embeddable":true,"href":"https:\/\/www.europesays.com\/no\/wp-json\/wp\/v2\/categories?post=102277"},{"taxonomy":"post_tag","embeddable":true,"href":"https:\/\/www.europesays.com\/no\/wp-json\/wp\/v2\/tags?post=102277"}],"curies":[{"name":"wp","href":"https:\/\/api.w.org\/{rel}","templated":true}]}}