{"id":102282,"date":"2025-12-02T14:04:12","date_gmt":"2025-12-02T14:04:12","guid":{"rendered":"https:\/\/www.europesays.com\/no\/102282\/"},"modified":"2025-12-02T14:04:12","modified_gmt":"2025-12-02T14:04:12","slug":"glimt-kultur-ser-du-hvem-dette-er-na-er-han-glimts-storste-stjerne-bodo-nu","status":"publish","type":"post","link":"https:\/\/www.europesays.com\/no\/102282\/","title":{"rendered":"Glimt, Kultur | Ser du hvem dette er? N\u00e5 er han Glimts st\u00f8rste stjerne &#8211; Bod\u00f8 Nu"},"content":{"rendered":"<ol>\n<li><a href=\"https:\/\/news.google.com\/rss\/articles\/CBMilAFBVV95cUxNOTRIMXhHS0pwQ19RS2FReHVNV1Vhc0hCQUJLazVqWTVmNzRVVnNWWWRKVGpyVnYtZTFUeThoaEExZVk3SnZSXzNYMWlZYXladTJfRXJHTGk2c0RNTGJzNDJ2VURreTNISVBta2UxZjk1ejdtUXdYandzN05SXzZCd0JuNnpwQWp0WVF6LXJILUdKOUJ2?oc=5\" target=\"_blank\" rel=\"nofollow noopener\">Glimt, Kultur | Ser du hvem dette er? N\u00e5 er han Glimts st\u00f8rste stjerne<\/a>&nbsp;&nbsp;Bod\u00f8 Nu<\/li>\n<li><a href=\"https:\/\/news.google.com\/rss\/articles\/CBMiogFBVV95cUxObTAwSDZ3dW5PSDVuaTQ0cG5qZHhfMDM2TkhZbTMySlExUHZUcHd2QTJncUt6dFlMZHdMU2RTRkJZTjZoeF9VbVQ1alg4LXo0enNtdFBsZ2VZUlR5bWl3LTI5QjBZOXZsdkhZMmhHQTJTZTJnMmJQZy14RUE0RGZiV1U2Vjg3YUZpRE9vbE44eFdKeVM5OHc4bWFHQVhPTDF0X1E?oc=5\" target=\"_blank\" rel=\"nofollow noopener\">Fotball, \u00d8konomi | Benn fra Vestv\u00e5g\u00f8y investerer 15 millioner kroner i losje<\/a>&nbsp;&nbsp;Lofot-Tidende<\/li>\n<li><a href=\"https:\/\/news.google.com\/rss\/articles\/CBMiX0FVX3lxTFBNUnJ0WmNBMmRvSWdhRFRhdVc0bmRybVA2eUd0MEFvcnVfcUU2QkNzZHpKZl9QbktfaEtuczRWS3J1UFZMTnIwSW9idXotSjZwUmRrNE1ZOFlaTkJGaWRr?oc=5\" target=\"_blank\" rel=\"nofollow noopener\">Gir seg i Glimt<\/a>&nbsp;&nbsp;Helgelands Blad<\/li>\n<li><a href=\"https:\/\/news.google.com\/rss\/articles\/CBMigwFBVV95cUxNaERMS2VDU0NzbmU1d1JfVHRFYkJOTkZrdlJVb0Ryam04TjlSc1Jla0lvNnZfYzRkWGFqV05LUlVCT1RPNlYwcE9GVTVuYWJBa1Z4aVJyOXBOc0lwU3lFNTU3dl9obS10MnkxeXlhdlNXVEwyYzNDaVZVWWxmYXZPSWp0QQ?oc=5\" target=\"_blank\" rel=\"nofollow noopener\">Beholdt plassen i Toppserien: \u2013 En berg- og dalbane<\/a>&nbsp;&nbsp;Bod\u00f8\/Glimt<\/li>\n<li><a href=\"https:\/\/news.google.com\/rss\/articles\/CBMipwFBVV95cUxNdVVoUFpNSXo3d1FVbEYyU1YzMHNDZmxadExCckpHeVphazRnZ2RZTmx0VnA0dnU2VWlNX3Z1UF93YmM0dlBqX2oydXk5YzBuemVrZ1ZjVGFNOXg3bXhyOW5PMzZZZGlJaVRxd19YZXpFeGNPbGRSVnFuLWpJZ1ZjLUVJYXAzVUgtNFBScFNrOUZtUVhkazQyLU5fZlR0eTN0ZHFDQnpZZw?oc=5\" target=\"_blank\" rel=\"nofollow noopener\">Glimt, Sport | \u00c6rlig Brede (33) snakker ut om framtiden: \u2013 \u00c5ret har v\u00e6rt veldig frustrerende<\/a>&nbsp;&nbsp;Avisa Nordland<\/li>\n<\/ol>\n","protected":false},"excerpt":{"rendered":"Glimt, Kultur | Ser du hvem dette er? N\u00e5 er han Glimts st\u00f8rste stjerne&nbsp;&nbsp;Bod\u00f8 Nu Fotball, \u00d8konomi |&hellip;\n","protected":false},"author":2,"featured_media":102283,"comment_status":"","ping_status":"","sticky":false,"template":"","format":"standard","meta":{"footnotes":""},"categories":[59],"tags":[30,28,29,83,82],"class_list":{"0":"post-102282","1":"post","2":"type-post","3":"status-publish","4":"format-standard","5":"has-post-thumbnail","7":"category-sport","8":"tag-no","9":"tag-norge","10":"tag-norway","11":"tag-sport","12":"tag-sports"},"share_on_mastodon":{"url":"https:\/\/pubeurope.com\/@no\/115650354445433365","error":""},"_links":{"self":[{"href":"https:\/\/www.europesays.com\/no\/wp-json\/wp\/v2\/posts\/102282","targetHints":{"allow":["GET"]}}],"collection":[{"href":"https:\/\/www.europesays.com\/no\/wp-json\/wp\/v2\/posts"}],"about":[{"href":"https:\/\/www.europesays.com\/no\/wp-json\/wp\/v2\/types\/post"}],"author":[{"embeddable":true,"href":"https:\/\/www.europesays.com\/no\/wp-json\/wp\/v2\/users\/2"}],"replies":[{"embeddable":true,"href":"https:\/\/www.europesays.com\/no\/wp-json\/wp\/v2\/comments?post=102282"}],"version-history":[{"count":0,"href":"https:\/\/www.europesays.com\/no\/wp-json\/wp\/v2\/posts\/102282\/revisions"}],"wp:featuredmedia":[{"embeddable":true,"href":"https:\/\/www.europesays.com\/no\/wp-json\/wp\/v2\/media\/102283"}],"wp:attachment":[{"href":"https:\/\/www.europesays.com\/no\/wp-json\/wp\/v2\/media?parent=102282"}],"wp:term":[{"taxonomy":"category","embeddable":true,"href":"https:\/\/www.europesays.com\/no\/wp-json\/wp\/v2\/categories?post=102282"},{"taxonomy":"post_tag","embeddable":true,"href":"https:\/\/www.europesays.com\/no\/wp-json\/wp\/v2\/tags?post=102282"}],"curies":[{"name":"wp","href":"https:\/\/api.w.org\/{rel}","templated":true}]}}