{"id":102286,"date":"2025-12-02T14:14:09","date_gmt":"2025-12-02T14:14:09","guid":{"rendered":"https:\/\/www.europesays.com\/no\/102286\/"},"modified":"2025-12-02T14:14:09","modified_gmt":"2025-12-02T14:14:09","slug":"tre-nye-the-witcher-spill-pa-seks-ar","status":"publish","type":"post","link":"https:\/\/www.europesays.com\/no\/102286\/","title":{"rendered":"Tre nye The Witcher-spill p\u00e5 seks \u00e5r"},"content":{"rendered":"<p>Ti \u00e5r har g\u00e5tt siden lanseringen av det forrige The Witcher-spillet. I l\u00f8pet av de neste ti \u00e5rene kan vi f\u00e5 ytterligere tre innslag i den kritikerroste serien. Det er i hvert fall planen til CD Projekt RED.<\/p>\n<p>I forbindelse med presentasjon av selskapets nyeste kvartalsrapport, delte toppsjef <strong>Micha\u0142 Nowakowski<\/strong> kort om utsiktene for seriens neste trilogi. Den begynner med The Witcher IV, og m\u00e5let er \u00e5 slippe de to etterf\u00f8lgerne innen seks \u00e5r etter.<\/p>\n<p>\u2013 V\u00e5r plan er fortsatt \u00e5 lansere hele trilogien i l\u00f8pet av en seks\u00e5rsperiode. S\u00e5 ja, det betyr at vi m\u00e5 planlegge en kortere utviklingstid mellom The Witcher 4 og The Witcher 5, mellom The Witcher 5 og The Witcher 6 og s\u00e5 videre, sa Nowakowski <a role=\"link\" href=\"https:\/\/www.cdprojekt.com\/en\/wp-content\/uploads-en\/2025\/11\/transcript-q3-2025-earnings-3.pdf\" rel=\"nofollow noopener\" target=\"_blank\">i en sp\u00f8rrerunde<\/a>.<\/p>\n<p>        <a href=\"https:\/\/i.bo3.no\/image\/387902\/Wallpapers_for_Polaris_83840x2160_EN.jpg?c=0&amp;h=1080&amp;w=1920\" rel=\"nofollow noopener\" target=\"_blank\"><\/p>\n<p>        <img decoding=\"async\" onload=\"this.style = null\" src=\"https:\/\/www.europesays.com\/no\/wp-content\/uploads\/2025\/12\/Wallpapers_for_Polaris_83840x2160_EN.jpg\" style=\"background-image: url('data:image\/jpeg;base64,\/9j\/4QC8RXhpZgAASUkqAAgAAAAGABIBAwABAAAAAQAAABoBBQABAAAAVgAAABsBBQABAAAAXgAAACgBAwABAAAAAgAAABMCAwABAAAAAQAAAGmHBAABAAAAZgAAAAAAAABIAAAAAQAAAEgAAAABAAAABgAAkAcABAAAADAyMTABkQcABAAAAAECAwAAoAcABAAAADAxMDABoAMAAQAAAP\/\/AAACoAQAAQAAACQAAAADoAQAAQAAABQAAAAAAAAA\/9sAQwAIBgYHBgUIBwcHCQkICgwUDQwLCwwZEhMPFB0aHx4dGhwcICQuJyAiLCMcHCg3KSwwMTQ0NB8nOT04MjwuMzQy\/9sAQwEJCQkMCwwYDQ0YMiEcITIyMjIyMjIyMjIyMjIyMjIyMjIyMjIyMjIyMjIyMjIyMjIyMjIyMjIyMjIyMjIyMjIy\/8AAEQgAFAAkAwEiAAIRAQMRAf\/EAB8AAAEFAQEBAQEBAAAAAAAAAAABAgMEBQYHCAkKC\/\/EALUQAAIBAwMCBAMFBQQEAAABfQECAwAEEQUSITFBBhNRYQcicRQygZGhCCNCscEVUtHwJDNicoIJChYXGBkaJSYnKCkqNDU2Nzg5OkNERUZHSElKU1RVVldYWVpjZGVmZ2hpanN0dXZ3eHl6g4SFhoeIiYqSk5SVlpeYmZqio6Slpqeoqaqys7S1tre4ubrCw8TFxsfIycrS09TV1tfY2drh4uPk5ebn6Onq8fLz9PX29\/j5+v\/EAB8BAAMBAQEBAQEBAQEAAAAAAAABAgMEBQYHCAkKC\/\/EALURAAIBAgQEAwQHBQQEAAECdwABAgMRBAUhMQYSQVEHYXETIjKBCBRCkaGxwQkjM1LwFWJy0QoWJDThJfEXGBkaJicoKSo1Njc4OTpDREVGR0hJSlNUVVZXWFlaY2RlZmdoaWpzdHV2d3h5eoKDhIWGh4iJipKTlJWWl5iZmqKjpKWmp6ipqrKztLW2t7i5usLDxMXGx8jJytLT1NXW19jZ2uLj5OXm5+jp6vLz9PX29\/j5+v\/aAAwDAQACEQMRAD8A8eW9JUAcYpSyzyAyHiqiJv6U4ROxxigQPHGZyEPy1aa5WOIRg5xRDaMqtuXr0NV5YSiEsaYhy38qDAbiiqeU9aKLIZIjEDirMUjdc0UUCZYa4kK\/eqjcyMycmiigEU6KKKYz\/9k=');background-size:cover;background-position:50% 50%;\" class=\"image-container__image \" width=\"999\" height=\"562\" loading=\"lazy\" fetchpriority=\"auto\" \/><\/p>\n<p>        <\/a><\/p>\n<p>                                    The Witcher IV kommer tidligst i 2027. Deretter skal de neste to spillene i trilogien slippes innen seks \u00e5r.<\/p>\n<p>                        CD Projekt\n                    <\/p>\n<p>Akkurat n\u00e5r den seks\u00e5rsperioden faller er riktignok fortsatt uvisst. CD Projekt har tidligere sagt at The Witcher IV kommer <a role=\"link\" href=\"https:\/\/www.gamer.no\/artikler\/the-witcher-iv-kommer-tidligst-i-2027\/518503\" rel=\"nofollow noopener\" target=\"_blank\">tidligst i 2027<\/a>, og Nowakowski var ikke interessert i \u00e5 snevre inn det vinduet.<\/p>\n<p>\u2013 Vi deler ingen detaljer om en planlagt slippdato, s\u00e5 det er ikke noe bestemt punkt jeg refererer til n\u00e5r jeg svarer p\u00e5 et s\u00e5nt sp\u00f8rsm\u00e5l. Det eneste vi har sagt er at vi ikke lanserer i 2026, sa CD Projekt-toppen.<\/p>\n<p>Innimellom alt sammen planlegger selskapet ogs\u00e5 \u00e5 lage Cyberpunk 2 og gi ut en nyversjon av det f\u00f8rste The Witcher-spillet. Sistnevnte utvikles riktignok av Fool&#8217;s Theory \u2013 en gjeng The Witcher-veteraner som lagde actionspillet The Thaumaturge i fjor.<\/p>\n<p><strong>LES OGS\u00c5: <a role=\"link\" href=\"https:\/\/www.gamer.no\/artikler\/ikke-forvent-a-se-witcher-iv-pa-the-game-awards\/519617\" rel=\"nofollow noopener\" target=\"_blank\">Ingen Witcher 4-nyheter p\u00e5 The Game Awards \u00bb<\/a><\/strong><\/p>\n","protected":false},"excerpt":{"rendered":"Ti \u00e5r har g\u00e5tt siden lanseringen av det forrige The Witcher-spillet. I l\u00f8pet av de neste ti \u00e5rene&hellip;\n","protected":false},"author":2,"featured_media":102287,"comment_status":"","ping_status":"","sticky":false,"template":"","format":"standard","meta":{"footnotes":""},"categories":[57],"tags":[30,28,29,65,63,64,66,70,69,67,68],"class_list":{"0":"post-102286","1":"post","2":"type-post","3":"status-publish","4":"format-standard","5":"has-post-thumbnail","7":"category-vitenskap-og-teknologi","8":"tag-no","9":"tag-norge","10":"tag-norway","11":"tag-science","12":"tag-science-and-technology","13":"tag-scienceandtechnology","14":"tag-technology","15":"tag-teknologi","16":"tag-vitenskap","17":"tag-vitenskap-og-teknologi","18":"tag-vitenskapteknologi"},"share_on_mastodon":{"url":"https:\/\/pubeurope.com\/@no\/115650393935305364","error":""},"_links":{"self":[{"href":"https:\/\/www.europesays.com\/no\/wp-json\/wp\/v2\/posts\/102286","targetHints":{"allow":["GET"]}}],"collection":[{"href":"https:\/\/www.europesays.com\/no\/wp-json\/wp\/v2\/posts"}],"about":[{"href":"https:\/\/www.europesays.com\/no\/wp-json\/wp\/v2\/types\/post"}],"author":[{"embeddable":true,"href":"https:\/\/www.europesays.com\/no\/wp-json\/wp\/v2\/users\/2"}],"replies":[{"embeddable":true,"href":"https:\/\/www.europesays.com\/no\/wp-json\/wp\/v2\/comments?post=102286"}],"version-history":[{"count":0,"href":"https:\/\/www.europesays.com\/no\/wp-json\/wp\/v2\/posts\/102286\/revisions"}],"wp:featuredmedia":[{"embeddable":true,"href":"https:\/\/www.europesays.com\/no\/wp-json\/wp\/v2\/media\/102287"}],"wp:attachment":[{"href":"https:\/\/www.europesays.com\/no\/wp-json\/wp\/v2\/media?parent=102286"}],"wp:term":[{"taxonomy":"category","embeddable":true,"href":"https:\/\/www.europesays.com\/no\/wp-json\/wp\/v2\/categories?post=102286"},{"taxonomy":"post_tag","embeddable":true,"href":"https:\/\/www.europesays.com\/no\/wp-json\/wp\/v2\/tags?post=102286"}],"curies":[{"name":"wp","href":"https:\/\/api.w.org\/{rel}","templated":true}]}}