{"id":102288,"date":"2025-12-02T14:17:13","date_gmt":"2025-12-02T14:17:13","guid":{"rendered":"https:\/\/www.europesays.com\/no\/102288\/"},"modified":"2025-12-02T14:17:13","modified_gmt":"2025-12-02T14:17:13","slug":"det-er-var-plikt-som-ansvarlige-politikere-a-opplyse-om-norges-paradoks","status":"publish","type":"post","link":"https:\/\/www.europesays.com\/no\/102288\/","title":{"rendered":"Det er v\u00e5r plikt som ansvarlige politikere \u00e5 opplyse om Norges paradoks"},"content":{"rendered":"<p class=\"kicker t14 tm14 font-NotoSans\" style=\"\">KRONIKK<\/p>\n<p>    \u00d8konomisk politikk og utenriks- og sikkerhetspolitikk henger stadig tettere sammen. Handelen mellom land og selskaper er blitt mer kompleks. Derfor er det viktig med en grundig gjennomgang av pensjonsfondets etiske rammeverk, slik at dette er oppdatert for en ny tid.<\/p>\n<p>\n        Jens Stoltenberg har \u00e5pnet for at oljefondet b\u00f8r investere i v\u00e5penprodusenter som lager komponenter til atomv\u00e5pen. Det har skapt stor debatt i Altingets spalter. N\u00e5 svarer statssekret\u00e6r Sissel Kruse Larsen (Ap).<br \/>\n        Cornelius Poppe \/ NTB\n    <\/p>\n<p class=\"italic m-italic\" data-lab-italic=\"italic\"><a href=\"https:\/\/www.altinget.no\/artikkel\/det-er-vaar-plikt-som-ansvarlige-politikere-aa-opplyse-om-norges-paradoks\" target=\"_blank\" rel=\"nofollow noopener\">Dette debattinnlegget<\/a>\u00a0ble f\u00f8rst publisert p\u00e5\u00a0<a href=\"https:\/\/www.altinget.no\/\" target=\"_blank\" rel=\"nofollow noopener\">Altinget<\/a>, som ABC Nyheter har et samarbeid med.\u00a0<\/p>\n<p>I Altinget den 25. november viser jeg til at finansminister Jens Stoltenberg har pekt p\u00e5 det som kan fremst\u00e5 som et paradoks n\u00e5r det kommer til \u00e5 tilf\u00f8re v\u00e5penselskaper penger. Norge kan i dag kj\u00f8pe v\u00e5pensystemer fra et selskap som produserer v\u00e5pen vi i Norge trenger for v\u00e5r egen sikkerhet. Med dagens retningslinjer anses dette som etisk forsvarlig.<\/p>\n<p>Norge kan i dag derimot ikke investere gjennom v\u00e5rt pensjonsfond i det samme selskapet fordi det, i tillegg til \u00e5 produsere v\u00e5pen Norge trenger, ogs\u00e5 produserer komponenter til atomv\u00e5pen. Med dagens retningslinjer anses dette som etisk uforsvarlig. P\u00e5 tross av at Norge hvert \u00e5r slutter oss til Natos atomv\u00e5penpolitikk og at alliansens kjernefysiske avskrekking er avgj\u00f8rende for v\u00e5r sikkerhet.<\/p>\n<p>                <img decoding=\"async\" src=\"https:\/\/www.europesays.com\/no\/wp-content\/uploads\/2025\/12\/1226911.webp\" width=\"380\" height=\"114\" title=\"\" alt=\"\" loading=\"lazy\" style=\"\"\/><\/p>\n<p>Dette er Altinget<\/p>\n<p class=\"op-bg_40 color_mobile_op-bg_40 font-NotoSerif\" data-lab-fontface=\"NotoSerif\"> <a href=\"http:\/\/www.altinget.no\/\" target=\"_blank\" rel=\"nofollow noopener\">Altinget.no<\/a> er Norges f\u00f8rste rendyrkede politiske nettavis. Med 28 nisjemedier i Danmark og 11 i Sverige er Altinget allerede et etablert mediehus i Norden. M\u00e5let er \u00e5 \u00f8ke forst\u00e5elsen for nasjonal og europeisk politikk gjennom nisjejournalistikk av h\u00f8y kvalitet \u2013 med et n\u00f8ytralt utgangspunkt.<\/p>\n<p>Det er v\u00e5r plikt som ansvarlige politikere \u00e5 gj\u00f8re Stortinget oppmerksomme p\u00e5 slike paradokser. Vi er alle er tjent med at sp\u00f8rsm\u00e5let reises, og at vi diskuterer eventuelle dilemmaer grundig f\u00f8r vi konkluderer.\u00a0<\/p>\n<p>Ny sikkerhetspolitisk virkelighet<\/p>\n<p>Det et bredt flertall p\u00e5 Stortinget allerede har konkludert med, er at retningslinjene for pensjonsfondets investeringer m\u00e5 vurderes i lys av en ny sikkerhetspolitisk virkelighet.\u00a0<\/p>\n<p>Regjeringen har satt ned et utvalg som skal vurdere utformingen av det etiske rammeverket og andre deler av den ansvarlige forvaltningen av pensjonsfondet.\u00a0<\/p>\n<p>Om fondet skal kunne investere i selskaper som produserer kjernev\u00e5pen, er en av problemstillingene utvalget skal tenke grundig gjennom f\u00f8r det legger frem sin rapport h\u00f8sten 2026.<\/p>\n<p>Grunnlaget for dette er v\u00e5rt felles ansvar for \u00e5 beskytte fondet p\u00e5 vegne av n\u00e5v\u00e6rende og fremtidige generasjoner. Jeg er trygg p\u00e5 at dette m\u00e5let, som ogs\u00e5 handler om etikk, er mulig \u00e5 oppn\u00e5 i \u00e5rene som kommer \u2013 samtidig som vi forvalter fondet innenfor etiske, ansvarlige rammer.\u00a0<\/p>\n<p class=\"quote\">Det et bredt flertall p\u00e5 Stortinget allerede har konkludert med, er at retningslinjene for pensjonsfondets investeringer m\u00e5 vurderes i lys av en ny sikkerhetspolitisk virkelighet.\u00a0<\/p>\n<p>&#8212;<\/p>\n<p>Les de tidligere innleggene i debatten om oljefondets investeringer:<\/p>\n<p class=\"italic m-italic\" data-lab-italic=\"italic\"><a href=\"https:\/\/www.abcnyheter.no\/stemmer\" target=\"_blank\" rel=\"nofollow noopener\">Stemmer<\/a>\u00a0er ABC Nyheters debattseksjon. Dette er meningsytringer, og innholdet st\u00e5r for skribentens regning. \u00d8nsker du \u00e5 bidra? Send kronikk eller debattinnlegg til\u00a0<a href=\"https:\/\/www.abcnyheter.no\/stemmer\/det-er-var-plikt-som-ansvarlige-politikere-a-opplyse-om-norges-paradoks\/mailto:stemmer@abcnyheter.no\" target=\"_blank\" rel=\"nofollow noopener\">stemmer@abcnyheter.no<\/a>. <\/p>\n","protected":false},"excerpt":{"rendered":"KRONIKK \u00d8konomisk politikk og utenriks- og sikkerhetspolitikk henger stadig tettere sammen. Handelen mellom land og selskaper er blitt&hellip;\n","protected":false},"author":2,"featured_media":102289,"comment_status":"","ping_status":"","sticky":false,"template":"","format":"standard","meta":{"footnotes":""},"categories":[10],"tags":[20,21,24,25,15,22,23,13,30,28,29,14,16,26,27],"class_list":{"0":"post-102288","1":"post","2":"type-post","3":"status-publish","4":"format-standard","5":"has-post-thumbnail","7":"category-norge","8":"tag-breaking-news","9":"tag-breakingnews","10":"tag-featured-news","11":"tag-featurednews","12":"tag-headlines","13":"tag-latest-news","14":"tag-latestnews","15":"tag-news","16":"tag-no","17":"tag-norge","18":"tag-norway","19":"tag-nyheter","20":"tag-overskrifter","21":"tag-top-stories","22":"tag-topstories"},"share_on_mastodon":{"url":"https:\/\/pubeurope.com\/@no\/115650405664995623","error":""},"_links":{"self":[{"href":"https:\/\/www.europesays.com\/no\/wp-json\/wp\/v2\/posts\/102288","targetHints":{"allow":["GET"]}}],"collection":[{"href":"https:\/\/www.europesays.com\/no\/wp-json\/wp\/v2\/posts"}],"about":[{"href":"https:\/\/www.europesays.com\/no\/wp-json\/wp\/v2\/types\/post"}],"author":[{"embeddable":true,"href":"https:\/\/www.europesays.com\/no\/wp-json\/wp\/v2\/users\/2"}],"replies":[{"embeddable":true,"href":"https:\/\/www.europesays.com\/no\/wp-json\/wp\/v2\/comments?post=102288"}],"version-history":[{"count":0,"href":"https:\/\/www.europesays.com\/no\/wp-json\/wp\/v2\/posts\/102288\/revisions"}],"wp:featuredmedia":[{"embeddable":true,"href":"https:\/\/www.europesays.com\/no\/wp-json\/wp\/v2\/media\/102289"}],"wp:attachment":[{"href":"https:\/\/www.europesays.com\/no\/wp-json\/wp\/v2\/media?parent=102288"}],"wp:term":[{"taxonomy":"category","embeddable":true,"href":"https:\/\/www.europesays.com\/no\/wp-json\/wp\/v2\/categories?post=102288"},{"taxonomy":"post_tag","embeddable":true,"href":"https:\/\/www.europesays.com\/no\/wp-json\/wp\/v2\/tags?post=102288"}],"curies":[{"name":"wp","href":"https:\/\/api.w.org\/{rel}","templated":true}]}}