{"id":102290,"date":"2025-12-02T14:35:17","date_gmt":"2025-12-02T14:35:17","guid":{"rendered":"https:\/\/www.europesays.com\/no\/102290\/"},"modified":"2025-12-02T14:35:17","modified_gmt":"2025-12-02T14:35:17","slug":"russland-vant-fram-i-cas-utovere-far-delta-i-fis-idrettene-som-noytrale","status":"publish","type":"post","link":"https:\/\/www.europesays.com\/no\/102290\/","title":{"rendered":"Russland vant fram i CAS \u2013 ut\u00f8vere f\u00e5r delta i FIS-idrettene som n\u00f8ytrale"},"content":{"rendered":"\n<p class=\"_lead_o9xde_2 _lead_xtcu6_50 layout-component text-serif-m layout-normal text-serif-l layout-component layout-wide layout-padded _wide_17hqh_1 layout-padded\">Idrettens voldgiftsrett har konkludert med at 12 russiske og fem belarusiske ut\u00f8vere skal f\u00e5 delta i vinter-OL og Paralympics i Italia som n\u00f8ytrale. <\/p>\n<p> <img class=\"_image_qp4xg_65 layout-component layout-wide\" data-fullscreen- data-track-element-type=\"Article image fullscreen\" data-track-name=\"ImageFullscreen\" fetchpriority=\"high\" decoding=\"sync\" loading=\"eager\" height=\"102\" itemprop=\"image\"  src=\"https:\/\/www.europesays.com\/no\/wp-content\/uploads\/2025\/12\/110bd96790c50138e103c1d29d8f01cf.jpg\"  style=\"object-position:50% 50%;aspect-ratio:1.75;height:auto;object-fit:cover;width:100%\" width=\"102\"\/>   Oppdatert tirsdag 2. desember kl. 14:45    <\/p>\n<ul class=\"_list_o9xde_3 _list_64s2r_85 _unordered_o9xde_106 text-sans-m\">\n<li class=\"_item_o9xde_30\">17 russiske og belarusiske ut\u00f8vere f\u00e5r delta i vinter-OL og Paralympics som n\u00f8ytrale.<\/li>\n<li class=\"_item_o9xde_30\">Idrettens voldgiftsrett i Lausanne ga delvis medhold til Russlands anke.<\/li>\n<li class=\"_item_o9xde_30\">NRKs Jan Petter Saltvedt er skuffet, men ikke sjokkert over avgj\u00f8relsen.<\/li>\n<li class=\"_item_o9xde_30\">Store stjerner som Aleksandr Bolsjunov kvalifiserer seg trolig ikke p\u00e5 grunn av krav om n\u00f8ytralitet.<\/li>\n<\/ul>\n<p>Vis mer <\/p>\n<p class=\"_paragraph_o9xde_4 _paragraph_xtcu6_10 layout-component text-serif-m layout-normal text-serif-m layout-padded\">Idrettsdomstolen i Lausanne holdt en h\u00f8ring i saken mandag. N\u00e5 er konklusjonen klar: <\/p>\n<p class=\"_paragraph_o9xde_4 _paragraph_xtcu6_10 layout-component text-serif-m layout-normal text-serif-m layout-padded\"><strong class=\"_strong_o9xde_25\">Russiske ut\u00f8vere f\u00e5r delta i FIS-konkurranser og dermed kvalifisere seg til OL. <\/strong><\/p>\n<p class=\"_paragraph_o9xde_4 _paragraph_xtcu6_10 layout-component text-serif-m layout-normal text-serif-m layout-padded\">Til helgen venter verdenscuprenn i Trondheim \u2013 der kan russiske skil\u00f8pere potensielt delta. Russlands langrennstrener Egor Sorin reagerer slik da VG sp\u00f8r om de kommer til \u00e5 sende ut\u00f8vere dit:<\/p>\n<p class=\"_paragraph_o9xde_4 _paragraph_xtcu6_10 layout-component text-serif-m layout-normal text-serif-m layout-padded\"><strong class=\"_strong_o9xde_25\">\u2013 Vi kommer dit med helikopter p\u00e5 fredag, skriver han p\u00e5 SMS f\u00f8r han presiserer at det var en sp\u00f8k og:<\/strong><\/p>\n<p class=\"_paragraph_o9xde_4 _paragraph_xtcu6_10 layout-component text-serif-m layout-normal text-serif-m layout-padded\">\u2013 Russere kan ikke komme til Norge p\u00e5 grunn av reglene p\u00e5 grensen. De burde ha egne regler for n\u00f8ytrale ut\u00f8vere fra FIS, sier Sorin.<\/p>\n<p><img decoding=\"async\" alt=\"Bilde av Egor Sorin\" class=\"_image_ygndg_42\" height=\"27\" itemprop=\"image\" loading=\"lazy\"  src=\"https:\/\/www.europesays.com\/no\/wp-content\/uploads\/2025\/12\/f59e2a78-7f7e-4558-9c0d-f0b23cc79851\"  width=\"40\"\/><strong class=\"_name_ygndg_51 title-serif-xs\">Egor Sorin<\/strong><\/p>\n<p class=\"_paragraph_o9xde_4 text-sans-m _description_ygndg_56\">Russlands langrennstrener<\/p>\n<p class=\"_paragraph_o9xde_4 _paragraph_xtcu6_10 layout-component text-serif-m layout-normal text-serif-m layout-padded\">Skipresident Tove Moe Dyrhaug reagerer slik p\u00e5 nyheten: <\/p>\n<p class=\"_paragraph_o9xde_4 _paragraph_xtcu6_10 layout-component text-serif-m layout-normal text-serif-m layout-padded\">\u2013 Vi er ikke overrasket over beslutningen i CAS, men er naturligvis skuffet over at dette ble konklusjonen. Norges syn i denne saken st\u00e5r fast, men sammen med de andre medlemsnasjonene i FIS m\u00e5 vi naturligvis forholde oss til dette, sier hun i en uttalelse.<\/p>\n<p><img decoding=\"async\" alt=\"Bilde av Tove Moe Dyrhaug\" class=\"_image_ygndg_42\" height=\"27\" itemprop=\"image\" loading=\"lazy\"  src=\"https:\/\/www.europesays.com\/no\/wp-content\/uploads\/2025\/12\/7af705f2-5f68-4111-8ab1-aad4c442f636\"  width=\"40\"\/><strong class=\"_name_ygndg_51 title-serif-xs\">Tove Moe Dyrhaug<\/strong><\/p>\n<p class=\"_paragraph_o9xde_4 text-sans-m _description_ygndg_56\">Skipresident<\/p>\n<p class=\"_paragraph_o9xde_4 _paragraph_xtcu6_10 layout-component text-serif-m layout-normal text-serif-m layout-padded\">\u2013 Vi trenger noe tid til \u00e5 finne ut hva som skjer videre. Vedtaket i CAS ber\u00f8rer flere ut\u00f8vere fra ulike grener i FIS, og vi vet forel\u00f8pig ikke hva som er tenkt n\u00e5r det gjelder praktisk gjennomf\u00f8ring med tanke p\u00e5 deltakelse i konkurranser f\u00f8r OL, fortsetter Dyrhaug.<\/p>\n<p>Sp\u00f8rsm\u00e5l og svar om konflikten1) Hva har IOC bestemt?<\/p>\n<p class=\"_paragraph_o9xde_4 _paragraph_xtcu6_10 _paragraph_16v91_10 layout-component text-serif-m layout-normal text-sans-m layout-padded\" itemprop=\"text\">Den internasjonale olympiske komit\u00e9 (IOC) \u00e5pner for at individuelle n\u00f8ytrale ut\u00f8vere (AIN) med russisk eller belarusisk pass kan delta i vinter-OL i Milano\/Cortina 2026 \u2013 under de samme betingelsene som i sommer-OL i Paris 2024.<\/p>\n<p>2) Hva betyr \u00abindividuell n\u00f8ytral ut\u00f8ver\u00bb?<\/p>\n<p class=\"_paragraph_o9xde_4 _paragraph_xtcu6_10 _paragraph_16v91_10 layout-component text-serif-m layout-normal text-sans-m layout-padded\" itemprop=\"text\">Ut\u00f8verne konkurrerer uten nasjonale symboler, flagg eller hymne. De representerer ikke Russland eller Belarus, men deltar under AIN-flagg og en n\u00f8ytral hymne uten tekst. Resultatene deres teller ikke i medaljeoversikten.<\/p>\n<p>3) Hvilke krav m\u00e5 oppfylles?<\/p>\n<p class=\"_paragraph_o9xde_4 _paragraph_xtcu6_10 _paragraph_16v91_10 layout-component text-serif-m layout-normal text-sans-m layout-padded\" itemprop=\"text\">For \u00e5 bli godkjent m\u00e5 ut\u00f8verne:<\/p>\n<p class=\"_paragraph_o9xde_4 _paragraph_xtcu6_10 _paragraph_16v91_10 layout-component text-serif-m layout-normal text-sans-m layout-padded\" itemprop=\"text\">Kvalifisere seg gjennom ordin\u00e6re internasjonale kvalifiseringssystemer<\/p>\n<p class=\"_paragraph_o9xde_4 _paragraph_xtcu6_10 _paragraph_16v91_10 layout-component text-serif-m layout-normal text-sans-m layout-padded\" itemprop=\"text\">Ikke ha st\u00f8ttet krigen mot Ukraina<\/p>\n<p class=\"_paragraph_o9xde_4 _paragraph_xtcu6_10 _paragraph_16v91_10 layout-component text-serif-m layout-normal text-sans-m layout-padded\" itemprop=\"text\">Ikke v\u00e6re tilknyttet milit\u00e6re eller sikkerhetsstyrker<\/p>\n<p class=\"_paragraph_o9xde_4 _paragraph_xtcu6_10 _paragraph_16v91_10 layout-component text-serif-m layout-normal text-sans-m layout-padded\" itemprop=\"text\">Overholde alle\u00a0antidopingregler\u00a0og signere de olympiske deltagelsesvilk\u00e5rene<\/p>\n<p>4) Hvem avgj\u00f8r hvem som f\u00e5r delta?<\/p>\n<p class=\"_paragraph_o9xde_4 _paragraph_xtcu6_10 _paragraph_16v91_10 layout-component text-serif-m layout-normal text-sans-m layout-padded\" itemprop=\"text\">Et eget\u00a0AIN Eligibility Review Panel (AINERP)\u00a0vurderer hver enkelt ut\u00f8ver og st\u00f8ttepersonell. Panelet ledes av IOC-medlem\u00a0<strong class=\"_strong_o9xde_25\">Nicole Hoevertsz<\/strong>, med\u00a0<strong class=\"_strong_o9xde_25\">Pau Gasol<\/strong>\u00a0(ut\u00f8verrepresentant) og\u00a0<strong class=\"_strong_o9xde_25\">Morinari Watanabe<\/strong>\u00a0(representant for internasjonale s\u00e6rforbund). IOC\u2019s Chief Ethics and Compliance Officer fungerer som sekret\u00e6r.<\/p>\n<p>5) Vil lag kunne delta?<\/p>\n<p class=\"_paragraph_o9xde_4 _paragraph_xtcu6_10 _paragraph_16v91_10 layout-component text-serif-m layout-normal text-sans-m layout-padded\" itemprop=\"text\">Nei. Kun individuelle ut\u00f8vere f\u00e5r delta. Lag med russiske eller belarusiske ut\u00f8vere blir ikke vurdert eller invitert. Det vil si at de ikke kan delta i lagkonkurranser eller stafetter.<\/p>\n<p>6) Hvordan blir det under seremoniene?<\/p>\n<p class=\"_paragraph_o9xde_4 _paragraph_xtcu6_10 _paragraph_16v91_10 layout-component text-serif-m layout-normal text-sans-m layout-padded\" itemprop=\"text\">AIN-ut\u00f8vere g\u00e5r ikke i innmarsjen under \u00e5pningsseremonien p\u00e5 San Siro i Milano, men f\u00e5r anledning til \u00e5 oppleve arrangementet. Under seiersseremonier spilles AIN-hymnen og AIN-flagget heises. Deltagelse i avslutningsseremonien skal avgj\u00f8res under lekene.<\/p>\n<p>7) Dette har s\u00e6rforbundene bestemt om russisk deltagelse f\u00f8r OL i Milano\/Cortina 2026:<\/p>\n<ul class=\"_list_o9xde_3 _list_xtcu6_9 _list_16v91_9 _unordered_o9xde_106 layout-component text-serif-m layout-normal text-sans-m layout-padded\" itemprop=\"text\">\n<li class=\"_item_o9xde_30\"><strong class=\"_strong_o9xde_25\">Kunstl\u00f8p \/ Sk\u00f8yter\u00a0(Det internasjonale sk\u00f8yteforbundet\u00a0\u2013 kunstl\u00f8p, hurtigl\u00f8p og kortbane)<br \/><\/strong>ISU \u00e5pner for et\u00a0begrenset antall individuelle n\u00f8ytrale ut\u00f8vere\u00a0i kvalifiseringsarrangementer mot OL 2026, under strenge betingelser. Tidligere var det total utestengelse, men n\u00e5 er det en delvis \u00e5pning.<\/li>\n<li class=\"_item_o9xde_30\"><strong class=\"_strong_o9xde_25\">Ishockey (Det internasjonale ishockeyforbundet)<br \/><\/strong>Full utestengelse av Russland og Belarus gjelder\u00a0minst til 2026-sesongen. De f\u00e5r ikke delta i OL.<\/li>\n<li class=\"_item_o9xde_30\"><strong class=\"_strong_o9xde_25\">Langrenn \/ Hopp \/ Kombinert \/ Alpint \/ Snowboard (FIS)<\/strong><br \/>Ingen russiske\/belarusiske ut\u00f8vere konkurrerer internasjonalt per n\u00e5. Russland vant frem med CAS-anken og dermed vil trolig totalt 17 russere og belarussiske ut\u00f8vere f\u00e5 konkurrere i OL og Paralympics. <\/li>\n<li class=\"_item_o9xde_30\"><strong class=\"_strong_o9xde_25\">Aking (Det internasjonale akeforbundet)<br \/><\/strong>Tidligere i \u00e5r besluttet Det internasjonale akeforbundet (FIL) at russere ikke fikk delta p\u00e5 grunn av sikkerhetsmessige forhold. Dette anket russiske ut\u00f8vere til Russland, og de fikk delvis medhold. CAS bestemte at utestengelsen av det russiske akeforbundet skal opprettholdes, men at forbudet mot deltagelse for russiske ut\u00f8vere som oppfyller kriteriene for n\u00f8ytral status, oppheves<\/li>\n<li class=\"_item_o9xde_30\"><strong class=\"_strong_o9xde_25\">Bob og Skeleton (Det internasjonale bob- og skeletonforbundet)<br \/><\/strong>Ingen russiske deltagere i OL 2026, selv ikke som n\u00f8ytrale.<\/li>\n<li class=\"_item_o9xde_30\"><strong class=\"_strong_o9xde_25\">Skiskyting (Det internasjonale skiskytterforbundet)<\/strong><br \/>Har bekreftet at ingen russiske eller belarusiske ut\u00f8vere f\u00e5r delta i OL 2026,<br \/>heller ikke under n\u00f8ytral status.<\/li>\n<\/ul>\n<p class=\"_paragraph_o9xde_4 _paragraph_xtcu6_10 layout-component text-serif-m layout-normal text-serif-m layout-padded\">NRKs kommentator Jan Petter Saltvedt sier dette: <\/p>\n<p class=\"_paragraph_o9xde_4 _paragraph_xtcu6_10 layout-component text-serif-m layout-normal text-serif-m layout-padded\">\u2013 Jeg er p\u00e5 vegne av skiidretten skuffet over at det vedtaket de har v\u00e6rt s\u00e5 konsekvente p\u00e5, ikke blir akseptert gjennom denne sesongen. Men jeg er ikke sjokkert, sier han til VG.<\/p>\n<p><img decoding=\"async\" alt=\"Bilde av Jan Petter Saltvedt\" class=\"_image_ygndg_42\" height=\"27\" itemprop=\"image\" loading=\"lazy\"  src=\"https:\/\/www.europesays.com\/no\/wp-content\/uploads\/2025\/12\/8d824c6a-ca59-48ff-92bb-fa28fafa217e\"  width=\"40\"\/><strong class=\"_name_ygndg_51 title-serif-xs\">Jan Petter Saltvedt<\/strong><\/p>\n<p class=\"_paragraph_o9xde_4 text-sans-m _description_ygndg_56\">Kommentator, NRK<\/p>\n<p class=\"_paragraph_o9xde_4 _paragraph_xtcu6_10 layout-component text-serif-m layout-normal text-serif-m layout-padded\">Russisk idrett er organisert slik at de fleste ut\u00f8verne er en del av forsvaret og milit\u00e6ret \u2013 som ogs\u00e5 er vanlig praksis i en rekke europeiske land som Italia, Tyskland, Frankrike og \u00d8sterrike. <\/p>\n<p class=\"_paragraph_o9xde_4 _paragraph_xtcu6_10 layout-component text-serif-m layout-normal text-serif-m layout-padded\"><strong class=\"_strong_o9xde_25\">IOC&#8217; krav til russiske ut\u00f8vere er at de\u00a0ikke\u00a0kan v\u00e6re en del av forsvaret for \u00e5 delta i OL som n\u00f8ytrale. Dermed er de aller fleste idrettsstjernene uaktuelle for lekene i Italia. <\/strong><\/p>\n<p class=\"_paragraph_o9xde_4 _paragraph_xtcu6_10 layout-component text-serif-m layout-normal text-serif-m layout-padded\">Den mest kjente skil\u00f8peren, Aleksandr Bolsjunov, ble for eksempel forfremmet som kaptein i nasjonalgarden til Vladimir Putin etter at han ble OL-konge i 2022 rett f\u00f8r Ukraina-krigen startet.<\/p>\n<p class=\"_paragraph_o9xde_4 _paragraph_xtcu6_10 layout-component text-serif-m layout-normal text-serif-m layout-padded\">Slik gikk det for Bolsjunov i helgens skirenn: <\/p>\n<p class=\"_paragraph_o9xde_4 _paragraph_xtcu6_10 layout-component text-serif-m layout-normal text-serif-m layout-padded\">Ankene ble levert p\u00e5 vegne av totalt 17 navngitte ut\u00f8vere. Det er disse som n\u00e5 f\u00e5r muligheten til \u00e5 kvalifisere seg til \u00e5 delta i OL og Paralympics denne vinteren.<\/p>\n<p>De 17 ut\u00f8verne som f\u00e5r delta under n\u00f8ytralt flagg<\/p>\n<p class=\"_paragraph_o9xde_4 _paragraph_xtcu6_10 _paragraph_16v91_10 layout-component text-serif-m layout-normal text-sans-m layout-padded\">Saveliy Korostelev (langrenn)<\/p>\n<p class=\"_paragraph_o9xde_4 _paragraph_xtcu6_10 _paragraph_16v91_10 layout-component text-serif-m layout-normal text-sans-m layout-padded\">Lana Prusakova (freeski)<\/p>\n<p class=\"_paragraph_o9xde_4 _paragraph_xtcu6_10 _paragraph_16v91_10 layout-component text-serif-m layout-normal text-sans-m layout-padded\">Maria Travinitsjeva (snowboard)<\/p>\n<p class=\"_paragraph_o9xde_4 _paragraph_xtcu6_10 _paragraph_16v91_10 layout-component text-serif-m layout-normal text-sans-m layout-padded\">Artem Galunin (kombinert)<\/p>\n<p class=\"_paragraph_o9xde_4 _paragraph_xtcu6_10 _paragraph_16v91_10 layout-component text-serif-m layout-normal text-sans-m layout-padded\">Ekaterina Tkatsjenko (alpint)<\/p>\n<p class=\"_paragraph_o9xde_4 _paragraph_xtcu6_10 _paragraph_16v91_10 layout-component text-serif-m layout-normal text-sans-m layout-padded\">Danil Sadrejev (hopp)<\/p>\n<p class=\"_paragraph_o9xde_4 _paragraph_xtcu6_10 _paragraph_16v91_10 layout-component text-serif-m layout-normal text-sans-m layout-padded\">Aleksei Bugaev (paraalpint)<\/p>\n<p class=\"_paragraph_o9xde_4 _paragraph_xtcu6_10 _paragraph_16v91_10 layout-component text-serif-m layout-normal text-sans-m layout-padded\">Varvara Vorontsjikhina (paraalpint)<\/p>\n<p class=\"_paragraph_o9xde_4 _paragraph_xtcu6_10 _paragraph_16v91_10 layout-component text-serif-m layout-normal text-sans-m layout-padded\">Anastasiia Bagagiin (paralangrenn)<\/p>\n<p class=\"_paragraph_o9xde_4 _paragraph_xtcu6_10 _paragraph_16v91_10 layout-component text-serif-m layout-normal text-sans-m layout-padded\">Ivan Golubkov (paralangrenn)<\/p>\n<p class=\"_paragraph_o9xde_4 _paragraph_xtcu6_10 _paragraph_16v91_10 layout-component text-serif-m layout-normal text-sans-m layout-padded\">Polina Novakovskaja (Paralympics)<\/p>\n<p class=\"_paragraph_o9xde_4 _paragraph_xtcu6_10 _paragraph_16v91_10 layout-component text-serif-m layout-normal text-sans-m layout-padded\">Mikhail Slinkin (para-snowboard)<\/p>\n<p class=\"_paragraph_o9xde_4 _paragraph_xtcu6_10 _paragraph_16v91_10 layout-component text-serif-m layout-normal text-sans-m layout-padded\">Ihar Drabiankou (freeski, Belarus)<\/p>\n<p class=\"_paragraph_o9xde_4 _paragraph_xtcu6_10 _paragraph_16v91_10 layout-component text-serif-m layout-normal text-sans-m layout-padded\">Uladzislau Vazniuk (freeski, Belarus)<\/p>\n<p class=\"_paragraph_o9xde_4 _paragraph_xtcu6_10 _paragraph_16v91_10 layout-component text-serif-m layout-normal text-sans-m layout-padded\">Anna Derugo (freeski, Belarus)<\/p>\n<p class=\"_paragraph_o9xde_4 _paragraph_xtcu6_10 _paragraph_16v91_10 layout-component text-serif-m layout-normal text-sans-m layout-padded\">Hanna Huskova (freeski, Belarus)<\/p>\n<p class=\"_paragraph_o9xde_4 _paragraph_xtcu6_10 _paragraph_16v91_10 layout-component text-serif-m layout-normal text-sans-m layout-padded\">Anastasiya Andryianava (freeski, Belarus)<\/p>\n<p>Vis mer<\/p>\n<p class=\"_paragraph_o9xde_4 _paragraph_xtcu6_10 layout-component text-serif-m layout-normal text-serif-m layout-padded\">\u2013 Det er viktig at dette er den tredje rettsavgj\u00f8relsen i Russlands fav\u00f8r i vinter-OL, skriver Russlands idrettsminister Mikhail Degtyarev if\u00f8lge russiske <a href=\"https:\/\/www.championat.com\/skiing\/news-6265830-fis-obyazali-dopustit-rossijskih-sportsmenov-k-mezhdunarodnym-sorevnovaniyam.html\" class=\"_link_o9xde_39\" rel=\"nofollow noopener\" target=\"_blank\">Championat.<\/a><\/p>\n<p class=\"_paragraph_o9xde_4 _paragraph_xtcu6_10 layout-component text-serif-m layout-normal text-serif-m layout-padded\">Den mest kjente russiske ut\u00f8veren som trolig n\u00e5 blir OL-klar er langrennsl\u00f8peren Saveliy Korostelev. Han ble juniorverdensmester fra Lygna p\u00e5 10 km fri og stafett i 2022. Han har sl\u00e5tt Bolsjunov en rekke ganger siden, og vant den russiske skicupen sammenlagt sist sesong.<\/p>\n<p class=\"_paragraph_o9xde_4 _paragraph_xtcu6_10 layout-component text-serif-m layout-normal text-serif-m layout-padded\">\u2013 Dette er gode nyheter, vi venter p\u00e5 pressemeldingen fra FIS om dette emnet, sier Korostelev i et intervju med Match TV i Russland ved 12.30-tiden. <\/p>\n<p class=\"_paragraph_o9xde_4 _paragraph_xtcu6_10 layout-component text-serif-m layout-normal text-serif-m layout-padded\">\u2013 Jeg kan love deg at det er kaos p\u00e5 hovedkontoret til FIS n\u00e5, sier Saltvedt. <\/p>\n<p class=\"_paragraph_o9xde_4 _paragraph_xtcu6_10 layout-component text-serif-m layout-normal text-serif-m layout-padded\">\u2013 Hva er \u00e5rsaken til at russiske ut\u00f8vere f\u00e5r delta under n\u00f8ytralt flagg n\u00e5? <\/p>\n<p class=\"_paragraph_o9xde_4 _paragraph_xtcu6_10 layout-component text-serif-m layout-normal text-serif-m layout-padded\"> \u2013 Det er situasjon som har bygd seg frem. Det er en viss metning etter tre og et halvt \u00e5r, og man h\u00f8rer mer p\u00e5 argumenter for at enkeltut\u00f8vere ikke skal straffes og at man ikke skal \u00f8delegge karrierer. <\/p>\n<p class=\"_paragraph_o9xde_4 _paragraph_xtcu6_10 layout-component text-serif-m layout-normal text-serif-m layout-padded\">\u2013 De glemmer dessverre det store bildet. Det er ikke uforholdsmessig strengt n\u00e5r man tenker p\u00e5 det som skjer i Ukraina, sier Saltvedt. <\/p>\n<p><img alt=\"INGEN FLAGG: Russiske ut\u00f8vere f\u00e5r delta i FIS-idretter som n\u00f8ytrale.  Foto: KIRILL KUDRYAVTSEV \/ AFP\" class=\"_image_qp4xg_65 layout-component layout-normal\" data-fullscreen- data-track-element-type=\"Article image fullscreen\" data-track-name=\"ImageFullscreen\" decoding=\"async\" loading=\"lazy\" height=\"2387\" itemprop=\"image\"  src=\"https:\/\/www.europesays.com\/no\/wp-content\/uploads\/2025\/12\/ea74bf02-10a9-451a-8123-13d85129ab4b\"  style=\"object-position:0% 0%\" width=\"3996\"\/>INGEN FLAGG: Russiske ut\u00f8vere f\u00e5r delta i FIS-idretter som n\u00f8ytrale.  Foto: KIRILL KUDRYAVTSEV \/ AFP    <\/p>\n","protected":false},"excerpt":{"rendered":"Idrettens voldgiftsrett har konkludert med at 12 russiske og fem belarusiske ut\u00f8vere skal f\u00e5 delta i vinter-OL og&hellip;\n","protected":false},"author":2,"featured_media":102291,"comment_status":"","ping_status":"","sticky":false,"template":"","format":"standard","meta":{"footnotes":""},"categories":[59],"tags":[398,30,28,29,83,82,3428,399],"class_list":{"0":"post-102290","1":"post","2":"type-post","3":"status-publish","4":"format-standard","5":"has-post-thumbnail","7":"category-sport","8":"tag-langrenn","9":"tag-no","10":"tag-norge","11":"tag-norway","12":"tag-sport","13":"tag-sports","14":"tag-vinter-ol","15":"tag-vintersport"},"share_on_mastodon":{"url":"https:\/\/pubeurope.com\/@no\/115650476527081216","error":""},"_links":{"self":[{"href":"https:\/\/www.europesays.com\/no\/wp-json\/wp\/v2\/posts\/102290","targetHints":{"allow":["GET"]}}],"collection":[{"href":"https:\/\/www.europesays.com\/no\/wp-json\/wp\/v2\/posts"}],"about":[{"href":"https:\/\/www.europesays.com\/no\/wp-json\/wp\/v2\/types\/post"}],"author":[{"embeddable":true,"href":"https:\/\/www.europesays.com\/no\/wp-json\/wp\/v2\/users\/2"}],"replies":[{"embeddable":true,"href":"https:\/\/www.europesays.com\/no\/wp-json\/wp\/v2\/comments?post=102290"}],"version-history":[{"count":0,"href":"https:\/\/www.europesays.com\/no\/wp-json\/wp\/v2\/posts\/102290\/revisions"}],"wp:featuredmedia":[{"embeddable":true,"href":"https:\/\/www.europesays.com\/no\/wp-json\/wp\/v2\/media\/102291"}],"wp:attachment":[{"href":"https:\/\/www.europesays.com\/no\/wp-json\/wp\/v2\/media?parent=102290"}],"wp:term":[{"taxonomy":"category","embeddable":true,"href":"https:\/\/www.europesays.com\/no\/wp-json\/wp\/v2\/categories?post=102290"},{"taxonomy":"post_tag","embeddable":true,"href":"https:\/\/www.europesays.com\/no\/wp-json\/wp\/v2\/tags?post=102290"}],"curies":[{"name":"wp","href":"https:\/\/api.w.org\/{rel}","templated":true}]}}