{"id":102294,"date":"2025-12-02T14:42:20","date_gmt":"2025-12-02T14:42:20","guid":{"rendered":"https:\/\/www.europesays.com\/no\/102294\/"},"modified":"2025-12-02T14:42:20","modified_gmt":"2025-12-02T14:42:20","slug":"slik-blir-vm-trekningen","status":"publish","type":"post","link":"https:\/\/www.europesays.com\/no\/102294\/","title":{"rendered":"Slik blir VM-trekningen"},"content":{"rendered":"\n<p class=\"_lead_o9xde_2 _lead_xtcu6_50 layout-component text-serif-m layout-normal text-serif-l layout-component layout-wide layout-padded _wide_17hqh_1 layout-padded\">Fredag 5. desember trekkes sommerens VM-grupper med Donald Trump til stede. Dette vet vi om trekningen.<\/p>\n<p><img alt=\"Veien til VM-trofeet blir staket ut fredag. Regjerende verdensmester Argentina er blant lagene som nyter godt av en regelendring. Foto: Martin Meissner \/ AP \/ NTB\" class=\"_image_qp4xg_65 layout-component layout-wide\" data-fullscreen- data-track-element-type=\"Article image fullscreen\" data-track-name=\"ImageFullscreen\" fetchpriority=\"high\" decoding=\"sync\" loading=\"eager\" height=\"4592\" itemprop=\"image\"  src=\"https:\/\/www.europesays.com\/no\/wp-content\/uploads\/2025\/12\/bc6ef961-13c0-44f1-b238-5a869b1db4dc\"  style=\"object-position:0% 0%\" width=\"6888\"\/>Veien til VM-trofeet blir staket ut fredag. Regjerende verdensmester Argentina er blant lagene som nyter godt av en regelendring. Foto: Martin Meissner \/ AP \/ NTB<\/p>\n<ul aria-hidden=\"true\" class=\"_images_1uft6_111\">\n<li><a class=\"_link_1uft6_116\" href=\"https:\/\/www.vg.no\/forfatter\/andreas-hopen\" style=\"z-index:1\" title=\"Andreas Hopen\" rel=\"nofollow noopener\" target=\"_blank\"><img alt=\"Bilde av Andreas Hopen\" class=\"_image_1uft6_93\" fetchpriority=\"low\" loading=\"lazy\" decoding=\"async\" itemprop=\"image\"  src=\"https:\/\/www.europesays.com\/no\/wp-content\/uploads\/2025\/12\/1764686540_284_8d697287-ea03-4d54-ab67-6d65b82629eb\"  width=\"480\"\/><\/a><\/li>\n<\/ul>\n<p> Oppdatert tirsdag 2. desember kl. 08:48    <\/p>\n<ul class=\"_list_o9xde_3 _list_64s2r_85 _unordered_o9xde_106 text-sans-m\">\n<li class=\"_item_o9xde_30\">VM-trekningen finner sted fredag 5. desember i Washington DC.<\/li>\n<li class=\"_item_o9xde_30\">Iran boikotter trekningen grunnet amerikanske innreiseregler.<\/li>\n<li class=\"_item_o9xde_30\">Norge deltar med landslagssjef St\u00e5le Solbakken og fotballpresident Lise Klaveness.<\/li>\n<li class=\"_item_o9xde_30\">Norge er i pott tre og kan m\u00f8te to bedre rangerte lag.<\/li>\n<li class=\"_item_o9xde_30\">Flere plasser avgj\u00f8res i VM-playoffen i mars.<\/li>\n<\/ul>\n<p>Vis mer <\/p>\n<p class=\"_paragraph_o9xde_4 _paragraph_xtcu6_10 layout-component text-serif-m layout-normal text-serif-m layout-padded\">Trekningen foreg\u00e5r i Kennedy Center i Washington DC fredag ettermiddag. Da f\u00e5r vi vite hvem Norge skal m\u00f8te \u2013 og hvilke stadioner Norge skal spille p\u00e5. Det oppdaterte kampprogrammet med n\u00f8yaktige kamptidspunkt vil bli oppdatert l\u00f8rdag, skriver FIFA.<\/p>\n<p class=\"_paragraph_o9xde_4 _paragraph_xtcu6_10 layout-component text-serif-m layout-normal text-serif-m layout-padded\">Mandag ble det klart at USAs president Donald Trump stiller i salen under trekningen, bekreftet Det hvite hus&#8217; pressetalskvinne Karoline Leavitt til pressen.<\/p>\n<p class=\"_paragraph_o9xde_4 _paragraph_xtcu6_10 layout-component text-serif-m layout-normal text-serif-m layout-padded\">Trekningen er ikke uten kontroverser. Iran har allerede f<a href=\"https:\/\/www.vg.no\/sport\/i\/K8B9nG\/iran-boikotter-vm-trekningen-skylder-paa-amerikanske-innreiseregler\" data-track-element-type=\"Link\" data-track-id=\"link:K8B9nG\" class=\"_link_o9xde_39\" rel=\"nofollow noopener\" target=\"_blank\">ortalt at de ikke m\u00f8ter opp<\/a> p\u00e5 begivenheten. De opplyser at blant annet den iranske fotballpresidenten ikke har f\u00e5tt innreisetillatelse til landet.<\/p>\n<ul class=\"_list_o9xde_3 _list_xtcu6_9 _unordered_o9xde_106 layout-component text-serif-m layout-normal text-serif-m layout-padded\">\n<li class=\"_item_o9xde_30\"><strong class=\"_strong_o9xde_25\">Lurer du p\u00e5 hvilke byer det skal spilles VM i? <a href=\"https:\/\/www.vg.no\/sport\/i\/XMllwn\/norge-skal-til-vm-dette-er-alle-vm-byene\" data-track-element-type=\"Link\" data-track-id=\"link:XMllwn\" class=\"_link_o9xde_39\" rel=\"nofollow noopener\" target=\"_blank\">Her er alt du trenger \u00e5 vite.<\/a><\/strong><\/li>\n<\/ul>\n<p class=\"_paragraph_o9xde_4 _paragraph_xtcu6_10 layout-component text-serif-m layout-normal text-serif-m layout-padded\">Norge p\u00e5 sin side kommer med en stor delegasjon med blant annet landslagssjef St\u00e5le Solbakken, <a href=\"https:\/\/www.vg.no\/sport\/i\/Gxl7j4\/solbakken-maa-bytte-ut-sofaen-og-smaagodt-med-usa-tur-jeg-hater-det\" data-track-element-type=\"Link\" data-track-id=\"link:Gxl7j4\" class=\"_link_o9xde_39\" rel=\"nofollow noopener\" target=\"_blank\">som ikke gleder seg nevneverdig<\/a>, og fotballpresident Lise Klaveness.<\/p>\n<p class=\"_paragraph_o9xde_4 _paragraph_xtcu6_10 layout-component text-serif-m layout-normal text-serif-m layout-padded\"><strong class=\"_strong_o9xde_25\">Du kan f\u00f8lge VM-trekningen p\u00e5 VG fredag fra 17:00.<\/strong><\/p>\n<p class=\"_paragraph_o9xde_4 _paragraph_xtcu6_10 layout-component text-serif-m layout-normal text-serif-m layout-padded\">Trekningen starter 18:00.<\/p>\n<p class=\"_paragraph_o9xde_4 _paragraph_xtcu6_10 layout-component text-serif-m layout-normal text-serif-m layout-padded\">Norge er i pott tre, og vil da kunne m\u00f8te to bedre rangerte land \u2013 i tillegg til ett land som fra pott fire.<\/p>\n<p class=\"_paragraph_o9xde_4 _paragraph_xtcu6_10 layout-component text-serif-m layout-normal text-serif-m layout-padded\">Her er et eksempel p\u00e5 en marerittgruppe for Norge:<\/p>\n<ul class=\"_list_o9xde_3 _list_xtcu6_9 _unordered_o9xde_106 layout-component text-serif-m layout-normal text-serif-m layout-padded\">\n<li class=\"_item_o9xde_30\">Argentina (pott 1)<\/li>\n<li class=\"_item_o9xde_30\">Marokko (pott 2)<\/li>\n<li class=\"_item_o9xde_30\">Norge (pott 3)<\/li>\n<li class=\"_item_o9xde_30\">Italia (pott 4)<\/li>\n<\/ul>\n<p class=\"_paragraph_o9xde_4 _paragraph_xtcu6_10 layout-component text-serif-m layout-normal text-serif-m layout-padded\">Et eksempel p\u00e5 en dr\u00f8mmetrekning kan v\u00e6re:<\/p>\n<ul class=\"_list_o9xde_3 _list_xtcu6_9 _unordered_o9xde_106 layout-component text-serif-m layout-normal text-serif-m layout-padded\">\n<li class=\"_item_o9xde_30\">Canada (pott 1)<\/li>\n<li class=\"_item_o9xde_30\">Iran (pott 2)<\/li>\n<li class=\"_item_o9xde_30\">Norge (pott 3)<\/li>\n<li class=\"_item_o9xde_30\">Kapp Verde (pott 4)<\/li>\n<\/ul>\n<p class=\"_paragraph_o9xde_4 _paragraph_xtcu6_10 layout-component text-serif-m layout-normal text-serif-m layout-padded\"><strong class=\"_strong_o9xde_25\">FIFA har gjort \u00e9n stor endring i oppsettet f\u00f8r \u00e5rets trekning.<\/strong><\/p>\n<p class=\"_paragraph_o9xde_4 _paragraph_xtcu6_10 layout-component text-serif-m layout-normal text-serif-m layout-padded\">Gruppene som har de fire h\u00f8yest rangerte landene plasseres slik at gruppevinnerne ikke kan m\u00f8tes f\u00f8r tidligst i semifinalen. Det vil si gruppene hvor Spania, Argentina, England og Frankrike blir trukket i.<\/p>\n<p class=\"_paragraph_o9xde_4 _paragraph_xtcu6_10 layout-component text-serif-m layout-normal text-serif-m layout-padded\">FIFA gj\u00f8r dette for \u00e5 sikre at gode lag n\u00e5r langt i mesterskapet.<\/p>\n<p class=\"_paragraph_o9xde_4 _paragraph_xtcu6_10 layout-component text-serif-m layout-normal text-serif-m layout-padded\">\u2013 For \u00e5 sikre konkurransemessig balanse er det etablert to separate veier til semifinalene, uttalte Fifa i en pressemelding.<\/p>\n<p class=\"_paragraph_o9xde_4 _paragraph_xtcu6_10 layout-component text-serif-m layout-normal text-serif-m layout-padded\">Under fredagens trekning vil f\u00f8rst alle lagene fra pott \u00e9n velges f\u00f8r samme \u00f8velse blir tatt i pott to, tre og til slutt fire.<\/p>\n<p class=\"_paragraph_o9xde_4 _paragraph_xtcu6_10 layout-component text-serif-m layout-normal text-serif-m layout-padded\">Vertsnasjonene Mexico, Canada og USA er alle i pott \u00e9n. Vi vet allerede n\u00e5 hvilke grupper de havner i.<\/p>\n<ul class=\"_list_o9xde_3 _list_xtcu6_9 _unordered_o9xde_106 layout-component text-serif-m layout-normal text-serif-m layout-padded\">\n<li class=\"_item_o9xde_30\">Mexico er i <strong class=\"_strong_o9xde_25\">gruppe A<\/strong> og spiller sine kamper i Mexico City og i Guadalajara. Gruppespillskampene deres vil v\u00e6re 11. 18. og 24. juni.<\/li>\n<li class=\"_item_o9xde_30\">Canada er pott \u00e9n laget i <strong class=\"_strong_o9xde_25\">gruppe B<\/strong>. De spiller to kamper i Vancouver og \u00e9n kamp i Toronto. Gruppespillskampene spilles 12. 18. og 24. juni.<\/li>\n<li class=\"_item_o9xde_30\">USA er plassert i <strong class=\"_strong_o9xde_25\">gruppe D<\/strong> og skal spille sine kamper p\u00e5 vestkysten fordelt p\u00e5 Los Angeles og Seattle. Kampene spilles 12. 19. 25. juni.<\/li>\n<\/ul>\n<p class=\"_paragraph_o9xde_4 _paragraph_xtcu6_10 layout-component text-serif-m layout-normal text-serif-m layout-padded\">Havner Norge i gruppe med en av vertsnasjonene vil man unng\u00e5 de h\u00f8yest rangerte nasjonene:<\/p>\n<p>Pott 1-nasjonene<\/p>\n<p class=\"_paragraph_o9xde_4 _paragraph_xtcu6_10 _paragraph_16v91_10 layout-component text-serif-m layout-normal text-sans-m layout-padded\">Spania, Argentina, Frankrike, England, Brasil, Portugal, Nederland, Belgia og Tyskland er nasjonene i pott \u00e9n i tillegg til vertsnasjonene.<\/p>\n<p>Vis mer<\/p>\n<p class=\"_paragraph_o9xde_4 _paragraph_xtcu6_10 layout-component text-serif-m layout-normal text-serif-m layout-padded\">Det er fremdeles seks plasser som ikke er klare til VM. Disse plassene avgj\u00f8res under VM-playoffen i mars. <\/p>\n<p class=\"_paragraph_o9xde_4 _paragraph_xtcu6_10 layout-component text-serif-m layout-normal text-serif-m layout-padded\">Playoff-lagene er plassert inn i pott fire. Der kan blant annet land som Italia, Danmark, Sverige, Tyrkia, Ukraina, Kongo og Irak komme inn.<\/p>\n<p>Playoff-lageneInterkontinental-playoff (To lag g\u00e5r videre)<\/p>\n<ul class=\"_list_o9xde_3 _list_xtcu6_9 _list_16v91_9 _unordered_o9xde_106 layout-component text-serif-m layout-normal text-sans-m layout-padded\" itemprop=\"text\">\n<li class=\"_item_o9xde_30\">Semifinale A: Ny Caledonia \u2013 Jamaica<\/li>\n<\/ul>\n<p class=\"_paragraph_o9xde_4 _paragraph_xtcu6_10 _paragraph_16v91_10 layout-component text-serif-m layout-normal text-sans-m layout-padded\" itemprop=\"text\">Finale A: DR Kongo \u2013 Vinner av semifinale A<\/p>\n<ul class=\"_list_o9xde_3 _list_xtcu6_9 _list_16v91_9 _unordered_o9xde_106 layout-component text-serif-m layout-normal text-sans-m layout-padded\" itemprop=\"text\">\n<li class=\"_item_o9xde_30\">Semifinale B: Bolivia \u2013 Surinam<\/li>\n<\/ul>\n<p class=\"_paragraph_o9xde_4 _paragraph_xtcu6_10 _paragraph_16v91_10 layout-component text-serif-m layout-normal text-sans-m layout-padded\" itemprop=\"text\">Finale B: Irak \u2013 Vinner av semifinale B<\/p>\n<p>UEFA-playoff (Fire lag g\u00e5r videre)<\/p>\n<p class=\"_paragraph_o9xde_4 _paragraph_xtcu6_10 _paragraph_16v91_10 layout-component text-serif-m layout-normal text-sans-m layout-padded\" itemprop=\"text\"><strong class=\"_strong_o9xde_25\">Kvalifiseringsvei A:<\/strong><\/p>\n<ul class=\"_list_o9xde_3 _list_xtcu6_9 _list_16v91_9 _unordered_o9xde_106 layout-component text-serif-m layout-normal text-sans-m layout-padded\" itemprop=\"text\">\n<li class=\"_item_o9xde_30\">Semifinale 1: Italia \u2013 Nord-Irland<\/li>\n<li class=\"_item_o9xde_30\">Semifinale 2: Wales \u2013 Bosnia and Hercegovina<\/li>\n<\/ul>\n<p class=\"_paragraph_o9xde_4 _paragraph_xtcu6_10 _paragraph_16v91_10 layout-component text-serif-m layout-normal text-sans-m layout-padded\" itemprop=\"text\">Finale kvalifiseringsvei A: Vinner semifinale 1 \u2013 Vinner semifinale 2<\/p>\n<p class=\"_paragraph_o9xde_4 _paragraph_xtcu6_10 _paragraph_16v91_10 layout-component text-serif-m layout-normal text-sans-m layout-padded\" itemprop=\"text\"><strong class=\"_strong_o9xde_25\">Kvalifiseringsvei B:<\/strong><\/p>\n<ul class=\"_list_o9xde_3 _list_xtcu6_9 _list_16v91_9 _unordered_o9xde_106 layout-component text-serif-m layout-normal text-sans-m layout-padded\" itemprop=\"text\">\n<li class=\"_item_o9xde_30\">Semifinale 1: Ukraina \u2013 Sverige<\/li>\n<li class=\"_item_o9xde_30\">Semifinale 2: Polen \u2013 Albania<\/li>\n<\/ul>\n<p class=\"_paragraph_o9xde_4 _paragraph_xtcu6_10 _paragraph_16v91_10 layout-component text-serif-m layout-normal text-sans-m layout-padded\" itemprop=\"text\">Finale kvalifiseringsvei B: Vinner semifinale 1 \u2013 Vinner semifinale 2<\/p>\n<p class=\"_paragraph_o9xde_4 _paragraph_xtcu6_10 _paragraph_16v91_10 layout-component text-serif-m layout-normal text-sans-m layout-padded\" itemprop=\"text\"><strong class=\"_strong_o9xde_25\">Kvalifiseringsvei C:<\/strong><\/p>\n<ul class=\"_list_o9xde_3 _list_xtcu6_9 _list_16v91_9 _unordered_o9xde_106 layout-component text-serif-m layout-normal text-sans-m layout-padded\" itemprop=\"text\">\n<li class=\"_item_o9xde_30\">Semifinale 1: Tyrkia \u2013 Romania<\/li>\n<li class=\"_item_o9xde_30\">Semifinale 2: Slovakia \u2013 Kosovo<\/li>\n<\/ul>\n<p class=\"_paragraph_o9xde_4 _paragraph_xtcu6_10 _paragraph_16v91_10 layout-component text-serif-m layout-normal text-sans-m layout-padded\" itemprop=\"text\">Finale kvalifiseringsvei C: Vinner semifinale 1 \u2013 Vinner semifinale 2 <\/p>\n<p class=\"_paragraph_o9xde_4 _paragraph_xtcu6_10 _paragraph_16v91_10 layout-component text-serif-m layout-normal text-sans-m layout-padded\" itemprop=\"text\"><strong class=\"_strong_o9xde_25\">Kvalifiseringsvei D:<\/strong><\/p>\n<ul class=\"_list_o9xde_3 _list_xtcu6_9 _list_16v91_9 _unordered_o9xde_106 layout-component text-serif-m layout-normal text-sans-m layout-padded\" itemprop=\"text\">\n<li class=\"_item_o9xde_30\">Semifinale 1: Danmark \u2013 Nord-Makedonia<\/li>\n<li class=\"_item_o9xde_30\">Semifinale 2: Tsjekkia \u2013 Irland<\/li>\n<\/ul>\n<p class=\"_paragraph_o9xde_4 _paragraph_xtcu6_10 _paragraph_16v91_10 layout-component text-serif-m layout-normal text-sans-m layout-padded\" itemprop=\"text\">Finale: Vinner semifinale 1 \u2013 Vinner semifinale 2<\/p>\n","protected":false},"excerpt":{"rendered":"Fredag 5. desember trekkes sommerens VM-grupper med Donald Trump til stede. Dette vet vi om trekningen. Veien til&hellip;\n","protected":false},"author":2,"featured_media":102295,"comment_status":"","ping_status":"","sticky":false,"template":"","format":"standard","meta":{"footnotes":""},"categories":[59],"tags":[92,3163,30,28,29,83,82,11971],"class_list":{"0":"post-102294","1":"post","2":"type-post","3":"status-publish","4":"format-standard","5":"has-post-thumbnail","7":"category-sport","8":"tag-fotball","9":"tag-herrelandslaget-fotball","10":"tag-no","11":"tag-norge","12":"tag-norway","13":"tag-sport","14":"tag-sports","15":"tag-vm-i-fotball"},"share_on_mastodon":{"url":"https:\/\/pubeurope.com\/@no\/115650503932928778","error":""},"_links":{"self":[{"href":"https:\/\/www.europesays.com\/no\/wp-json\/wp\/v2\/posts\/102294","targetHints":{"allow":["GET"]}}],"collection":[{"href":"https:\/\/www.europesays.com\/no\/wp-json\/wp\/v2\/posts"}],"about":[{"href":"https:\/\/www.europesays.com\/no\/wp-json\/wp\/v2\/types\/post"}],"author":[{"embeddable":true,"href":"https:\/\/www.europesays.com\/no\/wp-json\/wp\/v2\/users\/2"}],"replies":[{"embeddable":true,"href":"https:\/\/www.europesays.com\/no\/wp-json\/wp\/v2\/comments?post=102294"}],"version-history":[{"count":0,"href":"https:\/\/www.europesays.com\/no\/wp-json\/wp\/v2\/posts\/102294\/revisions"}],"wp:featuredmedia":[{"embeddable":true,"href":"https:\/\/www.europesays.com\/no\/wp-json\/wp\/v2\/media\/102295"}],"wp:attachment":[{"href":"https:\/\/www.europesays.com\/no\/wp-json\/wp\/v2\/media?parent=102294"}],"wp:term":[{"taxonomy":"category","embeddable":true,"href":"https:\/\/www.europesays.com\/no\/wp-json\/wp\/v2\/categories?post=102294"},{"taxonomy":"post_tag","embeddable":true,"href":"https:\/\/www.europesays.com\/no\/wp-json\/wp\/v2\/tags?post=102294"}],"curies":[{"name":"wp","href":"https:\/\/api.w.org\/{rel}","templated":true}]}}