{"id":102296,"date":"2025-12-02T14:49:05","date_gmt":"2025-12-02T14:49:05","guid":{"rendered":"https:\/\/www.europesays.com\/no\/102296\/"},"modified":"2025-12-02T14:49:05","modified_gmt":"2025-12-02T14:49:05","slug":"til-fotball-trapper-opp-jakten-pa-brennhet-spiller-kult-at-de-er-interessert-nordlys","status":"publish","type":"post","link":"https:\/\/www.europesays.com\/no\/102296\/","title":{"rendered":"TIL, Fotball | Trapper opp jakten p\u00e5 brennhet spiller: \u2013 Kult at de er interessert &#8211; Nordlys"},"content":{"rendered":"<ol>\n<li><a href=\"https:\/\/news.google.com\/rss\/articles\/CBMiowFBVV95cUxNakhaaTQtOFMyREd5TWl0OFVLUWQ3Q2swV3lBUVViWDVycEJjSnhUdHJKcGdQRzFBNXgwT0RMRVVaLTU5dkl4R2NNc0xDbU96N0x4WnpocHpPUDFoS01HblZnVzNXbE5ZYlFjT013Qm4ya2FYUExadUZJU1BDMFlxTnBfNnRndmk2ZDcxbWVJMkhxUl9mUFdBM3FhcmlXRmxMQkNz?oc=5\" target=\"_blank\" rel=\"nofollow noopener\">TIL, Fotball | Trapper opp jakten p\u00e5 brennhet spiller: \u2013 Kult at de er interessert<\/a>&nbsp;&nbsp;Nordlys<\/li>\n<li><a href=\"https:\/\/news.google.com\/rss\/articles\/CBMitAFBVV95cUxNal9GMzRhcjJfTUE2REcyazdiUGhwekdtT290WXVKNDE2bklnTmUzM3BnaUNoSF9yTU9XVHBtalA1QU9KY3VjcmhLdG5JcElCaUd2WUZOYkZPV0MyNGZ4RjJ4dFl6Vy1OVEZMMU1tQjViQ25BS0NnRWxBWmJRMHZtaG1nV2hnYjB4cDI1d01oWWNpQ1hwY0NxMjEyMmN2U25ya3Q1UERUMHhNODZ2VUJBYVhhR2o?oc=5\" target=\"_blank\" rel=\"nofollow noopener\">(+) Opplysninger til iTroms\u00f8: Nytt bud \u2013 n\u00e6r ved \u00e5 bli TILs nyeste storkj\u00f8p<\/a>&nbsp;&nbsp;itromso.no<\/li>\n<li><a href=\"https:\/\/news.google.com\/rss\/articles\/CBMihwFBVV95cUxONW5TNzAxQWhodFJLUFpJS054WXlQc3laWXVtOEF3cEFzeVpNYTROV25ka285aHhEWHJhb2xnX1M1Tk5xa2kwSFA2V0tnc1Q2azIxVXlPYmVyc191VDhzNloxc3M3QW5hSWtzaE9pUXEtUGxkX3dkWk5oNGZzS2FNUXdTN2tFMDQ?oc=5\" target=\"_blank\" rel=\"nofollow noopener\">TIL, Fotball | N\u00e6rmer seg: Troy (19) kan bli nytt rekordkj\u00f8p<\/a>&nbsp;&nbsp;Nordlys<\/li>\n<li><a href=\"https:\/\/news.google.com\/rss\/articles\/CBMihwFBVV95cUxNQjFSa3pBdlZzaFVCaDRaNkppQ0N4VzRTWm5QcHZyNWtpa3dWd01MZWRMWkdpaUQ5OEJJcXBCbWRTUW1VQ25JcVl2LS1QMG9MSXZ0SUp5a29XMWFBbFFTRG9YdG9UX05GOWFENE9rdDdrWDlCY3JaNk5sbmpEak1yRFhuRVRaWmc?oc=5\" target=\"_blank\" rel=\"nofollow noopener\">Troy Nyhammer om framtida: \u2013 F\u00e5r sj\u00e5<\/a>&nbsp;&nbsp;sunnhordland.no<\/li>\n<li><a href=\"https:\/\/news.google.com\/rss\/articles\/CBMiZ0FVX3lxTE1ZSUg5Y0RfWTFWOWtVTXA1V0pVLUxGMHVVTzBGb05FTHI0OWVIUHFDOEJNWkRNdU1FNWUtZDVnNlpfOUNvMVNOSHQzUDNuV1BrZnY0Sk9UMTVvWkotWDJzaWV6VDNJdkE?oc=5\" target=\"_blank\" rel=\"nofollow noopener\">Sport, Fotball | Nytt bud p\u00e5 Troy (19)<\/a>&nbsp;&nbsp;Haugesunds Avis<\/li>\n<\/ol>\n","protected":false},"excerpt":{"rendered":"TIL, Fotball | Trapper opp jakten p\u00e5 brennhet spiller: \u2013 Kult at de er interessert&nbsp;&nbsp;Nordlys (+) Opplysninger til&hellip;\n","protected":false},"author":2,"featured_media":102297,"comment_status":"","ping_status":"","sticky":false,"template":"","format":"standard","meta":{"footnotes":""},"categories":[5],"tags":[20,21,24,25,15,19,22,23,17,18,13,30,28,29,14,16,26,27],"class_list":{"0":"post-102296","1":"post","2":"type-post","3":"status-publish","4":"format-standard","5":"has-post-thumbnail","7":"category-overskrifter","8":"tag-breaking-news","9":"tag-breakingnews","10":"tag-featured-news","11":"tag-featurednews","12":"tag-headlines","13":"tag-hovedoppslag","14":"tag-latest-news","15":"tag-latestnews","16":"tag-main-news","17":"tag-mainnews","18":"tag-news","19":"tag-no","20":"tag-norge","21":"tag-norway","22":"tag-nyheter","23":"tag-overskrifter","24":"tag-top-stories","25":"tag-topstories"},"share_on_mastodon":{"url":"https:\/\/pubeurope.com\/@no\/115650531444411450","error":""},"_links":{"self":[{"href":"https:\/\/www.europesays.com\/no\/wp-json\/wp\/v2\/posts\/102296","targetHints":{"allow":["GET"]}}],"collection":[{"href":"https:\/\/www.europesays.com\/no\/wp-json\/wp\/v2\/posts"}],"about":[{"href":"https:\/\/www.europesays.com\/no\/wp-json\/wp\/v2\/types\/post"}],"author":[{"embeddable":true,"href":"https:\/\/www.europesays.com\/no\/wp-json\/wp\/v2\/users\/2"}],"replies":[{"embeddable":true,"href":"https:\/\/www.europesays.com\/no\/wp-json\/wp\/v2\/comments?post=102296"}],"version-history":[{"count":0,"href":"https:\/\/www.europesays.com\/no\/wp-json\/wp\/v2\/posts\/102296\/revisions"}],"wp:featuredmedia":[{"embeddable":true,"href":"https:\/\/www.europesays.com\/no\/wp-json\/wp\/v2\/media\/102297"}],"wp:attachment":[{"href":"https:\/\/www.europesays.com\/no\/wp-json\/wp\/v2\/media?parent=102296"}],"wp:term":[{"taxonomy":"category","embeddable":true,"href":"https:\/\/www.europesays.com\/no\/wp-json\/wp\/v2\/categories?post=102296"},{"taxonomy":"post_tag","embeddable":true,"href":"https:\/\/www.europesays.com\/no\/wp-json\/wp\/v2\/tags?post=102296"}],"curies":[{"name":"wp","href":"https:\/\/api.w.org\/{rel}","templated":true}]}}