{"id":102310,"date":"2025-12-02T15:16:11","date_gmt":"2025-12-02T15:16:11","guid":{"rendered":"https:\/\/www.europesays.com\/no\/102310\/"},"modified":"2025-12-02T15:16:11","modified_gmt":"2025-12-02T15:16:11","slug":"oker-stotten-til-fn","status":"publish","type":"post","link":"https:\/\/www.europesays.com\/no\/102310\/","title":{"rendered":"\u00d8ker st\u00f8tten til FN"},"content":{"rendered":"<p><strong>Norge \u00f8ker bidraget til FNs n\u00f8dhjelpsfond CERF i b\u00e5de \u00e5r og neste \u00e5r, opplyser Utenriksdepartementet i en <a href=\"https:\/\/www.regjeringen.no\/no\/aktuelt\/norge-oker-stotten-til-fns-livreddende-innsats-i-glemte-kriser\/id3141693\/\" rel=\"nofollow noopener\" target=\"_blank\">pressemelding<\/a>. <\/strong><\/p>\n<p>Utviklingsminister \u00c5smund Aukrust sier fondet er avgj\u00f8rende for \u00e5 gi rask hjelp i kriser som sjelden f\u00e5r oppmerksomhet.<\/p>\n<p>\u2013 CERF er en av de viktigste mekanismene vi har for \u00e5 gi rask livreddende bistand og beskyttelse til dem med st\u00f8rst behov, uavhengig av hvor de befinner seg. Derfor \u00f8ker vi Norges st\u00f8tte til fondet, sier Aukrust.<\/p>\n<p>Norge vil gi 450 millioner kroner til CERF i 2026. I tillegg \u00f8kes \u00e5rets bidrag med 20 millioner, til totalt 470 millioner kroner.<\/p>\n<p><strong>Krig, konflikt og klima presser behovene opp<\/strong><\/p>\n<p>If\u00f8lge pressemeldingen fortsetter de humanit\u00e6re behovene globalt \u00e5 \u00f8ke, samtidig som finansieringen g\u00e5r ned. Vedvarende krig, konflikt og klimarelaterte katastrofer driver utviklingen.<\/p>\n<p>Fondet brukes b\u00e5de til akutt respons og tidlig innsats for \u00e5 dempe konsekvensene av blant annet naturkatastrofer.<\/p>\n<p>\u2013 Selv om Norge opprettholder v\u00e5r humanit\u00e6re innsats, m\u00e5 vi regne med at den totale finansieringen fortsetter \u00e5 g\u00e5 ned. Gjennom n\u00f8dhjelpsfondet bidrar Norge til at det er de med st\u00f8rst behov som prioriteres \u2013 ogs\u00e5 i kriser som ikke n\u00e5r opp til overskriftene, sier Aukrust.<\/p>\n<p><strong>St\u00f8rste mottakere: Sudan, Afghanistan og Gaza<\/strong><\/p>\n<p>De fem landene som s\u00e5 langt i 2025 har mottatt mest st\u00f8tte fra CERF er Sudan, Afghanistan, Den demokratiske republikken Kongo, Palestina og Tsjad. Fondet ble blant annet brukt til \u00e5 raskt skalere opp n\u00f8dhjelpen da v\u00e5penhvilen i Gaza tr\u00e5dte i kraft.<\/p>\n<p>Aukrust peker samtidig p\u00e5 at politiske hindre, ikke finansiering, er den st\u00f8rste utfordringen.<\/p>\n<p>\u2013 Krigf\u00f8rende parter bryter humanit\u00e6re prinsipper og bruker tilgang til bistand som v\u00e5pen. Dette kan ikke l\u00f8ses med penger. Vi m\u00e5 st\u00e5 opp for folkeretten og beskytte de internasjonale normene vi er enige om, sier han.<\/p>\n<p><strong>Norge blant de st\u00f8rste bidragsyterne<\/strong><\/p>\n<p>Norge har st\u00f8ttet CERF siden fondet ble opprettet for 20 \u00e5r siden, og har bidratt med over 10 prosent av fondets totale midler. Siden starten har CERF tildelt n\u00e6rmere 10 milliarder dollar til humanit\u00e6re operasjoner i mer enn 100 land.<\/p>\n","protected":false},"excerpt":{"rendered":"Norge \u00f8ker bidraget til FNs n\u00f8dhjelpsfond CERF i b\u00e5de \u00e5r og neste \u00e5r, opplyser Utenriksdepartementet i en pressemelding.&hellip;\n","protected":false},"author":2,"featured_media":102311,"comment_status":"","ping_status":"","sticky":false,"template":"","format":"standard","meta":{"footnotes":""},"categories":[12],"tags":[12945,20,21,24,25,332,15,22,23,13,30,28,29,14,16,26,27,42,43,44,45],"class_list":{"0":"post-102310","1":"post","2":"type-post","3":"status-publish","4":"format-standard","5":"has-post-thumbnail","7":"category-verden","8":"tag-asmund-aukrust","9":"tag-breaking-news","10":"tag-breakingnews","11":"tag-featured-news","12":"tag-featurednews","13":"tag-fn","14":"tag-headlines","15":"tag-latest-news","16":"tag-latestnews","17":"tag-news","18":"tag-no","19":"tag-norge","20":"tag-norway","21":"tag-nyheter","22":"tag-overskrifter","23":"tag-top-stories","24":"tag-topstories","25":"tag-verden","26":"tag-world","27":"tag-world-news","28":"tag-worldnews"},"share_on_mastodon":{"url":"https:\/\/pubeurope.com\/@no\/115650637604864562","error":""},"_links":{"self":[{"href":"https:\/\/www.europesays.com\/no\/wp-json\/wp\/v2\/posts\/102310","targetHints":{"allow":["GET"]}}],"collection":[{"href":"https:\/\/www.europesays.com\/no\/wp-json\/wp\/v2\/posts"}],"about":[{"href":"https:\/\/www.europesays.com\/no\/wp-json\/wp\/v2\/types\/post"}],"author":[{"embeddable":true,"href":"https:\/\/www.europesays.com\/no\/wp-json\/wp\/v2\/users\/2"}],"replies":[{"embeddable":true,"href":"https:\/\/www.europesays.com\/no\/wp-json\/wp\/v2\/comments?post=102310"}],"version-history":[{"count":0,"href":"https:\/\/www.europesays.com\/no\/wp-json\/wp\/v2\/posts\/102310\/revisions"}],"wp:featuredmedia":[{"embeddable":true,"href":"https:\/\/www.europesays.com\/no\/wp-json\/wp\/v2\/media\/102311"}],"wp:attachment":[{"href":"https:\/\/www.europesays.com\/no\/wp-json\/wp\/v2\/media?parent=102310"}],"wp:term":[{"taxonomy":"category","embeddable":true,"href":"https:\/\/www.europesays.com\/no\/wp-json\/wp\/v2\/categories?post=102310"},{"taxonomy":"post_tag","embeddable":true,"href":"https:\/\/www.europesays.com\/no\/wp-json\/wp\/v2\/tags?post=102310"}],"curies":[{"name":"wp","href":"https:\/\/api.w.org\/{rel}","templated":true}]}}