{"id":102312,"date":"2025-12-02T15:17:14","date_gmt":"2025-12-02T15:17:14","guid":{"rendered":"https:\/\/www.europesays.com\/no\/102312\/"},"modified":"2025-12-02T15:17:14","modified_gmt":"2025-12-02T15:17:14","slug":"stig-millehaugen-metkel-betew-stig-millehaugen-forblir-fengslet","status":"publish","type":"post","link":"https:\/\/www.europesays.com\/no\/102312\/","title":{"rendered":"Stig Millehaugen, Metkel Betew | Stig Millehaugen forblir fengslet"},"content":{"rendered":"\n<p>Det kommer frem i en fengslingskjennelse tirsdag. <\/p>\n<p>\u2013 Mistankegrunnlaget st\u00e5r i vesentlig samme stilling som ved tidligere kjennelser, st\u00e5r det i kjennelsen.<\/p>\n<p>Det var p\u00e5 kvelden skj\u00e6rtorsdag 18. april at tidligere Nokas-d\u00f8mte Metkel Betew (46) ble skutt og drept i Godliaskogen p\u00e5 Oppsal.<\/p>\n<p>F\u00e5 dager etter drapet ble Millehaugen p\u00e5grepet og fengslet. Der har han sittet siden.<\/p>\n<p><b>Millehaugen nekter straffskyld.<\/b><\/p>\n<p>Politiet mener de har gode bevis for \u00e5 sikte Millehaugen for drapet eller for medvirkning til det, men har s\u00e5 langt ikke noe klart \u00e5 finne noe tydelig motiv handlingen.<\/p>\n<p><a href=\"https:\/\/www.vg.no\/nyheter\/i\/mP7MQL\/vgs-bilder-fra-rekonstruksjonen-av-drapet-paa-metkel-betew\" rel=\"Follow nofollow noopener\" target=\"_blank\">VG <\/a>har avsl\u00f8rt at politiet hadde meg seg Millehaugen til \u00e5stedet den 13. november for \u00e5 gjennomf\u00f8re en rekonstruksjon av slik Millehaugen forklarer hendelsesforl\u00f8pet. <\/p>\n<p>\u2013 Millehaugen hevder at han var vitne til hendelsen og nekter straffskyld for drap, sa politiadvokat Christian Hatlo i Oslo politidistrikt til VG.<\/p>\n","protected":false},"excerpt":{"rendered":"Det kommer frem i en fengslingskjennelse tirsdag. \u2013 Mistankegrunnlaget st\u00e5r i vesentlig samme stilling som ved tidligere kjennelser,&hellip;\n","protected":false},"author":2,"featured_media":102313,"comment_status":"","ping_status":"","sticky":false,"template":"","format":"standard","meta":{"footnotes":""},"categories":[10],"tags":[20,21,24,25,15,22,23,13,30,28,29,14,16,26,27],"class_list":{"0":"post-102312","1":"post","2":"type-post","3":"status-publish","4":"format-standard","5":"has-post-thumbnail","7":"category-norge","8":"tag-breaking-news","9":"tag-breakingnews","10":"tag-featured-news","11":"tag-featurednews","12":"tag-headlines","13":"tag-latest-news","14":"tag-latestnews","15":"tag-news","16":"tag-no","17":"tag-norge","18":"tag-norway","19":"tag-nyheter","20":"tag-overskrifter","21":"tag-top-stories","22":"tag-topstories"},"share_on_mastodon":{"url":"https:\/\/pubeurope.com\/@no\/115650641493243498","error":""},"_links":{"self":[{"href":"https:\/\/www.europesays.com\/no\/wp-json\/wp\/v2\/posts\/102312","targetHints":{"allow":["GET"]}}],"collection":[{"href":"https:\/\/www.europesays.com\/no\/wp-json\/wp\/v2\/posts"}],"about":[{"href":"https:\/\/www.europesays.com\/no\/wp-json\/wp\/v2\/types\/post"}],"author":[{"embeddable":true,"href":"https:\/\/www.europesays.com\/no\/wp-json\/wp\/v2\/users\/2"}],"replies":[{"embeddable":true,"href":"https:\/\/www.europesays.com\/no\/wp-json\/wp\/v2\/comments?post=102312"}],"version-history":[{"count":0,"href":"https:\/\/www.europesays.com\/no\/wp-json\/wp\/v2\/posts\/102312\/revisions"}],"wp:featuredmedia":[{"embeddable":true,"href":"https:\/\/www.europesays.com\/no\/wp-json\/wp\/v2\/media\/102313"}],"wp:attachment":[{"href":"https:\/\/www.europesays.com\/no\/wp-json\/wp\/v2\/media?parent=102312"}],"wp:term":[{"taxonomy":"category","embeddable":true,"href":"https:\/\/www.europesays.com\/no\/wp-json\/wp\/v2\/categories?post=102312"},{"taxonomy":"post_tag","embeddable":true,"href":"https:\/\/www.europesays.com\/no\/wp-json\/wp\/v2\/tags?post=102312"}],"curies":[{"name":"wp","href":"https:\/\/api.w.org\/{rel}","templated":true}]}}