{"id":102314,"date":"2025-12-02T15:19:31","date_gmt":"2025-12-02T15:19:31","guid":{"rendered":"https:\/\/www.europesays.com\/no\/102314\/"},"modified":"2025-12-02T15:19:31","modified_gmt":"2025-12-02T15:19:31","slug":"pareto-toppen-i-retten-langt-unna-noe-som-kunne-fly","status":"publish","type":"post","link":"https:\/\/www.europesays.com\/no\/102314\/","title":{"rendered":"Pareto-toppen i retten: \u2013 Langt unna noe som kunne fly"},"content":{"rendered":"<p>I samtalen peker de p\u00e5 at bankene var blitt gr\u00e5dige.<\/p>\n<p>\u2013 Bankene trakk ut kapital og krevde h\u00f8yere rente. Det gjorde det sv\u00e6rt vanskelig for Solstad \u00e5 jobbe videre, og det ville ikke tatt oss ut av refinansieringsmodus.<\/p>\n<p>Solstad sto foran et gjeldsforfall p\u00e5 rundt 13 milliarder kroner 31. mars 2024 \u2013 inkludert det mye omtalte Maximus-kravet p\u00e5 1,8 milliarder.<\/p>\n<p>Da advokat Mathias Tveten spurte hvor langt unna man var en l\u00f8sning sommeren 2023, svarte Mellin klart.<\/p>\n<p data-is-last-node=\"\" data-is-only-node=\"\">\u2013 Det var ikke noe vi kunne g\u00e5 videre med. Bankene var heller ikke enige seg imellom. Vi var ganske langt unna en l\u00f8sning som kunne fly.<\/p>\n<p class=\"subhead\" data-element-type=\"subhead\" data-element-label=\"Mellomtittel\">\u2013 Det var et press<\/p>\n<p>Mellin fikk ogs\u00e5 beskjed fra bankene om en mulighet for at de ville konvertere gjeld til egenkapital.<\/p>\n<p>\u2013 Da er det mellom null og fem prosent igjen til eksisterende aksjon\u00e6rer, men det var nok ogs\u00e5 et kraftig signal til oss om at vi m\u00e5tte komme opp med noe mer hvis ikke dette skulle g\u00e5 over i en restrukturering.<\/p>\n<p>\u2013 De (eksisterende aksjon\u00e6rer red. amn.) ville blitt pulverisert.<\/p>\n<p><img decoding=\"async\" class=\"lazyload \" src=\"https:\/\/www.europesays.com\/no\/wp-content\/uploads\/2025\/12\/1764688771_913_pipe\"  data- alt=\"\"\/><\/p>\n<p>GOD STEMNING: Tarjei Mellin sammen med advokatene Mathias Tveten og Marius Gisvold f\u00f8r utsp\u00f8rringen. <strong>Iv\u00e1n Kverme<\/strong><\/p>\n<p>25. september kom Aker p\u00e5 banen med sitt \u00e5pningsbud. En verdsettelse p\u00e5 rett over 400 millioner, 1,3 milliarder i egenkapital og et aksjon\u00e6rl\u00e5n p\u00e5 750 millioner.\u00a0<\/p>\n<p>\u2013 Jeg var jo overrasket. Det kom litt ut av det bl\u00e5. Det positive var at det kom med en bankpakke som vi kunne forhandle videre med.<\/p>\n<p>Etter budet ble det<a href=\"https:\/\/www.finansavisen.no\/finans\/2025\/10\/10\/8298796\/full-fyr-i-forhandlingene-de-kommer-til-a-hyle-og-skrike\" target=\"_blank\" rel=\"nofollow noopener\">\u00a0full fyr i forhandlingene.<\/a><\/p>\n<p>\u2013 Det var et press om at vi skulle komme p\u00e5 banen s\u00e5 fort som mulig fra Akers side, men det var helt uaktuelt for oss f\u00f8r vi hadde gjennomf\u00f8rt analysene v\u00e5re og utarbeidet en felles strategi.<\/p>\n<p>Advokat Marius Gisvold, som representerer Pareto, lurer p\u00e5 om det ble gjort noe markedstesting opp mot budet fra Aker i ukene som fulgte.<\/p>\n<p>\u2013 Vi var rett og slett ikke i posisjon. Vi hadde ingenting \u00e5 komme med til investorene, sa Mellin og pekte p\u00e5 manglende bankpakke, manglende Maximus-l\u00f8sning og usikkerhet om Aker ville v\u00e6rt med p\u00e5 en alternativ refinansiering.<\/p>\n<p>\u2013 Vi hadde ikke s\u00e5 gode kort. Bankene hadde valgt Aker. Ingen andre realistisk alternativer, men vi kunne skape en situasjon der det s\u00e5 ut som vi hadde andre muligheter for \u00e5 styrke forhandlingsposisjonen.<\/p>\n<p class=\"subhead\" data-element-type=\"subhead\" data-element-label=\"Mellomtittel\">\u2013 Bare tull<\/p>\n<p>Det endte med, etter flere forhandlinger, at Aker gikk inn med 2,25 milliarder kroner i egenkapital i et nytt selskap, n\u00e5 Solstad Maritime, verdsatt til 1,5 milliarder. I tillegg ble AMSC-fart\u00f8yet Normand Maximus overf\u00f8rt mot oppgj\u00f8r i aksjer, verdsatt til 1 milliard kroner. \u00d8vrige aksjon\u00e6rer fikk tegne seg for 750 millioner.<\/p>\n<p>Kistefos hevder verdsettelsen av Solstad Maritime var altfor lav. Mellin avviser det kontant.<\/p>\n<p>\u2013 Det er bare tull. Verdsettelsen vi landet p\u00e5 l\u00e5 med en viss rabatt mot implisitt b\u00f8rskurs, men det skal den gj\u00f8re n\u00e5r \u00e9n part kommer inn med s\u00e5 mye tyngde og vekt, sa han.<\/p>\n<p>Kistefos\u2019 egne sakkyndige har ansl\u00e5tt verdien av Solstad Maritime til mellom 7,7 og 10,1 milliarder kroner.<\/p>\n<p>Mellin forklarte at vurderingen m\u00e5tte ses i sammenheng med hele pakken som ble lagt p\u00e5 bordet: l\u00f8sning p\u00e5 Maximus-kravet, en bankpakke og en tre\u00e5rig lockup.<\/p>\n<p data-is-last-node=\"\" data-is-only-node=\"\">\u2013 Vi skal v\u00e6re veldig godt forn\u00f8yd, avsluttet han.<\/p>\n","protected":false},"excerpt":{"rendered":"I samtalen peker de p\u00e5 at bankene var blitt gr\u00e5dige. \u2013 Bankene trakk ut kapital og krevde h\u00f8yere&hellip;\n","protected":false},"author":2,"featured_media":102315,"comment_status":"","ping_status":"","sticky":false,"template":"","format":"standard","meta":{"footnotes":""},"categories":[5],"tags":[20,21,24,25,15,19,22,23,17,18,13,30,28,29,14,16,26,27],"class_list":{"0":"post-102314","1":"post","2":"type-post","3":"status-publish","4":"format-standard","5":"has-post-thumbnail","7":"category-overskrifter","8":"tag-breaking-news","9":"tag-breakingnews","10":"tag-featured-news","11":"tag-featurednews","12":"tag-headlines","13":"tag-hovedoppslag","14":"tag-latest-news","15":"tag-latestnews","16":"tag-main-news","17":"tag-mainnews","18":"tag-news","19":"tag-no","20":"tag-norge","21":"tag-norway","22":"tag-nyheter","23":"tag-overskrifter","24":"tag-top-stories","25":"tag-topstories"},"share_on_mastodon":{"url":"https:\/\/pubeurope.com\/@no\/115650649468131575","error":""},"_links":{"self":[{"href":"https:\/\/www.europesays.com\/no\/wp-json\/wp\/v2\/posts\/102314","targetHints":{"allow":["GET"]}}],"collection":[{"href":"https:\/\/www.europesays.com\/no\/wp-json\/wp\/v2\/posts"}],"about":[{"href":"https:\/\/www.europesays.com\/no\/wp-json\/wp\/v2\/types\/post"}],"author":[{"embeddable":true,"href":"https:\/\/www.europesays.com\/no\/wp-json\/wp\/v2\/users\/2"}],"replies":[{"embeddable":true,"href":"https:\/\/www.europesays.com\/no\/wp-json\/wp\/v2\/comments?post=102314"}],"version-history":[{"count":0,"href":"https:\/\/www.europesays.com\/no\/wp-json\/wp\/v2\/posts\/102314\/revisions"}],"wp:featuredmedia":[{"embeddable":true,"href":"https:\/\/www.europesays.com\/no\/wp-json\/wp\/v2\/media\/102315"}],"wp:attachment":[{"href":"https:\/\/www.europesays.com\/no\/wp-json\/wp\/v2\/media?parent=102314"}],"wp:term":[{"taxonomy":"category","embeddable":true,"href":"https:\/\/www.europesays.com\/no\/wp-json\/wp\/v2\/categories?post=102314"},{"taxonomy":"post_tag","embeddable":true,"href":"https:\/\/www.europesays.com\/no\/wp-json\/wp\/v2\/tags?post=102314"}],"curies":[{"name":"wp","href":"https:\/\/api.w.org\/{rel}","templated":true}]}}