{"id":102316,"date":"2025-12-02T15:24:10","date_gmt":"2025-12-02T15:24:10","guid":{"rendered":"https:\/\/www.europesays.com\/no\/102316\/"},"modified":"2025-12-02T15:24:10","modified_gmt":"2025-12-02T15:24:10","slug":"trump-ber-israel-holde-seg-unna-syria","status":"publish","type":"post","link":"https:\/\/www.europesays.com\/no\/102316\/","title":{"rendered":"Trump ber Israel holde seg unna Syria"},"content":{"rendered":"<p>\n        SAUDI-ARABIA: President Donald Trump hyller Syrias fungerende president, den tidligere oppr\u00f8rslederen Ahmed al-Sharaa, og advarer Israel mot \u00e5 undergrave det nye regimet i Damaskus. Her fra da de to m\u00f8ttes i Saudi-Arabia i mai i \u00e5r.<br \/>\n        Saudi Royal Palace \/ AP \/ NTB\n    <\/p>\n<p>    President Donald Trump advarer Israel mot \u00e5 destabilisere Syrias nye lederskap. Det skjer etter gjentatte israelske angrep mot m\u00e5l i Syria.<\/p>\n<p>\u2013 Det er sv\u00e6rt viktig at Israel opprettholder en sterk og ekte dialog med Syria, og at det ikke skjer noe som forstyrrer Syrias vei mot \u00e5 bli en velst\u00e5ende stat, skriver Trump p\u00e5\u00a0<a href=\"https:\/\/truthsocial.com\/@realDonaldTrump\/posts\/115645123576749080\" target=\"_blank\" rel=\"nofollow noopener\">Truth Social<\/a>.<\/p>\n<p>\u2013 USA er sv\u00e6rt forn\u00f8yd med resultatene som er oppn\u00e5dd gjennom hardt arbeid og besluttsomhet i Syria. Vi gj\u00f8r alt i v\u00e5r makt for \u00e5 sikre at regjeringen i Syria fortsetter \u00e5 gj\u00f8re det som er tiltenkt, skriver han.<\/p>\n<p>Trump hyller Ahmed al-Sharaa, den tidligere al-Qaida-lederen som ledet oppr\u00f8ret som for ett \u00e5r siden felte president Bashar al-Assad og hans regime.<\/p>\n<p>\u2013 Den nye presidenten i Syria, Ahmed al-Sharaa, jobber iherdig for \u00e5 sikre at gode ting skjer, og for at b\u00e5de Syria og Israel f\u00e5r et langvarig og godt forhold, skriver Trump.<\/p>\n<p>Fredag rykket israelske bakkestyrker inn i landsbyen Beit Jin s\u00f8r i Syria og drepte minst 13 mennesker, blant dem flere kvinner og barn, if\u00f8lge syriske myndigheter.<\/p>\n<p>If\u00f8lge Israel var angrepet rettet mot menn med tilknytning til den sunnimuslimske libanesiske gruppa Jamaa Islamiya som tidligere har gjennomf\u00f8rt angrep mot Israel.<\/p>\n<p>Syriske myndigheter kaller det \u00aben grusom massakre\u00bb.<\/p>\n<p>USA angrep m\u00e5l i Syria<\/p>\n<p>Uken f\u00f8r angrep USA og allierte land selv m\u00e5l i Syria.<\/p>\n<p>If\u00f8lge rapportene var m\u00e5let 15 v\u00e5penlagre som tilh\u00f8rte den ytterligg\u00e5ende islamistgruppa IS s\u00f8r i landet<\/p>\n<p>If\u00f8lge USAs sentralkommando (Centcom) ble IS-m\u00e5lene i Rif Damashq-provinsen angrepet mellom 24. og 27. november. Det ble gjennomf\u00f8rt b\u00e5de luftangrep og bakkeoperasjoner.<\/p>\n<p>\u2013 Disse operasjonene \u00f8dela over 130 granater og raketter, mange automatgev\u00e6r, maskingev\u00e6r, landminer og materiale for \u00e5 bygge provisoriske sprengladninger, heter det i en uttalelse fra Centcom.<\/p>\n","protected":false},"excerpt":{"rendered":"SAUDI-ARABIA: President Donald Trump hyller Syrias fungerende president, den tidligere oppr\u00f8rslederen Ahmed al-Sharaa, og advarer Israel mot \u00e5&hellip;\n","protected":false},"author":2,"featured_media":102317,"comment_status":"","ping_status":"","sticky":false,"template":"","format":"standard","meta":{"footnotes":""},"categories":[12],"tags":[20,21,24,25,15,22,23,13,30,28,29,14,16,26,27,42,43,44,45],"class_list":{"0":"post-102316","1":"post","2":"type-post","3":"status-publish","4":"format-standard","5":"has-post-thumbnail","7":"category-verden","8":"tag-breaking-news","9":"tag-breakingnews","10":"tag-featured-news","11":"tag-featurednews","12":"tag-headlines","13":"tag-latest-news","14":"tag-latestnews","15":"tag-news","16":"tag-no","17":"tag-norge","18":"tag-norway","19":"tag-nyheter","20":"tag-overskrifter","21":"tag-top-stories","22":"tag-topstories","23":"tag-verden","24":"tag-world","25":"tag-world-news","26":"tag-worldnews"},"share_on_mastodon":{"url":"https:\/\/pubeurope.com\/@no\/115650669018221065","error":""},"_links":{"self":[{"href":"https:\/\/www.europesays.com\/no\/wp-json\/wp\/v2\/posts\/102316","targetHints":{"allow":["GET"]}}],"collection":[{"href":"https:\/\/www.europesays.com\/no\/wp-json\/wp\/v2\/posts"}],"about":[{"href":"https:\/\/www.europesays.com\/no\/wp-json\/wp\/v2\/types\/post"}],"author":[{"embeddable":true,"href":"https:\/\/www.europesays.com\/no\/wp-json\/wp\/v2\/users\/2"}],"replies":[{"embeddable":true,"href":"https:\/\/www.europesays.com\/no\/wp-json\/wp\/v2\/comments?post=102316"}],"version-history":[{"count":0,"href":"https:\/\/www.europesays.com\/no\/wp-json\/wp\/v2\/posts\/102316\/revisions"}],"wp:featuredmedia":[{"embeddable":true,"href":"https:\/\/www.europesays.com\/no\/wp-json\/wp\/v2\/media\/102317"}],"wp:attachment":[{"href":"https:\/\/www.europesays.com\/no\/wp-json\/wp\/v2\/media?parent=102316"}],"wp:term":[{"taxonomy":"category","embeddable":true,"href":"https:\/\/www.europesays.com\/no\/wp-json\/wp\/v2\/categories?post=102316"},{"taxonomy":"post_tag","embeddable":true,"href":"https:\/\/www.europesays.com\/no\/wp-json\/wp\/v2\/tags?post=102316"}],"curies":[{"name":"wp","href":"https:\/\/api.w.org\/{rel}","templated":true}]}}