{"id":102322,"date":"2025-12-02T15:32:41","date_gmt":"2025-12-02T15:32:41","guid":{"rendered":"https:\/\/www.europesays.com\/no\/102322\/"},"modified":"2025-12-02T15:32:41","modified_gmt":"2025-12-02T15:32:41","slug":"kronprinsesse-victoria-stepper-inn-pa-julearrangement","status":"publish","type":"post","link":"https:\/\/www.europesays.com\/no\/102322\/","title":{"rendered":"Kronprinsesse Victoria stepper inn p\u00e5 julearrangement"},"content":{"rendered":"<p class=\"kicker \" style=\"\">Dronning Silvia og kronprinsesse Victoria:<\/p>\n<p>  Da dronningen meldte avbud m\u00e5tte kronprinsesse Victoria steppe inn.<\/p>\n<p>\n    MELDTE AVBUD: Sykdommen satte en stopper for dronning Silvia. Foto: SplashNews \/ NTB\n  <\/p>\n<p><a href=\"https:\/\/www.dagbladet.no\/kjendis\/trodde-det-var-en-bombe\/83693177\" rel=\"nofollow noopener\" target=\"_blank\">Dronning Silvia (81)<\/a> har blitt syk, det meldte <a href=\"https:\/\/www.svenskdam.se\/kungligt\/just-nu-drottningen-har-lamnat-aterbud-victoria-ersatter\/11165553\" rel=\"nofollow noopener\" target=\"_blank\">Svensk Damtidning<\/a> mandag.<\/p>\n<p>Dronningen skulle delta p\u00e5 et julearrangement, som hun if\u00f8lge ukebladet pleier \u00e5 glede seg til. Slik ble det derimot ikke. Hun m\u00e5tte i stedet avlyse i siste liten da sykdommen satte en stopper for planene.<\/p>\n<p>    <a itemprop=\"url\" href=\"https:\/\/www.dagbladet.no\/kjendis\/lever-pa-lant-tid\/83921027\" rel=\"nofollow noopener\" target=\"_blank\"><\/p>\n<p>      <img loading=\"lazy\" decoding=\"async\" src=\"https:\/\/www.europesays.com\/no\/wp-content\/uploads\/2025\/12\/83922634.webp\" width=\"980\" height=\"441\" title=\"- Lever p\u00e5 l\u00e5nt tid\" alt=\"\" class=\"lazyload\" style=\"--aspect-ratio-image: 2.22; \"\/><\/p>\n<p>        &#8211; Lever p\u00e5 l\u00e5nt tid<\/p>\n<p>    <\/a><\/p>\n<p>Det bekreftet hoffet i en kommentar til det svenske ukebladet.<\/p>\n<p>&#8211; Hennes majestet dronningen er rammet av en forkj\u00f8lelse og har av hensyn til de andre deltakerne avlyst dagens avtale, skriver hoffet i en kommentar til Svensk Dam.<\/p>\n<p>        UTVIST: Den britiske kongefamilien sendte et tydelig signal med kunngj\u00f8ringen om at prins Andrew blir fratatt sine kongelige titler. Beskjeden kom etter avd\u00f8de Virginia Robert Guiffres memoarer ble utgitt, et av de mest sentrale ofrene i Jeffrey Epstein-saken. I boka beskrev hun de gjentatte overgrepene hun hevdet den tidligere prinsen uttsatt henne for, da hun var 17 \u00e5r. Reporter: Sanne Holt\/ R\u00f8d L\u00f8per. Video: NTB\/ AFP\/ YouTube\/ @BBCNews\/ @Netflix\/ @60MinutesAustralia <\/p>\n<p>Arrangementet var Den tyske kvinneklubbs \u00e5rlige adventsfest. I stedet for et bes\u00f8k av dronningen, fikk adventsfesten et bes\u00f8k av datteren, kronprinsesse Victoria (48).<\/p>\n<p>          <img loading=\"lazy\" decoding=\"async\" src=\"https:\/\/www.europesays.com\/no\/wp-content\/uploads\/2025\/12\/83925148.webp\" width=\"686\" height=\"1029\" title=\"ERSTATNINGEN: Kronprinsesse Victoria steppet inn da dronningen ikke kunne m\u00f8te. Foto: Markus Schreiber \/ AP Photo \/ NTB\" alt=\"\" class=\"\" style=\"--aspect-ratio-image: 0.67; \"\/><\/p>\n<p>\n          ERSTATNINGEN: Kronprinsesse Victoria steppet inn da dronningen ikke kunne m\u00f8te. Foto: Markus Schreiber \/ AP Photo \/ NTB\n      <\/p>\n<p>Den tyske dameklubben i Stockholm har rundt 100 medlemmer og m\u00f8tes jevnlig for \u00e5 snakke tysk og nyte tysk kultur, musikk og kunst. Dronning Silvia har v\u00e6rt medlem helt siden hun kom til Sverige i 1976.<\/p>\n<p>    <a itemprop=\"url\" href=\"https:\/\/www.dagbladet.no\/kjendis\/reaksjonene-haglet-gjor-helomvending\/83914924\" rel=\"nofollow noopener\" target=\"_blank\"><\/p>\n<p>      <img loading=\"lazy\" decoding=\"async\" src=\"https:\/\/www.europesays.com\/no\/wp-content\/uploads\/2025\/12\/1764689561_163_83914935.webp\" width=\"980\" height=\"441\" title=\"Reaksjonene haglet: Gj\u00f8r helomvending\" alt=\"\" class=\"lazyload\" style=\"--aspect-ratio-image: 2.22; \"\/><\/p>\n<p>        Reaksjonene haglet: Gj\u00f8r helomvending<\/p>\n<p>    <\/a><\/p>\n<p>81-\u00e5ringen er selv f\u00f8dt i Heidelberg i Tyskland.<\/p>\n<p>Det var ogs\u00e5 i Tyskland hun m\u00f8tte Sveriges kong Carl Gustaf under OL i M\u00fcnchen i 1972. De giftet seg fire \u00e5r seinere.<\/p>\n<p>        SKAL VI DANSE: Under kveldens sending danset influenser Tale Torjussen for bestevenninnen sin, Leah Behn. Video: TV2 \/ Dagbladet<\/p>\n<p>Kronprinsesse Victoria er p\u00e5 sin side gift med prins Daniel (52), og er den f\u00f8rste i den svenske arverekken etter sin far, kong Carl Gustaf (79).<\/p>\n","protected":false},"excerpt":{"rendered":"Dronning Silvia og kronprinsesse Victoria: Da dronningen meldte avbud m\u00e5tte kronprinsesse Victoria steppe inn. MELDTE AVBUD: Sykdommen satte&hellip;\n","protected":false},"author":2,"featured_media":102323,"comment_status":"","ping_status":"","sticky":false,"template":"","format":"standard","meta":{"footnotes":""},"categories":[12],"tags":[20,21,5036,8360,24,25,15,479,5037,22,23,13,30,28,29,14,16,26,27,42,43,44,45],"class_list":{"0":"post-102322","1":"post","2":"type-post","3":"status-publish","4":"format-standard","5":"has-post-thumbnail","7":"category-verden","8":"tag-breaking-news","9":"tag-breakingnews","10":"tag-det-svenske-kongehuset","11":"tag-dronning-silvia","12":"tag-featured-news","13":"tag-featurednews","14":"tag-headlines","15":"tag-kjendis","16":"tag-kronprinsesse-victoria","17":"tag-latest-news","18":"tag-latestnews","19":"tag-news","20":"tag-no","21":"tag-norge","22":"tag-norway","23":"tag-nyheter","24":"tag-overskrifter","25":"tag-top-stories","26":"tag-topstories","27":"tag-verden","28":"tag-world","29":"tag-world-news","30":"tag-worldnews"},"share_on_mastodon":{"url":"https:\/\/pubeurope.com\/@no\/115650700695088353","error":""},"_links":{"self":[{"href":"https:\/\/www.europesays.com\/no\/wp-json\/wp\/v2\/posts\/102322","targetHints":{"allow":["GET"]}}],"collection":[{"href":"https:\/\/www.europesays.com\/no\/wp-json\/wp\/v2\/posts"}],"about":[{"href":"https:\/\/www.europesays.com\/no\/wp-json\/wp\/v2\/types\/post"}],"author":[{"embeddable":true,"href":"https:\/\/www.europesays.com\/no\/wp-json\/wp\/v2\/users\/2"}],"replies":[{"embeddable":true,"href":"https:\/\/www.europesays.com\/no\/wp-json\/wp\/v2\/comments?post=102322"}],"version-history":[{"count":0,"href":"https:\/\/www.europesays.com\/no\/wp-json\/wp\/v2\/posts\/102322\/revisions"}],"wp:featuredmedia":[{"embeddable":true,"href":"https:\/\/www.europesays.com\/no\/wp-json\/wp\/v2\/media\/102323"}],"wp:attachment":[{"href":"https:\/\/www.europesays.com\/no\/wp-json\/wp\/v2\/media?parent=102322"}],"wp:term":[{"taxonomy":"category","embeddable":true,"href":"https:\/\/www.europesays.com\/no\/wp-json\/wp\/v2\/categories?post=102322"},{"taxonomy":"post_tag","embeddable":true,"href":"https:\/\/www.europesays.com\/no\/wp-json\/wp\/v2\/tags?post=102322"}],"curies":[{"name":"wp","href":"https:\/\/api.w.org\/{rel}","templated":true}]}}