{"id":102324,"date":"2025-12-02T15:33:37","date_gmt":"2025-12-02T15:33:37","guid":{"rendered":"https:\/\/www.europesays.com\/no\/102324\/"},"modified":"2025-12-02T15:33:37","modified_gmt":"2025-12-02T15:33:37","slug":"endringer-i-statsbudsjettet-gir-valdreskommunene-noen-kjaerkomne-millioner-ekstra-avisa-valdres","status":"publish","type":"post","link":"https:\/\/www.europesays.com\/no\/102324\/","title":{"rendered":"Endringer i statsbudsjettet gir valdreskommunene noen kj\u00e6rkomne millioner ekstra &#8211; Avisa Valdres"},"content":{"rendered":"<ol>\n<li><a href=\"https:\/\/news.google.com\/rss\/articles\/CBMiwgFBVV95cUxNMVRDdlZsdF9CdTJMVXViMzlmVEpLd2hTWkE0WElMdnpuYWp4OTdZRk1xSU12SDE2NXRhYWVWSzZtSEpOc0h1SEFvNl91OGVUR2tsTWliT2JqcWNacU9UNnRfM0RJQ1RIc0U2N1RIMDZPRnlPMU9BekRSOTlvTzAxR25qNVRxcjdocUpPMERQMGhQeURRSDRBcmJhYy1kSXpoc0M3ZlpMUy1zMEV2RlBhcF9nUW5yWFNlaXo3V1Zhc3BmQQ?oc=5\" target=\"_blank\" rel=\"nofollow noopener\">Endringer i statsbudsjettet gir valdreskommunene noen kj\u00e6rkomne millioner ekstra<\/a>&nbsp;&nbsp;Avisa Valdres<\/li>\n<li><a href=\"https:\/\/news.google.com\/rss\/articles\/CBMimAFBVV95cUxQbEVUSU1YWVFLalJIVlNBd0d4ZHVNXzZpa1VKQThfOHNGY3JnYTl3OU1PazZ5a19mNk5BT1llU2NzWXl4TVNuZV90T3RxUlhOaWg0d2VkOWpNaGlyZE9EWWE4Zm1tY1NXVnBNMktmaG5vU3NIbTFycTk4endUbjdoWHBfOThwRXRpVGltNkZtaXdUeXlSQVl4bQ?oc=5\" target=\"_blank\" rel=\"nofollow noopener\">Oster\u00f8y og Bergen kan f\u00e5 fleire millionar ekstra<\/a>&nbsp;&nbsp;bygdanytt.no<\/li>\n<li><a href=\"https:\/\/news.google.com\/rss\/articles\/CBMimwFBVV95cUxOeEpUM0EzR2g4UVc2RzY2NTlyOW51Vkc3NXRWbkw4azJaQWNpQWp0ZnZIRHVjSDZUeWVPVUMxU0JLMGxQVFROUUV2SVFpZ05uN0s2QlIwWkZpMjJ0dTY0M2pIUVVLOGlMTU1mVERTQ0c0ZDhNTTNxeVJrZmhxM1o5azVwdWVNXy1NcUpPRFNlbC1SWHdobUx6MmdlTQ?oc=5\" target=\"_blank\" rel=\"nofollow noopener\">Krise i statsbudsjettet \u2013 mistar ikkje nattes\u00f8vnen<\/a>&nbsp;&nbsp;hallingdolen.no<\/li>\n<li><a href=\"https:\/\/news.google.com\/rss\/articles\/CBMirAFBVV95cUxObmwzZTlKZnpIb1FSd0lpUDRhMy1ROVpGazNhbDlJajNwWWQteFdXUWdrVFBtLUs1RUVLeFV4MThjTTVFMXFvX2VNa2EwZzhtaW5kVzMyRmJhVldvZTdHSzhtaTBxWVhRLUMyTFF1NlAzRDhwTF9rWU1NS2YtaFpJVHVMclR2dHdkTjA4bUJrX1BESTZKQjRaTTRMT3czR0dyMHFLMWtLZkZScDZf?oc=5\" target=\"_blank\" rel=\"nofollow noopener\">(+) Alta f\u00e5r tosifret millioner i merinntekt gjennom budsjettforslag<\/a>&nbsp;&nbsp;altaposten.no<\/li>\n<li><a href=\"https:\/\/news.google.com\/rss\/articles\/CBMiggFBVV95cUxNUGJrUUpHOFk2aUExclhLZHE0VFJ0WXNNNzd3UTVpX0k4akUwZnZUaWF1V2NKZi1UZUFoWWYxTkhoOWc5YVhtM1p5ckRJeWQyeDVQczBFb3hoSXNyTlRxX3RjTE9xamJocm50aGFtRWZQcV9BV191N0ZJak1FeTluLU9R?oc=5\" target=\"_blank\" rel=\"nofollow noopener\">(+) 20 millioner til kommunene i Vester\u00e5len<\/a>&nbsp;&nbsp;vol.no<\/li>\n<\/ol>\n","protected":false},"excerpt":{"rendered":"Endringer i statsbudsjettet gir valdreskommunene noen kj\u00e6rkomne millioner ekstra&nbsp;&nbsp;Avisa Valdres Oster\u00f8y og Bergen kan f\u00e5 fleire millionar ekstra&nbsp;&nbsp;bygdanytt.no&hellip;\n","protected":false},"author":2,"featured_media":102325,"comment_status":"","ping_status":"","sticky":false,"template":"","format":"standard","meta":{"footnotes":""},"categories":[10],"tags":[20,21,24,25,15,22,23,13,30,28,29,14,16,26,27],"class_list":{"0":"post-102324","1":"post","2":"type-post","3":"status-publish","4":"format-standard","5":"has-post-thumbnail","7":"category-norge","8":"tag-breaking-news","9":"tag-breakingnews","10":"tag-featured-news","11":"tag-featurednews","12":"tag-headlines","13":"tag-latest-news","14":"tag-latestnews","15":"tag-news","16":"tag-no","17":"tag-norge","18":"tag-norway","19":"tag-nyheter","20":"tag-overskrifter","21":"tag-top-stories","22":"tag-topstories"},"share_on_mastodon":{"url":"https:\/\/pubeurope.com\/@no\/115650704341155065","error":""},"_links":{"self":[{"href":"https:\/\/www.europesays.com\/no\/wp-json\/wp\/v2\/posts\/102324","targetHints":{"allow":["GET"]}}],"collection":[{"href":"https:\/\/www.europesays.com\/no\/wp-json\/wp\/v2\/posts"}],"about":[{"href":"https:\/\/www.europesays.com\/no\/wp-json\/wp\/v2\/types\/post"}],"author":[{"embeddable":true,"href":"https:\/\/www.europesays.com\/no\/wp-json\/wp\/v2\/users\/2"}],"replies":[{"embeddable":true,"href":"https:\/\/www.europesays.com\/no\/wp-json\/wp\/v2\/comments?post=102324"}],"version-history":[{"count":0,"href":"https:\/\/www.europesays.com\/no\/wp-json\/wp\/v2\/posts\/102324\/revisions"}],"wp:featuredmedia":[{"embeddable":true,"href":"https:\/\/www.europesays.com\/no\/wp-json\/wp\/v2\/media\/102325"}],"wp:attachment":[{"href":"https:\/\/www.europesays.com\/no\/wp-json\/wp\/v2\/media?parent=102324"}],"wp:term":[{"taxonomy":"category","embeddable":true,"href":"https:\/\/www.europesays.com\/no\/wp-json\/wp\/v2\/categories?post=102324"},{"taxonomy":"post_tag","embeddable":true,"href":"https:\/\/www.europesays.com\/no\/wp-json\/wp\/v2\/tags?post=102324"}],"curies":[{"name":"wp","href":"https:\/\/api.w.org\/{rel}","templated":true}]}}