{"id":102326,"date":"2025-12-02T15:41:38","date_gmt":"2025-12-02T15:41:38","guid":{"rendered":"https:\/\/www.europesays.com\/no\/102326\/"},"modified":"2025-12-02T15:41:38","modified_gmt":"2025-12-02T15:41:38","slug":"bondevik-spar-kabinettssporsmal-om-budsjettet","status":"publish","type":"post","link":"https:\/\/www.europesays.com\/no\/102326\/","title":{"rendered":"Bondevik sp\u00e5r kabinettssp\u00f8rsm\u00e5l om budsjettet"},"content":{"rendered":"<p>\n        Kjell Magne Bondevik i forbindelse med stortingsvalget tidligere i \u00e5r.<br \/>\n        Heiko Junge \/ NTB\n    <\/p>\n<p>    Det g\u00e5r mot kabinettssp\u00f8rsm\u00e5l fra statsminister Jonas Gahr St\u00f8re (Ap) om statsbudsjettet fredag, tror tidligere KrF-topp og statsminister Kjell Magne Bondevik.<\/p>\n<p>\nOverfor <a href=\"https:\/\/www.vl.no\/nyheter\/han-er-ekspert-pa-kabinettssporsmal-slik-tror-bondevik-at-budsjettkrisen-ender\/10086198?utm_campaign=Han+er+ekspert+p%C3%A5+kabinettssp%C3%B8rsm%C3%A5l+%E2%80%93+slik+tror+Bondevik+at+budsjettkrisen+ender&amp;utm_source=newsletter_make&amp;utm_medium=email&amp;utm_term=%0ALes+mer%0A&amp;utm_content=Han+er+ekspert+p%C3%A5+kabinettssp%C3%B8rsm%C3%A5l+%E2%80%93+slik+tror+Bondevik+at+budsjettkrisen+ender+lDEQ-TLhnrc51scH4zfouw\" rel=\"nofollow noopener\" target=\"_blank\">V\u00e5rt Land<\/a> uttrykker Bondevik overraskelse over at situasjonen har blitt s\u00e5 vanskelig allerede ved f\u00f8rste budsjettforhandling \u2013 selv om han regnet med at en s\u00e5 bred koalisjon ville m\u00f8te problemer.<\/p>\n<p>\u2013 For p\u00e5 en del omr\u00e5der er det langt mellom politikken til disse fem partiene, sier han.<\/p>\n<p>Bondevik var statsminister fra 1997 til 2000 og igjen fra 2001 til 2005. Han tydde da til kabinettssp\u00f8rsm\u00e5l.<\/p>\n","protected":false},"excerpt":{"rendered":"Kjell Magne Bondevik i forbindelse med stortingsvalget tidligere i \u00e5r. Heiko Junge \/ NTB Det g\u00e5r mot kabinettssp\u00f8rsm\u00e5l&hellip;\n","protected":false},"author":2,"featured_media":102327,"comment_status":"","ping_status":"","sticky":false,"template":"","format":"standard","meta":{"footnotes":""},"categories":[10],"tags":[20,21,24,25,15,22,23,13,30,28,29,14,16,26,27],"class_list":{"0":"post-102326","1":"post","2":"type-post","3":"status-publish","4":"format-standard","5":"has-post-thumbnail","7":"category-norge","8":"tag-breaking-news","9":"tag-breakingnews","10":"tag-featured-news","11":"tag-featurednews","12":"tag-headlines","13":"tag-latest-news","14":"tag-latestnews","15":"tag-news","16":"tag-no","17":"tag-norge","18":"tag-norway","19":"tag-nyheter","20":"tag-overskrifter","21":"tag-top-stories","22":"tag-topstories"},"share_on_mastodon":{"url":"https:\/\/pubeurope.com\/@no\/115650735931594305","error":""},"_links":{"self":[{"href":"https:\/\/www.europesays.com\/no\/wp-json\/wp\/v2\/posts\/102326","targetHints":{"allow":["GET"]}}],"collection":[{"href":"https:\/\/www.europesays.com\/no\/wp-json\/wp\/v2\/posts"}],"about":[{"href":"https:\/\/www.europesays.com\/no\/wp-json\/wp\/v2\/types\/post"}],"author":[{"embeddable":true,"href":"https:\/\/www.europesays.com\/no\/wp-json\/wp\/v2\/users\/2"}],"replies":[{"embeddable":true,"href":"https:\/\/www.europesays.com\/no\/wp-json\/wp\/v2\/comments?post=102326"}],"version-history":[{"count":0,"href":"https:\/\/www.europesays.com\/no\/wp-json\/wp\/v2\/posts\/102326\/revisions"}],"wp:featuredmedia":[{"embeddable":true,"href":"https:\/\/www.europesays.com\/no\/wp-json\/wp\/v2\/media\/102327"}],"wp:attachment":[{"href":"https:\/\/www.europesays.com\/no\/wp-json\/wp\/v2\/media?parent=102326"}],"wp:term":[{"taxonomy":"category","embeddable":true,"href":"https:\/\/www.europesays.com\/no\/wp-json\/wp\/v2\/categories?post=102326"},{"taxonomy":"post_tag","embeddable":true,"href":"https:\/\/www.europesays.com\/no\/wp-json\/wp\/v2\/tags?post=102326"}],"curies":[{"name":"wp","href":"https:\/\/api.w.org\/{rel}","templated":true}]}}