{"id":102328,"date":"2025-12-02T15:42:18","date_gmt":"2025-12-02T15:42:18","guid":{"rendered":"https:\/\/www.europesays.com\/no\/102328\/"},"modified":"2025-12-02T15:42:18","modified_gmt":"2025-12-02T15:42:18","slug":"eurosonen-uventet-okning-i-inflasjonen","status":"publish","type":"post","link":"https:\/\/www.europesays.com\/no\/102328\/","title":{"rendered":"Eurosonen: Uventet \u00f8kning i inflasjonen"},"content":{"rendered":"<p>Inflasjonen i eurosonen \u00f8kte til 2,2 prosent i november, fra 2,1 prosent m\u00e5neden f\u00f8r, viser ferske tall fra <a href=\"https:\/\/ec.europa.eu\/eurostat\/web\/products-euro-indicators\/w\/2-02122025-ap\" target=\"_blank\" rel=\"nofollow noopener\">Eurostat<\/a> tirsdag.<\/p>\n<p><b>If\u00f8lge <a href=\"https:\/\/tradingeconomics.com\/euro-area\/inflation-cpi\" target=\"_blank\" rel=\"nofollow noopener\">Trading Economics<\/a> var det ventet en uendret prisvekst p\u00e5 2,1 prosent.<\/b><\/p>\n<p>P\u00e5 m\u00e5nedsbasis var inflasjonen minus 0,3 prosent, mot pluss 0,2 prosent m\u00e5neden f\u00f8r.<\/p>\n<p>Tjenesteinflasjonen \u00f8kte fra 3,4 til 3,5 prosent, det h\u00f8yeste niv\u00e5et siden april, mens energiprisene falt i et langsommere tempo enn tidligere.<\/p>\n<p>Kjerneinflasjonen i eurosonen kom inn p\u00e5 2,4 prosent, uendret fra m\u00e5neden f\u00f8r, mens konsensus pekte mot 2,5 prosent. Her ekskluderes mer volatile komponenter som mat og energi.<\/p>\n<p>\u2013 Det m\u00e5 nok en god del h\u00f8yere inflasjon til enn dette om sentralbanken skal bli bekymret, sier Kyrre M. Knudsen, sjef\u00f8konom i SpareBank 1 S\u00f8r-Norge, i en kommentar til flashtallene. Han tror det blir uendret rente i EU en god stund.<\/p>\n<p class=\"subhead\" data-element-type=\"subhead\" data-element-label=\"Mellomtittel\">Uendrede renter<\/p>\n<p>Den europeiske sentralbanks (ESB) holdt rentene <a href=\"https:\/\/www.finansavisen.no\/makro\/2025\/10\/30\/8303612\/esb-holder-renten-i-ro\" target=\"_blank\" rel=\"nofollow noopener\">uendret for tredje gang p\u00e5 rad<\/a> sent i oktober, med en innskuddsrente p\u00e5 2,00 prosent, der den har ligget siden 5. juni.<\/p>\n<p>ESBs vurdering da var\u00a0at \u00abinflasjonsutsiktene er omtrent uendret\u00bb.<\/p>\n<p><b>Sentralbankens inflasjonsm\u00e5l ligger p\u00e5 2 prosent.<\/b><\/p>\n<p data-element-label=\"Mellomtittel\" class=\"subhead\" data-element-type=\"subhead\">Uendret ledighet<\/p>\n<p>Separate tall fra Eurostat tirsdag viser en arbeidsledighet p\u00e5 6,4 prosent i november, uendret fra m\u00e5neden f\u00f8r.<\/p>\n<p>P\u00e5 forh\u00e5nd var det ventet en nedgang til 6,3 prosent.<\/p>\n<p>\u2013 I europeisk sammenheng er det fortsatt en lav arbeidsledighet, men det at den stiger tilsier at det er noe mindre press i \u00f8konomien, sier Knudsen.<\/p>\n","protected":false},"excerpt":{"rendered":"Inflasjonen i eurosonen \u00f8kte til 2,2 prosent i november, fra 2,1 prosent m\u00e5neden f\u00f8r, viser ferske tall fra&hellip;\n","protected":false},"author":2,"featured_media":102329,"comment_status":"","ping_status":"","sticky":false,"template":"","format":"standard","meta":{"footnotes":""},"categories":[5],"tags":[20,21,24,25,15,19,22,23,17,18,13,30,28,29,14,16,26,27],"class_list":{"0":"post-102328","1":"post","2":"type-post","3":"status-publish","4":"format-standard","5":"has-post-thumbnail","7":"category-overskrifter","8":"tag-breaking-news","9":"tag-breakingnews","10":"tag-featured-news","11":"tag-featurednews","12":"tag-headlines","13":"tag-hovedoppslag","14":"tag-latest-news","15":"tag-latestnews","16":"tag-main-news","17":"tag-mainnews","18":"tag-news","19":"tag-no","20":"tag-norge","21":"tag-norway","22":"tag-nyheter","23":"tag-overskrifter","24":"tag-top-stories","25":"tag-topstories"},"share_on_mastodon":{"url":"https:\/\/pubeurope.com\/@no\/115650739764469756","error":""},"_links":{"self":[{"href":"https:\/\/www.europesays.com\/no\/wp-json\/wp\/v2\/posts\/102328","targetHints":{"allow":["GET"]}}],"collection":[{"href":"https:\/\/www.europesays.com\/no\/wp-json\/wp\/v2\/posts"}],"about":[{"href":"https:\/\/www.europesays.com\/no\/wp-json\/wp\/v2\/types\/post"}],"author":[{"embeddable":true,"href":"https:\/\/www.europesays.com\/no\/wp-json\/wp\/v2\/users\/2"}],"replies":[{"embeddable":true,"href":"https:\/\/www.europesays.com\/no\/wp-json\/wp\/v2\/comments?post=102328"}],"version-history":[{"count":0,"href":"https:\/\/www.europesays.com\/no\/wp-json\/wp\/v2\/posts\/102328\/revisions"}],"wp:featuredmedia":[{"embeddable":true,"href":"https:\/\/www.europesays.com\/no\/wp-json\/wp\/v2\/media\/102329"}],"wp:attachment":[{"href":"https:\/\/www.europesays.com\/no\/wp-json\/wp\/v2\/media?parent=102328"}],"wp:term":[{"taxonomy":"category","embeddable":true,"href":"https:\/\/www.europesays.com\/no\/wp-json\/wp\/v2\/categories?post=102328"},{"taxonomy":"post_tag","embeddable":true,"href":"https:\/\/www.europesays.com\/no\/wp-json\/wp\/v2\/tags?post=102328"}],"curies":[{"name":"wp","href":"https:\/\/api.w.org\/{rel}","templated":true}]}}