{"id":102330,"date":"2025-12-02T15:48:11","date_gmt":"2025-12-02T15:48:11","guid":{"rendered":"https:\/\/www.europesays.com\/no\/102330\/"},"modified":"2025-12-02T15:48:11","modified_gmt":"2025-12-02T15:48:11","slug":"meningsmaling-infact-mdg-gar-mot-store-velgerne-svarer-i-maling","status":"publish","type":"post","link":"https:\/\/www.europesays.com\/no\/102330\/","title":{"rendered":"Meningsm\u00e5ling, InFact | MDG g\u00e5r mot St\u00f8re: Velgerne svarer i m\u00e5ling"},"content":{"rendered":"\n<p>Milj\u00f8partiet De Gr\u00f8nne (MDG) har lagt seg ut med regjeringen etter bruddet i budsjettforhandlingene.<\/p>\n<p>N\u00e5 f\u00e5r partiet svar fra velgerne i Nettavisens ferske m\u00e5ling fra InFact. Der f\u00e5r MDG en oppslutning p\u00e5 4,9 prosent. Det er fram 1,2 prosentpoeng fra november.<\/p>\n<p>\u2013 Dette er meget gledelig. Det viser at folk setter pris p\u00e5 et parti som tar kampen for trygghet for oss selv og for barna v\u00e5re, sier MDG-leder Arild Hermstad til Nettavisen<\/p>\n<p>M\u00e5lingen er tatt opp mandag 1. desember, to dager etter at MDG og SV forlot forhandlingene p\u00e5 Stortinget. <\/p>\n<p><b>Les ogs\u00e5: <\/b><a class=\"simple-relation related-teaser article--c-eRUmMG article--c-eRUmMG-fZoQSp-design-nettavisen article--c-eRUmMG-gwthdJ-cv\" href=\"https:\/\/www.nettavisen.no\/nettavisen-avslorer-tok-rotta-pa-sv-og-mdg\/s\/5-95-2757300\" rel=\"nofollow noopener\" target=\"_blank\">Nettavisen avsl\u00f8rer: R\u00f8dt tok rotta p\u00e5 SV<\/a><\/p>\n<p>\u2013 Tar kampen n\u00e5<\/p>\n<p>Hermstad har \u00e5pnet for \u00e5 felle Jonas Gahr St\u00f8re (Ap) som statsminister, dersom de ikke f\u00e5r viktige gjennomslag i oljepolitikken.<\/p>\n<p>\u2013 Vi lovte \u00e5 gj\u00f8re St\u00f8re gr\u00f8nnere, og den kampen tar vi n\u00e5, sier han, og p\u00e5peker:<\/p>\n<p>\u2013 Vi \u00f8nsker et statsbudsjett som kutter utslipp, tar vare p\u00e5 naturen v\u00e5r og starter omstillingen av norsk \u00f8konomi og ut av oljeavhengigheten, samtidig som vi l\u00f8fter de som sitter nederst ved bordet.<\/p>\n<p>   <img decoding=\"async\" width=\"8640\" height=\"5760\" fetchpriority=\"low\"  loading=\"lazy\"  src=\"https:\/\/www.europesays.com\/no\/wp-content\/uploads\/2025\/12\/FSTSstTs85E.jpg\" alt=\"Oslo 20251114. &#10;Partileder Arild Hermstad og nestleder Ingrid Liland legger frem MDGs alternative statsbudsjett.&#10;Foto: Ole Berg-Rusten \/ NTB\" class=\"brick-c-cFOWSL\" style=\"--brick-image-ratio: 8640 \/ 5760;\"\/><\/p>\n<p>      OLJE-KRAV: Hermstad og nestleder Ingrid Liland hadde med seg en oljet\u00f8nne da de la fram MDGs alternative statsbudsjett.<br \/>\n      Foto: Ole Berg-Rusten\n    <\/p>\n<p><b>Les ogs\u00e5: <\/b><a class=\"simple-relation related-teaser article--c-eRUmMG article--c-eRUmMG-fZoQSp-design-nettavisen article--c-eRUmMG-gwthdJ-cv\" href=\"https:\/\/www.nettavisen.no\/bergsto-slaktes-av-sine-egne-er-partilederen-fredet\/s\/5-95-2756718\" rel=\"nofollow noopener\" target=\"_blank\">Bergst\u00f8 slaktes av sine egne: \u2013 Er partilederen fredet?<\/a><\/p>\n<p>En ordknapp Hermstad ble fotfulgt av pressen i stortingskorridorene tirsdag, der samtaler n\u00e5 p\u00e5g\u00e5r mellom Arbeiderpartiet, SV og MDG. <\/p>\n<p>\u2013 Det er mitt h\u00e5p at vi kommer i m\u00e5l, men da m\u00e5 Arbeiderpartiet v\u00e6re villig til \u00e5 ta noen steg i v\u00e5r retning, sier han til Nettavisen.<\/p>\n<p>MDGs framgang er imidlertid ikke st\u00f8rre enn feilmarginen, og dermed ikke signifikant. Normalt krever meningsm\u00e5lingsbyr\u00e5ene 95 prosent sikkerhet for \u00e5 si at fremgangen er signifikant.<\/p>\n<p>Med samme regnemetode er det med 90 prosent sannsynlighet for at framgangen er st\u00f8rre enn feilmarginen.<\/p>\n<p>            Fakta om desemberm\u00e5lingen<\/p>\n<p>  \u2013 Ap-velgere p\u00e5 gjerdet<\/p>\n<p>Flertallet glipper imidlertid for St\u00f8re, og han ville ha mistet jobben dersom m\u00e5lingen hadde v\u00e6rt valgresultatet. <\/p>\n<p>De borgerlige partiene f\u00e5r til sammen 90 mandater p\u00e5 Stortinget (85 gir flertall), mens de r\u00f8dgr\u00f8nne partiene 79 mandater.<\/p>\n<p>   <img decoding=\"async\" width=\"7952\" height=\"5304\" fetchpriority=\"low\"  loading=\"lazy\"  src=\"https:\/\/www.europesays.com\/no\/wp-content\/uploads\/2025\/12\/Jonas+Gahr+St%C3%B8re.jpg\" alt=\"Oslo 20251127. &#10;Ap-leder Jonas Gahr St\u00f8re p\u00e5 vei inn til programleder Fredrik Solvangs siste sending av Debatten p\u00e5 NRK torsdag kveld.&#10;Foto: Thomas Fure \/ NTB\" class=\"brick-c-cFOWSL\" style=\"--brick-image-ratio: 7952 \/ 5304;\"\/><\/p>\n<p>      NED: Ap-leder og statsminister Jonas Gahr St\u00f8re ender p\u00e5 21-tallet i Nettavisens ferske m\u00e5ling.<br \/>\n      Foto: Thomas Fure\n    <\/p>\n<p>Arbeiderpartiet f\u00e5r 21,6 prosent, som er tilbake 0,7 prosentpoeng fra november. Mens SV, som ogs\u00e5 har brutt budsjettforhandlingene, f\u00e5r 5,2 prosent (+0,4). <\/p>\n<p>\u2013 Det interessante er at mange av Ap-velgerne har satt seg p\u00e5 gjerdet. Jeg tror velgerne er litt usikre p\u00e5 hvordan dette sl\u00e5r ut og hvordan det skal tolkes, sier valgforsker Jonas Stein ved Universitetet i Troms\u00f8 til Nettavisen. <\/p>\n<p>I m\u00e5lingen tar H\u00f8yre en del velgere fra Arbeiderpartiet, men de mister samtidig velgere til Frp. Ingen av endringene for stortingspartiene er imidlertid statistisk signifikante.<\/p>\n<p><b>Les ogs\u00e5:<\/b><a class=\"simple-relation related-teaser article--c-eRUmMG article--c-eRUmMG-fZoQSp-design-nettavisen article--c-eRUmMG-gwthdJ-cv\" href=\"https:\/\/www.nettavisen.no\/brenna-sms-sjokkerte-partiene-velkommen-til-mitt-kontor\/s\/5-95-2756717\" rel=\"nofollow noopener\" target=\"_blank\">Brenna-SMS sjokkerte partiene: \u00abVelkommen til mitt kontor\u00bb<\/a><\/p>\n<p>R\u00f8dt og Senterpartiet<\/p>\n<p>Senterpartiet og R\u00f8dt, som l\u00f8rdag ble enige om et budsjettforslag med regjeringen, f\u00e5r henholdsvis 5,7 (-0,2) og 7,2 (-0,2) prosent.<\/p>\n<p>Mens fremskrittspartiet er det klart st\u00f8rste partiet med 27,9 prosent, som er fram 0,8 prosentpoeng.<\/p>\n<p>H\u00f8yre f\u00e5r 17,4 prosent (+0,5), KrF 4,0 prosent (-0,2), Venstre 3,2 prosent (-0,5) og Andre partier 2,8 prosent (-1,1). <\/p>\n<p>    Vil du se neste video?<\/p>\n<p>    <a href=\"https:\/\/www.nettavisen.no\/fredrik-solvang\/jonas-gahr-store\/debatten\/fredrik-solvang-himler-av-jonas-gahr-store-men-i-alle\/v\/5-95-2751917\" class=\"recommend-poster\" data-adp-clicklabel=\"video-recommend\" data-adp-clickvalue=\"poster\" rel=\"nofollow noopener\" target=\"_blank\"><br \/>\n      <img decoding=\"async\" width=\"200\" height=\"200\" loading=\"lazy\" src=\"https:\/\/www.europesays.com\/no\/wp-content\/uploads\/2025\/11\/Solvang+bredde.jpg\" alt=\"\" class=\"brick-c-cFOWSL\" style=\"--brick-image-ratio: 200 \/ 200;\"\/><\/p>\n<p>Himler av St\u00f8re: \u2013 Men i alle\u20261:06<\/p>\n<p>    <\/a><\/p>\n","protected":false},"excerpt":{"rendered":"Milj\u00f8partiet De Gr\u00f8nne (MDG) har lagt seg ut med regjeringen etter bruddet i budsjettforhandlingene. N\u00e5 f\u00e5r partiet svar&hellip;\n","protected":false},"author":2,"featured_media":102331,"comment_status":"","ping_status":"","sticky":false,"template":"","format":"standard","meta":{"footnotes":""},"categories":[10],"tags":[20,21,24,25,15,22,23,13,30,28,29,14,16,26,27],"class_list":{"0":"post-102330","1":"post","2":"type-post","3":"status-publish","4":"format-standard","5":"has-post-thumbnail","7":"category-norge","8":"tag-breaking-news","9":"tag-breakingnews","10":"tag-featured-news","11":"tag-featurednews","12":"tag-headlines","13":"tag-latest-news","14":"tag-latestnews","15":"tag-news","16":"tag-no","17":"tag-norge","18":"tag-norway","19":"tag-nyheter","20":"tag-overskrifter","21":"tag-top-stories","22":"tag-topstories"},"share_on_mastodon":{"url":"https:\/\/pubeurope.com\/@no\/115650763666536001","error":""},"_links":{"self":[{"href":"https:\/\/www.europesays.com\/no\/wp-json\/wp\/v2\/posts\/102330","targetHints":{"allow":["GET"]}}],"collection":[{"href":"https:\/\/www.europesays.com\/no\/wp-json\/wp\/v2\/posts"}],"about":[{"href":"https:\/\/www.europesays.com\/no\/wp-json\/wp\/v2\/types\/post"}],"author":[{"embeddable":true,"href":"https:\/\/www.europesays.com\/no\/wp-json\/wp\/v2\/users\/2"}],"replies":[{"embeddable":true,"href":"https:\/\/www.europesays.com\/no\/wp-json\/wp\/v2\/comments?post=102330"}],"version-history":[{"count":0,"href":"https:\/\/www.europesays.com\/no\/wp-json\/wp\/v2\/posts\/102330\/revisions"}],"wp:featuredmedia":[{"embeddable":true,"href":"https:\/\/www.europesays.com\/no\/wp-json\/wp\/v2\/media\/102331"}],"wp:attachment":[{"href":"https:\/\/www.europesays.com\/no\/wp-json\/wp\/v2\/media?parent=102330"}],"wp:term":[{"taxonomy":"category","embeddable":true,"href":"https:\/\/www.europesays.com\/no\/wp-json\/wp\/v2\/categories?post=102330"},{"taxonomy":"post_tag","embeddable":true,"href":"https:\/\/www.europesays.com\/no\/wp-json\/wp\/v2\/tags?post=102330"}],"curies":[{"name":"wp","href":"https:\/\/api.w.org\/{rel}","templated":true}]}}