{"id":102332,"date":"2025-12-02T15:49:44","date_gmt":"2025-12-02T15:49:44","guid":{"rendered":"https:\/\/www.europesays.com\/no\/102332\/"},"modified":"2025-12-02T15:49:44","modified_gmt":"2025-12-02T15:49:44","slug":"pa-plass-i-retten-laste-soveromsdora-mi","status":"publish","type":"post","link":"https:\/\/www.europesays.com\/no\/102332\/","title":{"rendered":"P\u00e5 plass i retten: &#8211; L\u00e5ste soveromsd\u00f8ra mi"},"content":{"rendered":"<p>Den 27 \u00e5r gamle mannen er tiltalt for \u00e5 ha truet med \u00e5 sende en torpedo p\u00e5 Haukland dersom hun ikke trakk anmeldelsen i straffesaken mot ekskj\u00e6resten Marius Borg H\u00f8iby.<\/p>\n<p>Det var politiet som tok ut anmeldelse mot H\u00f8iby, ikke Haukland selv.<\/p>\n<p>Mandag erkjente mannen straffskyld. Tirsdag skal Haukland vitne i Drammen tinghus.<\/p>\n<p>\u2013 Jeg var redd<\/p>\n<p>Litt over klokken 10 er Haukland p\u00e5 plass i retten.<\/p>\n<p>\u2013\u00a0Denne saken har v\u00e6rt veldig belastende for Nora Haukland, forklarer hennes bistandsadvokat Heidi Reisvang til TV 2 i forkant av Hauklands forklaring.<\/p>\n<p>\u2013\u00a0Hun kommer til \u00e5 si litt om det n\u00e5r hun setter seg i vitneboksen, hvordan dette p\u00e5virket henne da hun fikk denne e-posten og trusselen. Og s\u00e5 vil hun si litt om hvordan hun har hatt det i etterkant.<\/p>\n<p>        <img class=\"image__img lazyload\" itemprop=\"image\" title=\"Foto: Ingvill Sunnby \/ TV 2\" alt=\"BISTANDSADVOKAT: Nora Hauklands bistandsadvokat, Heidi Reisvang. Foto: Ingvill Sunnby \/ TV 2\" width=\"675\" height=\"453\" bad-src=\"https:\/\/www.europesays.com\/no\/wp-content\/uploads\/2025\/12\/18343158.webp\" fetchpriority=\"auto\" \/><\/p>\n<p>      BISTANDSADVOKAT: Nora Hauklands bistandsadvokat, Heidi Reisvang.<br \/>\n         Foto: Ingvill Sunnby \/ TV 2<\/p>\n<p>Like f\u00f8r 10.30 inntar Haukland vitneboksen.<\/p>\n<p>Hun forteller at hun var i en baby shower med en venninne da det tikket inn en epost. Haukland mottok eposten under en periode der hun fikk veldig mange eposter og meldinger, forteller hun.<\/p>\n<p>\u2013 S\u00e5 var det en epost som var truende, og i starten fors\u00f8kte jeg \u00e5 ikke ta det seri\u00f8st, for jeg er vant til mange rare meldinger. Men personen jeg var med da sa at dette var noe jeg m\u00e5tte ta seri\u00f8st. Jeg kjente at jeg ble ganske redd, og ble anbefalt \u00e5 ikke sove hjemme. Jeg ringte advokaten min, og de tok det veldig seri\u00f8st. Da ble jeg kanskje enda mer redd, forteller hun i retten.<\/p>\n<p>Frykten f\u00f8rte til at Haukland oppholdt seg i b\u00e5de Tyskland og Frankrike.<\/p>\n<p>\u2013 Jeg f\u00f8lte meg ikke trygg i leiligheten lenger. Det er et sted mange ser meg g\u00e5 inn og ut. Jeg l\u00e5ste soveromsd\u00f8ra mi da jeg kom hjem for ekstra sikkerhet.\u00a0<\/p>\n<p>\u2013 Jeg var redd for \u00e5 g\u00e5 ut en periode, bare det \u00e5 g\u00e5 p\u00e5 butikken. Det er fremdeles s\u00e5nn.\u00a0<\/p>\n<p>Fryktet bikermilj\u00f8<\/p>\n<p>Haukland forteller at hun er kjent med at Marius Borg H\u00f8iby er en del av et bikermilj\u00f8, og fryktet epostren kunne v\u00e6re sendt fra en fra dette milj\u00f8et.<\/p>\n<p>\u2013 Jeg tenkte f\u00f8rst at det kunne v\u00e6re noen i denne kretsen som presset meg.<\/p>\n<p>Eposten fra tiltalte tikket inn kort tid etter at Haukland fikk status som forn\u00e6rmet i tiltalen mot H\u00f8iby.\u00a0<\/p>\n<p>P\u00e5 sp\u00f8rsm\u00e5l om truslen fikk Haukland til \u00e5 ville trekke forklaringen i saken mot H\u00f8iby, svarer hun:<\/p>\n<p>        <img class=\"image__img lazyload\" itemprop=\"image\" title=\"Foto: Ingvill Sunnby \/ TV 2\" alt=\"BELASTENDE: Haukland beskriver truslene som belastende. Foto: Ingvill Sunnby \/ TV 2\" width=\"978\" height=\"551\" bad-src=\"https:\/\/www.europesays.com\/no\/wp-content\/uploads\/2025\/12\/18343131.webp\" fetchpriority=\"auto\" \/><\/p>\n<p>      BELASTENDE: Haukland beskriver truslene som belastende.<br \/>\n         Foto: Ingvill Sunnby \/ TV 2<\/p>\n<p>\u2013 Jeg forsto hvor belastende det kom til \u00e5 v\u00e6re, \u00e5 st\u00e5 i dette. Og at jeg i lang tid vil f\u00f8le meg utrygg og ikke vet hva slags mennesker som finnes der ute, sier hun i retten.<\/p>\n<p>Etter truslene har Haukland blitt redd for lyder utenfor soveromsvinduet, og blitt mer oppmerksom ute blant andre mennesker. Hun g\u00e5r sjeldnere alene ute.<\/p>\n<p>\u2013\u00a0Jeg har forst\u00e5tt at det finnes psykisk syke mennesker som f\u00f8ler at de har en relasjon til meg, som trenger \u00e5 f\u00f8le at de er en del av noe st\u00f8rre. At de ser p\u00e5 meg som noe farlig i saken jeg st\u00e5r i mot Marius. Jeg har alltid tenkt at jeg f\u00f8ler meg trygg i Norge. Man ser ikke alltid de menneskene, s\u00e5 verden blir plutselig mye skumlere.<\/p>\n<p>\u2013 Alt dette er vanskelig, sier Haukland, tydelig ber\u00f8rt.<\/p>\n<p>I etterkant av truslene sendte tiltalte en ny epost til Haukland for \u00e5 beklage og forklare at han \u00f8nsker seg kjendisvenner. Han avsluttet eposten med \u00e5 \u00f8nske Haukland \u00abgod jul\u00bb.<\/p>\n<p>\u2013 Jeg synes det er leit<\/p>\n<p>Etter Haukland, er det tiltalte som skal forklare seg. Han forteller at han sendte epostene til Haukland for \u00e5 skremme henne.\u00a0<\/p>\n<p>Tiltalte har ikke v\u00e6rt i avh\u00f8r, og forklarer seg om saken for f\u00f8rste gang i retten.<\/p>\n<p>\u2013 Jeg har ikke opplevd at noen i kongefamilien kan bli straffet p\u00e5 den m\u00e5ten, svarer tiltalte p\u00e5 sp\u00f8rsm\u00e5l om hvorfor han sendte eposten.<\/p>\n<p>Tiltalte f\u00e5r ogs\u00e5 sp\u00f8rsm\u00e5l om hvordan det er \u00e5 h\u00f8re Haukland i retten.<\/p>\n<p>\u2013 Jeg synes det er leit at hun skal v\u00e6re redd. Jeg h\u00e5per ikke at hun er det etterp\u00e5.<\/p>\n<p>Mannen forklarer at han leste p\u00e5 nyhetene at Haukland hadde mottatt trusler, og ble redd for at navnet hans skulle bli publisert.\u00a0<\/p>\n<p>\u2013 Jeg angrer litt p\u00e5 at jeg gjorde det her.<\/p>\n<p>I forkant av tiltaltes forklaring, forklarte 27-\u00e5ringens forsvarer Ole Magnus Str\u00f8mmen bakgrunnen for eposten.<\/p>\n<p>        <img class=\"image__img lazyload\" itemprop=\"image\" title=\"Foto: Ingvill Sunnby \/ TV 2\" alt=\"FORSVARER: Tiltaltes forsvarer, Ole Magnus Str\u00f8mmen. Foto: Ingvill Sunnby \/ TV 2\" width=\"675\" height=\"453\" bad-src=\"https:\/\/www.europesays.com\/no\/wp-content\/uploads\/2025\/12\/18343498.webp\" fetchpriority=\"auto\" \/><\/p>\n<p>      FORSVARER: Tiltaltes forsvarer, Ole Magnus Str\u00f8mmen.<br \/>\n         Foto: Ingvill Sunnby \/ TV 2<\/p>\n<p>\u00a0\u2013 Det er vel en blanding av spenningss\u00f8ken og noe som kanskje er litt vanskelig \u00e5 f\u00e5 tak p\u00e5, egentlig, sier Str\u00f8mmen til TV 2.<\/p>\n<p>\u2013 Hadde truslene en reell gjennomf\u00f8ringsfare?<\/p>\n<p>\u2013 Nei. Det sier aktor ogs\u00e5, det her er s\u00e5 typisk internettkriger som det g\u00e5r an \u00e5 f\u00e5 det, og det er ingen realitet i det. Jeg tror kanskje hvis man h\u00f8rer hans forklaring i retten, at man skj\u00f8nner at det her er ikke i det hele tatt alvorlig ment.<\/p>\n<p>Dette er saken<\/p>\n<p> L\u00f8rdag 14. september i fjor sendte mannen en epost til Nora Haukland hvor han skrev at han skulle sende en torpedo p\u00e5 henne. 27-\u00e5ringen er ogs\u00e5 tiltalt for \u00e5 h kontaktet en tidligere torpedo som han ba om \u00e5 kidnappe og drepe henne\u00a0dersom hun ikke betalte ham en million kroner.\u00a0<\/p>\n<p>Ogs\u00e5 H\u00f8ibys ekskj\u00e6reste Juliane Snekkestad (30) ble nevnt i eposten som tiltalte sendte til Haukland med torpedotrusler. Det kom frem i statsadvokat Christer Gangs\u00f8s innledningsforedrag, skriver <a href=\"https:\/\/www.dagbladet.no\/nyheter\/truet-med-torpedo-i-trussel-mail\/83925448\" rel=\"nofollow noopener\" target=\"_blank\">Dagbladet<\/a>. Snekkestad er ikke forn\u00e6rmet i saken.<\/p>\n<p> Eks-torpedoen skal vitne via fjernavh\u00f8r tirsdag.<\/p>\n<p>Tiltalte ble p\u00e5grepet i september i fjor og sitter varetektsfengslet. En rettspsykiatrisk unders\u00f8kelse konkluderer med lett psykisk utviklingshemming og lett autisme, men han anses \u00e5 ha skyldevne, if\u00f8lge <a href=\"https:\/\/www.dagbladet.no\/nyheter\/en-stor-belastning\/83921161?utm_source=sdrn%3Avg%3Aarticle%3AM7w0v5\" rel=\"nofollow noopener\" target=\"_blank\">Dagbladet.<\/a> <\/p>\n<p>27-\u00e5ringen er ogs\u00e5 tiltalt for en rekke andre forhold, blant annet trusler mot privatpersoner, Stortinget og utpressing av Kjell Inge R\u00f8kke og hans selskap Aker.<\/p>\n<p>Statsadvokat Gangs\u00f8 understreket i retten at det ikke er noe som taler for at mannen skulle gjennomf\u00f8re handlingene.<\/p>\n<p> Den tiltalte mannen har brukt falsk identitet ved flere av truslene.<\/p>\n<p>Det blir ogs\u00e5 spilt av et tilrettelagt avh\u00f8r med en av de forn\u00e6rmede, en barndomsvenn av tiltalte. Han mener tiltalte er i stand til \u00e5 mene alvor med truslene.<\/p>\n<p> Det er satt av fem dager til rettssaken. <\/p>\n","protected":false},"excerpt":{"rendered":"Den 27 \u00e5r gamle mannen er tiltalt for \u00e5 ha truet med \u00e5 sende en torpedo p\u00e5 Haukland&hellip;\n","protected":false},"author":2,"featured_media":102333,"comment_status":"","ping_status":"","sticky":false,"template":"","format":"standard","meta":{"footnotes":""},"categories":[5],"tags":[20,21,24,25,15,19,22,23,17,18,13,30,28,29,14,16,26,27],"class_list":{"0":"post-102332","1":"post","2":"type-post","3":"status-publish","4":"format-standard","5":"has-post-thumbnail","7":"category-overskrifter","8":"tag-breaking-news","9":"tag-breakingnews","10":"tag-featured-news","11":"tag-featurednews","12":"tag-headlines","13":"tag-hovedoppslag","14":"tag-latest-news","15":"tag-latestnews","16":"tag-main-news","17":"tag-mainnews","18":"tag-news","19":"tag-no","20":"tag-norge","21":"tag-norway","22":"tag-nyheter","23":"tag-overskrifter","24":"tag-top-stories","25":"tag-topstories"},"share_on_mastodon":{"url":"https:\/\/pubeurope.com\/@no\/115650767426551899","error":""},"_links":{"self":[{"href":"https:\/\/www.europesays.com\/no\/wp-json\/wp\/v2\/posts\/102332","targetHints":{"allow":["GET"]}}],"collection":[{"href":"https:\/\/www.europesays.com\/no\/wp-json\/wp\/v2\/posts"}],"about":[{"href":"https:\/\/www.europesays.com\/no\/wp-json\/wp\/v2\/types\/post"}],"author":[{"embeddable":true,"href":"https:\/\/www.europesays.com\/no\/wp-json\/wp\/v2\/users\/2"}],"replies":[{"embeddable":true,"href":"https:\/\/www.europesays.com\/no\/wp-json\/wp\/v2\/comments?post=102332"}],"version-history":[{"count":0,"href":"https:\/\/www.europesays.com\/no\/wp-json\/wp\/v2\/posts\/102332\/revisions"}],"wp:featuredmedia":[{"embeddable":true,"href":"https:\/\/www.europesays.com\/no\/wp-json\/wp\/v2\/media\/102333"}],"wp:attachment":[{"href":"https:\/\/www.europesays.com\/no\/wp-json\/wp\/v2\/media?parent=102332"}],"wp:term":[{"taxonomy":"category","embeddable":true,"href":"https:\/\/www.europesays.com\/no\/wp-json\/wp\/v2\/categories?post=102332"},{"taxonomy":"post_tag","embeddable":true,"href":"https:\/\/www.europesays.com\/no\/wp-json\/wp\/v2\/tags?post=102332"}],"curies":[{"name":"wp","href":"https:\/\/api.w.org\/{rel}","templated":true}]}}