{"id":102334,"date":"2025-12-02T15:50:10","date_gmt":"2025-12-02T15:50:10","guid":{"rendered":"https:\/\/www.europesays.com\/no\/102334\/"},"modified":"2025-12-02T15:50:10","modified_gmt":"2025-12-02T15:50:10","slug":"tog-innstilt-mellom-bryn-og-lillestrom","status":"publish","type":"post","link":"https:\/\/www.europesays.com\/no\/102334\/","title":{"rendered":"Tog innstilt mellom Bryn og Lillestr\u00f8m"},"content":{"rendered":"\n<p class=\"_lead_o9xde_2 _lead_xtcu6_50 layout-component text-serif-m layout-normal text-serif-l layout-component layout-wide layout-padded _wide_17hqh_1 layout-padded\">Et str\u00f8mbrudd har f\u00f8rt til at alle togene mellom Bryn og Lillestr\u00f8m er innstilt. <\/p>\n<ul aria-hidden=\"true\" class=\"_images_1uft6_111\">\n<li><a class=\"_link_1uft6_116\" href=\"https:\/\/www.vg.no\/forfatter\/eline-hauger\" style=\"z-index:1\" title=\"Eline Hauger\" rel=\"nofollow noopener\" target=\"_blank\"><img alt=\"Bilde av Eline Hauger\" class=\"_image_1uft6_93\" fetchpriority=\"low\" loading=\"lazy\" decoding=\"async\" itemprop=\"image\"  src=\"https:\/\/www.europesays.com\/no\/wp-content\/uploads\/2025\/12\/3dd290e1-4a44-4b56-a5ad-64fb323cd6ac\"  width=\"480\"\/><\/a><\/li>\n<\/ul>\n<p> Oppdatert tirsdag 2. desember kl. 16:36     <\/p>\n<p class=\"_paragraph_o9xde_4 _paragraph_xtcu6_10 layout-component text-serif-m layout-normal text-serif-m layout-padded\">\u2013 Det p\u00e5g\u00e5r arbeid med \u00e5 utbedre en feil p\u00e5 kontaktledningsanlegget, forteller Harry Korslund, presseansvarlig i Bane Nor til VG.<\/p>\n<p class=\"_paragraph_o9xde_4 _paragraph_xtcu6_10 layout-component text-serif-m layout-normal text-serif-m layout-padded\">Kontaktledningen knyttet til togene i det ene sporet skal ha brent av. Av sikkerhetsmessige \u00e5rsaker holdes linjen stengt i begge retninger.<\/p>\n<p class=\"_paragraph_o9xde_4 _paragraph_xtcu6_10 layout-component text-serif-m layout-normal text-serif-m layout-padded\">Hendelsen oppsto tirsdag ettermiddag mellom Bryn i Oslo og Lillestr\u00f8m.<\/p>\n<p class=\"_paragraph_o9xde_4 _paragraph_xtcu6_10 layout-component text-serif-m layout-normal text-serif-m layout-padded\">Det er varslet ny status klokken 19.00.<\/p>\n<p class=\"_paragraph_o9xde_4 _paragraph_xtcu6_10 layout-component text-serif-m layout-normal text-serif-m layout-padded\">\u2013 Det er ikke satt opp alternativ transport. For de ber\u00f8rte vil det v\u00e6re aktuelt \u00e5 benytte seg av Ruter sitt tilbud. <\/p>\n<p class=\"_paragraph_o9xde_4 _paragraph_xtcu6_10 layout-component text-serif-m layout-normal text-serif-m layout-padded\">Korslund opplyser om at innstillingen p\u00e5virker flere tusen togpassasjerer.<\/p>\n<p class=\"_paragraph_o9xde_4 _paragraph_xtcu6_10 layout-component text-serif-m layout-normal text-serif-m layout-padded\">\u2013 Bryn til Lillestr\u00f8m er en tett trafikkert strekning. Det dreier seg om veldig mange reisende dessverre.<\/p>\n<p class=\"_paragraph_o9xde_4 _paragraph_xtcu6_10 layout-component text-serif-m layout-normal text-serif-m layout-padded\">I en trafikkmelding p\u00e5 sine nettsider skriver Vy at man m\u00e5 regne med forsinkelser, og at noen tog kan bli innstilt.<\/p>\n<p class=\"_paragraph_o9xde_4 _paragraph_xtcu6_10 layout-component text-serif-m layout-normal text-serif-m layout-padded\">Bane Nor har ikke omtalt feilen selv p\u00e5 sine nettsider. Tidligere i \u00e5r besluttet de \u00e5 dele f\u00e6rre trafikkmeldinger: <\/p>\n<p class=\"_paragraph_o9xde_4 _paragraph_xtcu6_10 layout-component text-serif-m layout-normal layout-padded\"><strong class=\"_strong_o9xde_25\">Les ogs\u00e5:<\/strong> <a href=\"https:\/\/www.vg.no\/i\/gw5RMk\" data-track-element-type=\"Link\" data-track-id=\"link:gw5RMk\" class=\"_link_o9xde_39\" rel=\"nofollow noopener\" target=\"_blank\">Bane Nors nye hysj-plan <\/a><\/p>\n<p>    <img decoding=\"async\" alt=\"Tips oss illustrasjon\" src=\"https:\/\/www.europesays.com\/no\/wp-content\/uploads\/2025\/10\/pssst-small.webp.webp\"\/>    <\/p>\n<p class=\"title-serif-s\">Har du tips?<\/p>\n<p class=\"text-sans-m\">Send oss informasjon, bilder eller video.<\/p>\n<p>  <a href=\"https:\/\/www.vg.no\/tips-oss\" rel=\"nofollow noopener\" target=\"_blank\"> Tips oss <\/a>      <\/p>\n","protected":false},"excerpt":{"rendered":"Et str\u00f8mbrudd har f\u00f8rt til at alle togene mellom Bryn og Lillestr\u00f8m er innstilt. Oppdatert tirsdag 2. desember&hellip;\n","protected":false},"author":2,"featured_media":102335,"comment_status":"","ping_status":"","sticky":false,"template":"","format":"standard","meta":{"footnotes":""},"categories":[59],"tags":[31,30,28,29,83,82,1923],"class_list":{"0":"post-102334","1":"post","2":"type-post","3":"status-publish","4":"format-standard","5":"has-post-thumbnail","7":"category-sport","8":"tag-breaking","9":"tag-no","10":"tag-norge","11":"tag-norway","12":"tag-sport","13":"tag-sports","14":"tag-tog"},"share_on_mastodon":{"url":"https:\/\/pubeurope.com\/@no\/115650771482949823","error":""},"_links":{"self":[{"href":"https:\/\/www.europesays.com\/no\/wp-json\/wp\/v2\/posts\/102334","targetHints":{"allow":["GET"]}}],"collection":[{"href":"https:\/\/www.europesays.com\/no\/wp-json\/wp\/v2\/posts"}],"about":[{"href":"https:\/\/www.europesays.com\/no\/wp-json\/wp\/v2\/types\/post"}],"author":[{"embeddable":true,"href":"https:\/\/www.europesays.com\/no\/wp-json\/wp\/v2\/users\/2"}],"replies":[{"embeddable":true,"href":"https:\/\/www.europesays.com\/no\/wp-json\/wp\/v2\/comments?post=102334"}],"version-history":[{"count":0,"href":"https:\/\/www.europesays.com\/no\/wp-json\/wp\/v2\/posts\/102334\/revisions"}],"wp:featuredmedia":[{"embeddable":true,"href":"https:\/\/www.europesays.com\/no\/wp-json\/wp\/v2\/media\/102335"}],"wp:attachment":[{"href":"https:\/\/www.europesays.com\/no\/wp-json\/wp\/v2\/media?parent=102334"}],"wp:term":[{"taxonomy":"category","embeddable":true,"href":"https:\/\/www.europesays.com\/no\/wp-json\/wp\/v2\/categories?post=102334"},{"taxonomy":"post_tag","embeddable":true,"href":"https:\/\/www.europesays.com\/no\/wp-json\/wp\/v2\/tags?post=102334"}],"curies":[{"name":"wp","href":"https:\/\/api.w.org\/{rel}","templated":true}]}}