{"id":102336,"date":"2025-12-02T15:51:10","date_gmt":"2025-12-02T15:51:10","guid":{"rendered":"https:\/\/www.europesays.com\/no\/102336\/"},"modified":"2025-12-02T15:51:10","modified_gmt":"2025-12-02T15:51:10","slug":"scarlett-johansson-om-forste-date-med-jost-fikk-panikk","status":"publish","type":"post","link":"https:\/\/www.europesays.com\/no\/102336\/","title":{"rendered":"Scarlett Johansson om f\u00f8rste date med Jost: \u2013 Fikk panikk"},"content":{"rendered":"\n<p class=\"_lead_o9xde_2 _lead_xtcu6_50 layout-component text-serif-m layout-normal text-serif-l layout-component layout-wide layout-padded _wide_17hqh_1 layout-padded\">Filmstjernens f\u00f8rste date med Colin Jost kunne ha blitt den siste.<\/p>\n<p><img alt=\"STJERNEPAR: Colin Jost og Scarlett Johansson p\u00e5 en premiere i New York i september. Foto: Evan Agostini \/ AP \/ NTB\" class=\"_image_qp4xg_65 layout-component layout-wide\" data-fullscreen- data-track-element-type=\"Article image fullscreen\" data-track-name=\"ImageFullscreen\" fetchpriority=\"high\" decoding=\"sync\" loading=\"eager\" height=\"1855\" itemprop=\"image\"  src=\"https:\/\/www.europesays.com\/no\/wp-content\/uploads\/2025\/12\/08ae3273-9339-4d5c-af0d-bbbed706cf70\"  style=\"object-position:0% 0%\" width=\"2026\"\/>STJERNEPAR: Colin Jost og Scarlett Johansson p\u00e5 en premiere i New York i september. Foto: Evan Agostini \/ AP \/ NTB<\/p>\n<ul aria-hidden=\"true\" class=\"_images_1uft6_111\">\n<li><a class=\"_link_1uft6_116\" href=\"https:\/\/www.vg.no\/forfatter\/catherine-gonsholt-ighanian\" style=\"z-index:1\" title=\"Catherine Gonsholt Ighanian\" rel=\"nofollow noopener\" target=\"_blank\"><img alt=\"Bilde av Catherine Gonsholt Ighanian\" class=\"_image_1uft6_93\" fetchpriority=\"low\" loading=\"lazy\" decoding=\"async\" itemprop=\"image\"  src=\"https:\/\/www.europesays.com\/no\/wp-content\/uploads\/2025\/12\/1764690670_165_72dca32d-ee6f-474c-a50e-72a9bb49f38a\"  width=\"480\"\/><\/a><\/li>\n<\/ul>\n<p> Oppdatert tirsdag 2. desember kl. 15:53    <\/p>\n<ul class=\"_list_o9xde_3 _list_64s2r_85 _unordered_o9xde_106 text-sans-m\">\n<li class=\"_item_o9xde_30\">Johansson ble nemlig forvirret og fikk panikk da Jost foreslo \u00e5 m\u00f8te hans venner etter deres f\u00f8rste middagsdate.<\/li>\n<li class=\"_item_o9xde_30\">Til tross for en tr\u00f8blete start er paret n\u00e5 gift og har s\u00f8nnen Cosmo sammen.<\/li>\n<\/ul>\n<p>Vis mer <\/p>\n<p class=\"_paragraph_o9xde_4 _paragraph_xtcu6_10 layout-component text-serif-m layout-normal text-serif-m layout-padded\">S\u00e5nn ble det \u00e5penbart ikke, siden paret i dag er gift er gift p\u00e5 femte \u00e5ret.<\/p>\n<p class=\"_paragraph_o9xde_4 _paragraph_xtcu6_10 layout-component text-serif-m layout-normal text-serif-m layout-padded\">Men \u2013 det var alts\u00e5 ikke en selvf\u00f8lge at det skulle ende s\u00e5nn, betror Johansson (41) i TV-programmet \u00abToday with Jenna &amp; Friends\u00bb denne uken.<\/p>\n<p class=\"_paragraph_o9xde_4 _paragraph_xtcu6_10 layout-component text-serif-m layout-normal text-serif-m layout-padded\">Da \u00abSaturday Night Live\u00bb-komiker Colin Jost (43) i 2017 inviterte Johansson ut p\u00e5 date, ble hun fullstendig overrumplet.<\/p>\n<p class=\"_paragraph_o9xde_4 _paragraph_xtcu6_10 layout-component text-serif-m layout-normal text-serif-m layout-padded\">\u2013 Ingen hadde noensinne bedt meg ut p\u00e5 date f\u00f8r, forteller hun \u2013 og presiserer at hun alltid har v\u00e6rt en \u00abserie-monogamist\u00bb, alts\u00e5 bare holdt seg til \u00e9n partner om gangen.<\/p>\n<p class=\"_paragraph_o9xde_4 _paragraph_xtcu6_10 layout-component text-serif-m layout-normal text-serif-m layout-padded\">Det \u00e5 m\u00f8te menn for \u00ab\u00e5 ta en middag\u00bb, var hun helt ukjent med.<\/p>\n<p class=\"_paragraph_o9xde_4 _paragraph_xtcu6_10 layout-component text-serif-m layout-normal text-serif-m layout-padded\">Men hun sa ja, og de to hadde en fin middag p\u00e5 en italiensk restaurant. <\/p>\n<p class=\"_paragraph_o9xde_4 _paragraph_xtcu6_10 layout-component text-serif-m layout-normal text-serif-m layout-padded\">Da Jost etterp\u00e5 foreslo at hun skulle bli med videre og m\u00f8te hans venner for en drink, fikk romantikken imidlertid en br\u00e5stopp.<\/p>\n<p class=\"_paragraph_o9xde_4 _paragraph_xtcu6_10 layout-component text-serif-m layout-normal text-serif-m layout-padded\">\u2013 Jeg sa bare at jeg m\u00e5tte dra. Med \u00e9n gang, forteller hun.<\/p>\n<p><img alt=\"Scarlett Johansson og Colin Jost p\u00e5 Emmy Awards i september.  Foto: Jae C. Hong \/ AP \/ NTB\" class=\"_image_qp4xg_65 layout-component layout-normal\" data-fullscreen- data-track-element-type=\"Article image fullscreen\" data-track-name=\"ImageFullscreen\" decoding=\"async\" loading=\"lazy\" height=\"3548\" itemprop=\"image\"  src=\"https:\/\/www.europesays.com\/no\/wp-content\/uploads\/2025\/12\/3e6489b2-fae8-4ebc-b299-f0829e2165b5\"  style=\"object-position:0% 0%\" width=\"5322\"\/>Scarlett Johansson og Colin Jost p\u00e5 Emmy Awards i september.  Foto: Jae C. Hong \/ AP \/ NTB<\/p>\n<p class=\"_paragraph_o9xde_4 _paragraph_xtcu6_10 layout-component text-serif-m layout-normal text-serif-m layout-padded\">Johansson kom hjem klokken 21.36, og barnevakten skal ha blitt overrasket og spurt hvorfor hun returnerte s\u00e5 tidlig.<\/p>\n<p class=\"_paragraph_o9xde_4 _paragraph_xtcu6_10 layout-component text-serif-m layout-normal text-serif-m layout-padded\">\u2013 Jeg svarte bare: \u00abJeg vet ikke\u00bb. Jeg var helt forvirret og fikk panikk, betror skuespilleren, som har en datter fra et tidligere ekteskap.<\/p>\n<p class=\"_paragraph_o9xde_4 _paragraph_xtcu6_10 layout-component text-serif-m layout-normal text-serif-m layout-padded\">Jost p\u00e5 sin side, skal ha trodd at Johansson var totalt uinteressert i ytterligere bekjentskap, siden hun oppf\u00f8rte seg som hun gjorde.<\/p>\n<p class=\"_paragraph_o9xde_4 _paragraph_xtcu6_10 layout-component text-serif-m layout-normal text-serif-m layout-padded\">Paret m\u00f8ttes f\u00f8rste gang i 2006 da hun var programleder p\u00e5 \u00abSNL\u00bb, men det oppsto ikke s\u00f8t musikk da. Johansson b\u00e5de giftet seg og skilte seg to ganger etter den tid.<\/p>\n<p class=\"_paragraph_o9xde_4 _paragraph_xtcu6_10 layout-component text-serif-m layout-normal text-serif-m layout-padded\">F\u00f8rst 11 \u00e5r senere begynte Johansson og Jost \u00e5 date. De har s\u00f8nnen Cosmo sammen.<\/p>\n<p>Les ogs\u00e5<\/p>\n","protected":false},"excerpt":{"rendered":"Filmstjernens f\u00f8rste date med Colin Jost kunne ha blitt den siste. STJERNEPAR: Colin Jost og Scarlett Johansson p\u00e5&hellip;\n","protected":false},"author":2,"featured_media":102337,"comment_status":"","ping_status":"","sticky":false,"template":"","format":"standard","meta":{"footnotes":""},"categories":[58],"tags":[71,460,30,28,29,194,72],"class_list":{"0":"post-102336","1":"post","2":"type-post","3":"status-publish","4":"format-standard","5":"has-post-thumbnail","7":"category-underholdning","8":"tag-entertainment","9":"tag-film","10":"tag-no","11":"tag-norge","12":"tag-norway","13":"tag-scarlett-johansson","14":"tag-underholdning"},"share_on_mastodon":{"url":"https:\/\/pubeurope.com\/@no\/115650775228933062","error":""},"_links":{"self":[{"href":"https:\/\/www.europesays.com\/no\/wp-json\/wp\/v2\/posts\/102336","targetHints":{"allow":["GET"]}}],"collection":[{"href":"https:\/\/www.europesays.com\/no\/wp-json\/wp\/v2\/posts"}],"about":[{"href":"https:\/\/www.europesays.com\/no\/wp-json\/wp\/v2\/types\/post"}],"author":[{"embeddable":true,"href":"https:\/\/www.europesays.com\/no\/wp-json\/wp\/v2\/users\/2"}],"replies":[{"embeddable":true,"href":"https:\/\/www.europesays.com\/no\/wp-json\/wp\/v2\/comments?post=102336"}],"version-history":[{"count":0,"href":"https:\/\/www.europesays.com\/no\/wp-json\/wp\/v2\/posts\/102336\/revisions"}],"wp:featuredmedia":[{"embeddable":true,"href":"https:\/\/www.europesays.com\/no\/wp-json\/wp\/v2\/media\/102337"}],"wp:attachment":[{"href":"https:\/\/www.europesays.com\/no\/wp-json\/wp\/v2\/media?parent=102336"}],"wp:term":[{"taxonomy":"category","embeddable":true,"href":"https:\/\/www.europesays.com\/no\/wp-json\/wp\/v2\/categories?post=102336"},{"taxonomy":"post_tag","embeddable":true,"href":"https:\/\/www.europesays.com\/no\/wp-json\/wp\/v2\/tags?post=102336"}],"curies":[{"name":"wp","href":"https:\/\/api.w.org\/{rel}","templated":true}]}}