{"id":102338,"date":"2025-12-02T15:54:13","date_gmt":"2025-12-02T15:54:13","guid":{"rendered":"https:\/\/www.europesays.com\/no\/102338\/"},"modified":"2025-12-02T15:54:13","modified_gmt":"2025-12-02T15:54:13","slug":"tatt-grep-etter-trump-advarsel","status":"publish","type":"post","link":"https:\/\/www.europesays.com\/no\/102338\/","title":{"rendered":"Tatt grep etter Trump-advarsel"},"content":{"rendered":"<p class=\"kicker \" style=\"\">Venezuela<\/p>\n<p>  F\u00e5 dager etter at Donald Trump erkl\u00e6rte Venezuelas luftrom for stengt, viser bilder at det bare er noen f\u00e5 fly over landet.<\/p>\n<p>\n    STILLE: Tirsdag formiddag er det uvanlig stille over Venezuelas luftrom. Det skjer etter Trumps beskjed. Skjermdump: Flightradar24\n  <\/p>\n<p>Tirsdag formiddag kunne man p\u00e5 fly-tracking-tjenesten Flightradar24 konstatere en uvanlig stillhet i Venezuelas luftrom. <\/p>\n<p>Knapt et eneste milit\u00e6rt eller kommersielt fly var synlig over landets indre. Samtidig kunne man observere en rekke fly som fl\u00f8y over nabolandene Colombia, Brasil og Guyana. <\/p>\n<p>    <a itemprop=\"url\" href=\"https:\/\/www.dagbladet.no\/nyheter\/bekrefter-maduro-samtale-forlat-landet-na\/83920816\" rel=\"nofollow noopener\" target=\"_blank\"><\/p>\n<p>      <img loading=\"lazy\" decoding=\"async\" src=\"https:\/\/www.europesays.com\/no\/wp-content\/uploads\/2025\/12\/1764690851_739_83920829.webp\" width=\"980\" height=\"441\" title=\"Bekrefter Maduro-samtale: - Forlat landet n\u00e5\" alt=\"\" class=\"lazyload\" style=\"--aspect-ratio-image: 2.22; \"\/><\/p>\n<p>        Bekrefter Maduro-samtale: &#8211; Forlat landet n\u00e5<\/p>\n<p>    <\/a><\/p>\n<p>Men over Venezuela var det f\u00e5 fly i lufta.<\/p>\n<p>Dette etter at situasjonen mellom USAs president Donald Trump og Venezuelas president Nicol\u00e1s Maduro har tilspisset seg. <\/p>\n<p class=\"font-weight-bold m-font-weight-bold\" data-lab-font_weight=\"font-weight-bold\">Tirsdag ettermiddag frar\u00e5der ogs\u00e5 den norske utenriksdepartementet (UD) nordmenn \u00e5 reise til Venezuela.\u00a0<\/p>\n<p>&#8211; Vi har i dag skjerpet v\u00e5r reiseadvarsel til Venezuela. Dette har vi gjort fordi sikkerhetssituasjonen i Venezuela er uforutsigbar. Transport- og kommunikasjonslinjer inn og ut av landet er p\u00e5virket, og flere flyselskaper har kansellert sine flygninger. Dette kan inneb\u00e6re at muligheten til \u00e5 forlate Venezuela kan bli sv\u00e6rt begrenset eller forsvinne helt p\u00e5 kort varsel. Ambassaden i Colombia, Bogota har i denne situasjonen begrensede muligheter til \u00e5 yte konsul\u00e6r bistand til norske borgere i Venezuela. Derfor frar\u00e5des n\u00e5 alle reiser til landet, skriver UD i en e-post til Dagbladet.<\/p>\n<p>Det var den danske avisa\u00a0<a href=\"https:\/\/www.bt.dk\/udland\/efter-trump-advarsel-billedet-siger-det-hele\" rel=\"nofollow noopener\" target=\"_blank\">B.T.<\/a>\u00a0som f\u00f8rst omtalte saken.<\/p>\n<p>Ba presidenten forlate landet\t<\/p>\n<p>Spenningen mellom USA og Venezuela n\u00e5dde nye h\u00f8yder 21. november, da presidentene Trump og Maduro hadde en telefonsamtale etter flere m\u00e5neder med h\u00f8yintensiv diplomatisk konflikt. <\/p>\n<p>USA anklager Venezuela for \u00e5 st\u00e5 bak en omfattende narkosmugling til USA, utf\u00f8rt via b\u00e5ter som opererer i det karibiske hav.\u00a0<\/p>\n<p>Dette blir brukt som grunnlag for Trumps uttalelser om at USA har rett til \u00e5 bombe og skyte ned b\u00e5ter utenfor Venezuelas kyst. <\/p>\n<p>          <img loading=\"lazy\" decoding=\"async\" src=\"https:\/\/www.europesays.com\/no\/wp-content\/uploads\/2025\/12\/83926663.webp\" width=\"686\" height=\"378\" title=\"KLAR BESKJED: Etter at Trump beordret luftrommet som stengt over Venezuela er det ingen fly \u00e5 finne over det latinamerikanske landet. Foto: Brendan Samialowski and Federico Parra\/ AFP\/NTB\" alt=\"\" class=\"\" style=\"--aspect-ratio-image: 1.81; \"\/><\/p>\n<p>\n          KLAR BESKJED: Etter at Trump beordret luftrommet som stengt over Venezuela er det ingen fly \u00e5 finne over det latinamerikanske landet. Foto: Brendan Samialowski and Federico Parra\/ AFP\/NTB\n      <\/p>\n<p>Sp\u00f8rsm\u00e5l har imidlertid blitt stilt ved lovligheten av disse angrepene, som flere internasjonale eksperter mener kan bryte med internasjonale lover. <\/p>\n<p>Samtidig har USA styrket sin milit\u00e6re tilstedev\u00e6relse i Karibia, med b\u00e5de tropper og marinefart\u00f8y som er blitt flyttet til regionen. <\/p>\n<p>I samtalen 21. november ga Trump Maduro en frist til fredag 28. november for \u00e5 forlate landet. Trump truet med konsekvenser dersom Maduro ikke overholdt fristen. Maduro har imidlertid ikke etterkommet dette kravet.<\/p>\n<p>    <a itemprop=\"url\" href=\"https:\/\/www.dagbladet.no\/nyheter\/trump-anse-venezuelas-luftrom-som-stengt\/83918128\" rel=\"nofollow noopener\" target=\"_blank\"><\/p>\n<p>      <img loading=\"lazy\" decoding=\"async\" src=\"https:\/\/www.europesays.com\/no\/wp-content\/uploads\/2025\/12\/1764690852_996_83915988.webp\" width=\"147\" height=\"98\" title=\"Trump: Anse Venezuelas luftrom som stengt\" alt=\"\" class=\"lazyload\" style=\"--aspect-ratio-image: 1.50; \"\/><\/p>\n<p>        Trump: Anse Venezuelas luftrom som stengt<\/p>\n<p>    <\/a><\/p>\n<p>&#8211; USA pr\u00f8ver \u00e5 ta kontroll\t<\/p>\n<p>Som en reaksjon p\u00e5 Maduros manglende etterlevelse av fristen, gikk Trump nylig ut p\u00e5 sin sosiale medieplattform TruthSocial og erkl\u00e6rte at Venezuelas luftrom n\u00e5 skulle anses som stengt. <\/p>\n<p>Situasjonen i Flightradar tyder alts\u00e5 p\u00e5 at Trumps erkl\u00e6ring kan ha f\u00e5tt praktiske f\u00f8lger. <\/p>\n<p>USA anerkjenner ikke Maduro som Venezuelas rettmessige president. I likhet med EU og en rekke andre land har USA stilt sp\u00f8rsm\u00e5l ved det offisielle resultatet fra fjor\u00e5rets presidentvalg i Venezuela. <\/p>\n<p>    <a itemprop=\"url\" href=\"https:\/\/www.dagbladet.no\/nyheter\/var-i-sin-fulle-rett\/83923897\" rel=\"nofollow noopener\" target=\"_blank\"><\/p>\n<p>      <img loading=\"lazy\" decoding=\"async\" src=\"https:\/\/www.europesays.com\/no\/wp-content\/uploads\/2025\/12\/1764690853_274_83923917.webp\" width=\"147\" height=\"98\" title=\"- Var i sin fulle rett\" alt=\"\" class=\"lazyload\" style=\"--aspect-ratio-image: 1.50; \"\/><\/p>\n<p>        &#8211; Var i sin fulle rett<\/p>\n<p>    <\/a><\/p>\n<p>Videre anklager USA Maduro for \u00e5 lede det som de omtaler som \u00abSol-kartellet\u00bb, en kriminell organisasjon knyttet til narkotikasmugling og korrupsjon i Venezuela. USA har ogs\u00e5 utlovet en dus\u00f8r p\u00e5 50 millioner dollar for den venezuelanske presidentens p\u00e5gripelse. <\/p>\n<p>Flere eksperter har imidlertid p\u00e5pekt at \u00abSol-kartellet\u00bb ikke n\u00f8dvendigvis er en konkret organisasjon, men snarere et begrep som refererer til den omfattende korrupsjonen og de tette b\u00e5ndene mellom h\u00f8ytst\u00e5ende venezuelanske tjenestemenn og kriminelle grupper. <\/p>\n<p>Maduro p\u00e5 sin side hevder at USA i realiteten har som m\u00e5l \u00e5 \u00abta kontroll over Venezuelas enorme oljereserver, de st\u00f8rste p\u00e5 planeten, ved hjelp av d\u00f8delig milit\u00e6rmakt\u00bb. Han mener at angrepene og den \u00f8kende spenningen bare er et skalkeskjul for \u00e5 sikre seg kontroll over landets naturressurser. <\/p>\n","protected":false},"excerpt":{"rendered":"Venezuela F\u00e5 dager etter at Donald Trump erkl\u00e6rte Venezuelas luftrom for stengt, viser bilder at det bare er&hellip;\n","protected":false},"author":2,"featured_media":102339,"comment_status":"","ping_status":"","sticky":false,"template":"","format":"standard","meta":{"footnotes":""},"categories":[12],"tags":[20,21,24,25,15,22,23,13,30,28,29,14,16,26,27,50,412,95,42,43,44,45],"class_list":{"0":"post-102338","1":"post","2":"type-post","3":"status-publish","4":"format-standard","5":"has-post-thumbnail","7":"category-verden","8":"tag-breaking-news","9":"tag-breakingnews","10":"tag-featured-news","11":"tag-featurednews","12":"tag-headlines","13":"tag-latest-news","14":"tag-latestnews","15":"tag-news","16":"tag-no","17":"tag-norge","18":"tag-norway","19":"tag-nyheter","20":"tag-overskrifter","21":"tag-top-stories","22":"tag-topstories","23":"tag-usa","24":"tag-utenriks","25":"tag-venezuela","26":"tag-verden","27":"tag-world","28":"tag-world-news","29":"tag-worldnews"},"share_on_mastodon":{"url":"https:\/\/pubeurope.com\/@no\/115650787289256312","error":""},"_links":{"self":[{"href":"https:\/\/www.europesays.com\/no\/wp-json\/wp\/v2\/posts\/102338","targetHints":{"allow":["GET"]}}],"collection":[{"href":"https:\/\/www.europesays.com\/no\/wp-json\/wp\/v2\/posts"}],"about":[{"href":"https:\/\/www.europesays.com\/no\/wp-json\/wp\/v2\/types\/post"}],"author":[{"embeddable":true,"href":"https:\/\/www.europesays.com\/no\/wp-json\/wp\/v2\/users\/2"}],"replies":[{"embeddable":true,"href":"https:\/\/www.europesays.com\/no\/wp-json\/wp\/v2\/comments?post=102338"}],"version-history":[{"count":0,"href":"https:\/\/www.europesays.com\/no\/wp-json\/wp\/v2\/posts\/102338\/revisions"}],"wp:featuredmedia":[{"embeddable":true,"href":"https:\/\/www.europesays.com\/no\/wp-json\/wp\/v2\/media\/102339"}],"wp:attachment":[{"href":"https:\/\/www.europesays.com\/no\/wp-json\/wp\/v2\/media?parent=102338"}],"wp:term":[{"taxonomy":"category","embeddable":true,"href":"https:\/\/www.europesays.com\/no\/wp-json\/wp\/v2\/categories?post=102338"},{"taxonomy":"post_tag","embeddable":true,"href":"https:\/\/www.europesays.com\/no\/wp-json\/wp\/v2\/tags?post=102338"}],"curies":[{"name":"wp","href":"https:\/\/api.w.org\/{rel}","templated":true}]}}