{"id":10234,"date":"2025-08-17T06:55:21","date_gmt":"2025-08-17T06:55:21","guid":{"rendered":"https:\/\/www.europesays.com\/no\/10234\/"},"modified":"2025-08-17T06:55:21","modified_gmt":"2025-08-17T06:55:21","slug":"politi-beruset-bortviste-mann-fra-harstad-sentrum-forsokte-a-ga-inn-i-feil-bolig","status":"publish","type":"post","link":"https:\/\/www.europesays.com\/no\/10234\/","title":{"rendered":"Politi, Beruset | Bortviste mann fra Harstad sentrum \u2013 fors\u00f8kte \u00e5 g\u00e5 inn i feil bolig"},"content":{"rendered":"\n<p>Natt til l\u00f8rdag bortviste politiet en beruset mann fra Harstad sentrum. Vedkommende hadde fors\u00f8kt \u00e5 ta seg inn p\u00e5 en adresse og skremte de som bodde p\u00e5 stedet. <\/p>\n<p>\u2013 Det viste seg at han hadde rett og slett g\u00e5tt til feil adresse, skrives det i politiloggen klokken 03:31.<\/p>\n<p>I en oppdatering minutter senere melder politiet at han returnerte til byen, og ble anmeldt for brudd p\u00e5 politiets p\u00e5legg.<\/p>\n<p>Kranglet<\/p>\n<p>Politiet har natt til l\u00f8rdag bortvist en beruset mann i 20-\u00e5rene fra et utested i Troms\u00f8 sentrum. Han ble nektet inngang av vektere siden han tidligere p\u00e5 kvelden hadde v\u00e6rt kranglete. <\/p>\n<p>\u2013 Han nektet \u00e5 forlate stedet. Ingen videre oppf\u00f8lgning fra politiets side, skrives det i politiloggen.<\/p>\n<p>Mannen kom derimot tilbake til utestedet, og politiet anmeldte mannen for brudd p\u00e5 politiets p\u00e5legg.<\/p>\n<p>Var avregistrert<\/p>\n<p>Politiet anmeldte en mann i 20 \u00e5rene for rusp\u00e5virket kj\u00f8ring og kj\u00f8ring uten gyldige kjennemerker i Troms\u00f8 natt til l\u00f8rdag. Mannen ble stoppet i Tromsdalen. Det viste seg at bilen var avregistrert. <\/p>\n<p>\u2013 Mannen blir fremstilt for legevakt for bevissikring. Politiet har tatt beslag i f\u00f8rerkort og avskiltet bilen, skrives det i politiloggen.<\/p>\n<p>      Truet med kniv<\/p>\n<p>Politiet meldte i natt at de har p\u00e5grepet en mann i 20-\u00e5rene i Troms\u00f8. Mannen truet en annen person med kniv, knust frontrute og skadet en d\u00f8r p\u00e5 en bil. <\/p>\n<p>\u2013 Ingen personer ble skadet. Politiet har startet etterforsking og tar avh\u00f8r av flere personer, skrives det i politiloggen.<\/p>\n<p>Les mer om: artikkelemnene<\/p>\n","protected":false},"excerpt":{"rendered":"Natt til l\u00f8rdag bortviste politiet en beruset mann fra Harstad sentrum. Vedkommende hadde fors\u00f8kt \u00e5 ta seg inn&hellip;\n","protected":false},"author":2,"featured_media":10235,"comment_status":"","ping_status":"","sticky":false,"template":"","format":"standard","meta":{"footnotes":""},"categories":[10],"tags":[2137,36,2135,2136,20,21,24,25,15,22,23,13,30,28,29,14,16,254,1510,26,27],"class_list":{"0":"post-10234","1":"post","2":"type-post","3":"status-publish","4":"format-standard","5":"has-post-thumbnail","7":"category-norge","8":"tag-anmeldt","9":"tag-art","10":"tag-beruset","11":"tag-bortvist","12":"tag-breaking-news","13":"tag-breakingnews","14":"tag-featured-news","15":"tag-featurednews","16":"tag-headlines","17":"tag-latest-news","18":"tag-latestnews","19":"tag-news","20":"tag-no","21":"tag-norge","22":"tag-norway","23":"tag-nyheter","24":"tag-overskrifter","25":"tag-politi","26":"tag-story","27":"tag-top-stories","28":"tag-topstories"},"share_on_mastodon":{"url":"","error":""},"_links":{"self":[{"href":"https:\/\/www.europesays.com\/no\/wp-json\/wp\/v2\/posts\/10234","targetHints":{"allow":["GET"]}}],"collection":[{"href":"https:\/\/www.europesays.com\/no\/wp-json\/wp\/v2\/posts"}],"about":[{"href":"https:\/\/www.europesays.com\/no\/wp-json\/wp\/v2\/types\/post"}],"author":[{"embeddable":true,"href":"https:\/\/www.europesays.com\/no\/wp-json\/wp\/v2\/users\/2"}],"replies":[{"embeddable":true,"href":"https:\/\/www.europesays.com\/no\/wp-json\/wp\/v2\/comments?post=10234"}],"version-history":[{"count":0,"href":"https:\/\/www.europesays.com\/no\/wp-json\/wp\/v2\/posts\/10234\/revisions"}],"wp:featuredmedia":[{"embeddable":true,"href":"https:\/\/www.europesays.com\/no\/wp-json\/wp\/v2\/media\/10235"}],"wp:attachment":[{"href":"https:\/\/www.europesays.com\/no\/wp-json\/wp\/v2\/media?parent=10234"}],"wp:term":[{"taxonomy":"category","embeddable":true,"href":"https:\/\/www.europesays.com\/no\/wp-json\/wp\/v2\/categories?post=10234"},{"taxonomy":"post_tag","embeddable":true,"href":"https:\/\/www.europesays.com\/no\/wp-json\/wp\/v2\/tags?post=10234"}],"curies":[{"name":"wp","href":"https:\/\/api.w.org\/{rel}","templated":true}]}}