{"id":102340,"date":"2025-12-02T15:55:12","date_gmt":"2025-12-02T15:55:12","guid":{"rendered":"https:\/\/www.europesays.com\/no\/102340\/"},"modified":"2025-12-02T15:55:12","modified_gmt":"2025-12-02T15:55:12","slug":"fortsetter-soket-etter-oliver-23-i-polen","status":"publish","type":"post","link":"https:\/\/www.europesays.com\/no\/102340\/","title":{"rendered":"Fortsetter s\u00f8ket etter Oliver (23) i Polen"},"content":{"rendered":"\n<p class=\"_lead_o9xde_2 _lead_xtcu6_50 layout-component text-serif-m layout-normal text-serif-l layout-component layout-wide layout-padded _wide_17hqh_1 layout-padded\">Han ble sist sett utenfor et utested. Polsk politi tror 23-\u00e5ringen kan ha druknet. <\/p>\n<p><img alt=\" Foto: Privat \/ Privat\" class=\"_image_qp4xg_65 layout-component layout-wide\" data-fullscreen- data-track-element-type=\"Article image fullscreen\" data-track-name=\"ImageFullscreen\" fetchpriority=\"high\" decoding=\"sync\" loading=\"eager\" height=\"1473\" itemprop=\"image\"  src=\"https:\/\/www.europesays.com\/no\/wp-content\/uploads\/2025\/12\/a8a0a801-b75c-4bb2-8a0e-24c18d2eeff2\"  style=\"object-position:0% 0%\" width=\"1120\"\/> Foto: Privat \/ Privat<\/p>\n<ul aria-hidden=\"true\" class=\"_images_1uft6_111\">\n<li><a class=\"_link_1uft6_116\" href=\"https:\/\/www.vg.no\/forfatter\/mathilde-nordskog-sigurdsen\" style=\"z-index:2\" title=\"Mathilde Nordskog Sigurdsen\" rel=\"nofollow noopener\" target=\"_blank\"><img alt=\"Bilde av Mathilde Nordskog Sigurdsen\" class=\"_image_1uft6_93\" fetchpriority=\"low\" loading=\"lazy\" decoding=\"async\" itemprop=\"image\"  src=\"https:\/\/www.europesays.com\/no\/wp-content\/uploads\/2025\/12\/89b99694-aca3-47bb-b73d-a89f79e701be\"  width=\"480\"\/><\/a><\/li>\n<li><a class=\"_link_1uft6_116\" href=\"https:\/\/www.vg.no\/forfatter\/hedda-kurseth\" style=\"z-index:1\" title=\"Hedda Kurseth\" rel=\"nofollow noopener\" target=\"_blank\"><img alt=\"Bilde av Hedda Kurseth\" class=\"_image_1uft6_93\" fetchpriority=\"low\" loading=\"lazy\" decoding=\"async\" itemprop=\"image\"  src=\"https:\/\/www.europesays.com\/no\/wp-content\/uploads\/2025\/12\/1764690910_234_b6ad06ce-2f4e-4492-9dd9-7cfbdae81f6d\"  width=\"480\"\/><\/a><\/li>\n<\/ul>\n<p> Oppdatert tirsdag 2. desember kl. 15:14     <\/p>\n<p class=\"_paragraph_o9xde_4 _paragraph_xtcu6_10 layout-component text-serif-m layout-normal text-serif-m layout-padded\">Polsk politi har sikret videoverv\u00e5king utenfor utestedet i <a href=\"https:\/\/www.vg.no\/tag\/warszawa?utm_source=vg-article&amp;utm_medium=auto-tagger&amp;utm_campaign=M7wO15\" class=\"_link_o9xde_39\" rel=\"nofollow noopener\" target=\"_blank\">Warszawa<\/a> der Oliver (23) sist ble observert natt til l\u00f8rdag 22. november. <\/p>\n<p class=\"_paragraph_o9xde_4 _paragraph_xtcu6_10 layout-component text-serif-m layout-normal text-serif-m layout-padded\">Det opplyser Vest politidistrikt i en pressemelding. <\/p>\n<p class=\"_paragraph_o9xde_4 _paragraph_xtcu6_10 layout-component text-serif-m layout-normal text-serif-m layout-padded\">\u2013 Den savnede var p\u00e5 klubben til omtrent klokken 04.18 og var i n\u00e6rheten av klubben til ca. 04.35. Han gikk da langs bygningen. Deretter har han g\u00e5tt inn i et omr\u00e5de uten kameraoverv\u00e5kning.<\/p>\n<p class=\"_paragraph_o9xde_4 _paragraph_xtcu6_10 layout-component text-serif-m layout-normal text-serif-m layout-padded\">Politiet har brukt s\u00f8kshunder for \u00e5 lokalisere savnede. <\/p>\n<p class=\"_paragraph_o9xde_4 _paragraph_xtcu6_10 layout-component text-serif-m layout-normal layout-padded\"><strong class=\"_strong_o9xde_25\">Les ogs\u00e5:<\/strong> <a href=\"https:\/\/www.vg.no\/i\/XMl4BB\" data-track-element-type=\"Link\" data-track-id=\"link:XMl4BB\" class=\"_link_o9xde_39\" rel=\"nofollow noopener\" target=\"_blank\">Politiet etterforsker: Norske Oliver (23) er savnet i Polen<\/a><\/p>\n<p class=\"_paragraph_o9xde_4 _paragraph_xtcu6_10 layout-component text-serif-m layout-normal text-serif-m layout-padded\">\u2013 Hundene har fulgt et spor til elven Wisla. L\u00f8rdag 22. november ca. kl. 06.00 mottok politiet et n\u00f8danrop om en person som sv\u00f8mte i elven Wisla, skriver de. <\/p>\n<p>Leteaksjonen fortsetter<\/p>\n<p class=\"_paragraph_o9xde_4 _paragraph_xtcu6_10 layout-component text-serif-m layout-normal text-serif-m layout-padded\">Vitner har forklart at de s\u00e5 en person sove p\u00e5 en benk i n\u00e6rheten av elven. Deretter har de h\u00f8rt et plask og s\u00e5 en person sv\u00f8mme. <\/p>\n<p class=\"_paragraph_o9xde_4 _paragraph_xtcu6_10 layout-component text-serif-m layout-normal text-serif-m layout-padded\">\u2013 Vitnene har beskrevet at personen hadde p\u00e5 seg svart jakke med lyst for, lyse bukser og Adidas-sko. Denne beskrivelsen stemmer med beskrivelsen av kl\u00e6rne den savnede skal ha hatt p\u00e5 seg og kl\u00e6rne personen ved utestedet hadde p\u00e5 seg, st\u00e5r det i pressemeldingen. <\/p>\n<p>Aktiver kart<\/p>\n<p class=\"_paragraph_o9xde_4 _paragraph_xtcu6_10 layout-component text-serif-m layout-normal text-serif-m layout-padded\">Dette har videooverv\u00e5kning fra stedet bekreftet. <\/p>\n<p class=\"_paragraph_o9xde_4 _paragraph_xtcu6_10 layout-component text-serif-m layout-normal text-serif-m layout-padded\">\u2013 Polsk politi knytter informasjonen sammen, og det kan se ut som at savnende gikk ut i elven Wisla og druknet, skriver politiet. <\/p>\n<p class=\"_paragraph_o9xde_4 _paragraph_xtcu6_10 layout-component text-serif-m layout-normal text-serif-m layout-padded\">Politioverbetjent Oda Elveg\u00e5rd Thorstad ved Sunnfjord politistasjon opplyser til VG at leteaksjonen fortsetter i\u00a0Warszawa.<\/p>\n<p>    <img decoding=\"async\" alt=\"Tips oss illustrasjon\" src=\"https:\/\/www.europesays.com\/no\/wp-content\/uploads\/2025\/10\/pssst-small.webp.webp\"\/>    <\/p>\n<p class=\"title-serif-s\">Har du tips?<\/p>\n<p class=\"text-sans-m\">Send oss informasjon, bilder eller video.<\/p>\n<p>  <a href=\"https:\/\/www.vg.no\/tips-oss\" rel=\"nofollow noopener\" target=\"_blank\"> Tips oss <\/a>      <\/p>\n","protected":false},"excerpt":{"rendered":"Han ble sist sett utenfor et utested. Polsk politi tror 23-\u00e5ringen kan ha druknet. Foto: Privat \/ Privat&hellip;\n","protected":false},"author":2,"featured_media":102341,"comment_status":"","ping_status":"","sticky":false,"template":"","format":"standard","meta":{"footnotes":""},"categories":[10],"tags":[31,20,21,24,25,15,22,23,13,30,28,29,14,16,26,27,12439],"class_list":{"0":"post-102340","1":"post","2":"type-post","3":"status-publish","4":"format-standard","5":"has-post-thumbnail","7":"category-norge","8":"tag-breaking","9":"tag-breaking-news","10":"tag-breakingnews","11":"tag-featured-news","12":"tag-featurednews","13":"tag-headlines","14":"tag-latest-news","15":"tag-latestnews","16":"tag-news","17":"tag-no","18":"tag-norge","19":"tag-norway","20":"tag-nyheter","21":"tag-overskrifter","22":"tag-top-stories","23":"tag-topstories","24":"tag-warszawa"},"share_on_mastodon":{"url":"https:\/\/pubeurope.com\/@no\/115650791179156798","error":""},"_links":{"self":[{"href":"https:\/\/www.europesays.com\/no\/wp-json\/wp\/v2\/posts\/102340","targetHints":{"allow":["GET"]}}],"collection":[{"href":"https:\/\/www.europesays.com\/no\/wp-json\/wp\/v2\/posts"}],"about":[{"href":"https:\/\/www.europesays.com\/no\/wp-json\/wp\/v2\/types\/post"}],"author":[{"embeddable":true,"href":"https:\/\/www.europesays.com\/no\/wp-json\/wp\/v2\/users\/2"}],"replies":[{"embeddable":true,"href":"https:\/\/www.europesays.com\/no\/wp-json\/wp\/v2\/comments?post=102340"}],"version-history":[{"count":0,"href":"https:\/\/www.europesays.com\/no\/wp-json\/wp\/v2\/posts\/102340\/revisions"}],"wp:featuredmedia":[{"embeddable":true,"href":"https:\/\/www.europesays.com\/no\/wp-json\/wp\/v2\/media\/102341"}],"wp:attachment":[{"href":"https:\/\/www.europesays.com\/no\/wp-json\/wp\/v2\/media?parent=102340"}],"wp:term":[{"taxonomy":"category","embeddable":true,"href":"https:\/\/www.europesays.com\/no\/wp-json\/wp\/v2\/categories?post=102340"},{"taxonomy":"post_tag","embeddable":true,"href":"https:\/\/www.europesays.com\/no\/wp-json\/wp\/v2\/tags?post=102340"}],"curies":[{"name":"wp","href":"https:\/\/api.w.org\/{rel}","templated":true}]}}